{"id":19048,"date":"2022-01-10T19:06:21","date_gmt":"2022-01-11T01:06:21","guid":{"rendered":"http:\/\/losperiodistas.com.mx\/portal\/?p=19048"},"modified":"2022-01-10T19:06:23","modified_gmt":"2022-01-11T01:06:23","slug":"cancelan-287-vuelos-en-el-aicm-por-covid-el-financiero","status":"publish","type":"post","link":"https:\/\/losperiodistas.com.mx\/portal\/cancelan-287-vuelos-en-el-aicm-por-covid-el-financiero\/","title":{"rendered":"Cancelan 287 vuelos en el AICM por COVID | El Financiero"},"content":{"rendered":"\n<p style=\"font-size:18px\"><em>La mayor\u00eda de las cancelaciones entre el 5 y 9 de enero son de Aerom\u00e9xico; la aerol\u00ednea tiene 79 pilotos contagiados.<\/em><\/p>\n\n\n\n<figure class=\"wp-block-image size-large\"><img fetchpriority=\"high\" decoding=\"async\" width=\"1024\" height=\"683\" src=\"https:\/\/losperiodistas.com.mx\/portal\/wp-content\/uploads\/2022\/01\/Captura-de-Pantalla-2022-01-10-a-las-19.03.17-1024x683.jpg\" alt=\"\" class=\"wp-image-19049\" srcset=\"https:\/\/losperiodistas.com.mx\/portal\/wp-content\/uploads\/2022\/01\/Captura-de-Pantalla-2022-01-10-a-las-19.03.17-1024x683.jpg 1024w, https:\/\/losperiodistas.com.mx\/portal\/wp-content\/uploads\/2022\/01\/Captura-de-Pantalla-2022-01-10-a-las-19.03.17-300x200.jpg 300w, https:\/\/losperiodistas.com.mx\/portal\/wp-content\/uploads\/2022\/01\/Captura-de-Pantalla-2022-01-10-a-las-19.03.17-768x512.jpg 768w, https:\/\/losperiodistas.com.mx\/portal\/wp-content\/uploads\/2022\/01\/Captura-de-Pantalla-2022-01-10-a-las-19.03.17-1536x1025.jpg 1536w, https:\/\/losperiodistas.com.mx\/portal\/wp-content\/uploads\/2022\/01\/Captura-de-Pantalla-2022-01-10-a-las-19.03.17.jpg 1640w\" sizes=\"(max-width: 1024px) 100vw, 1024px\" \/><figcaption>La Asociaci\u00f3n Sindical de Pilotos Aviadores no descarta m\u00e1s vuelos cancelados por el COVID-19.\u00a0(Cuartoscuro)<\/figcaption><\/figure>\n\n\n\n<p><\/p>\n\n\n\n<p class=\"has-vivid-cyan-blue-color has-text-color has-medium-font-size\">ALDO MUNGU\u00cdA \/ EL FINANCIERO<\/p>\n\n\n\n<p>El Aeropuerto Internacional de la Ciudad de M\u00e9xico (AICM) registr\u00f3 la cancelaci\u00f3n de 287 vuelos entre el 5 y el 9 de enero, principalmente por el contagio de COVID-19 en tripulaciones de Aerom\u00e9xico, la empresa m\u00e1s afectada por la escalada de casos.<\/p>\n\n\n\n<p>Seg\u00fan el aeropuerto capitalino, el \u2018Caballero \u00c1guila\u2019 cancel\u00f3 en ese periodo 262 vuelos. Adem\u00e1s, la Asociaci\u00f3n Sindical de Pilotos Aviadores (ASPA) indic\u00f3 que hay 79 pilotos de la empresa contagiados, una cifra que podr\u00eda aumentar y afectar m\u00e1s vuelos.<\/p>\n\n\n\n<p>Volaris, en tanto, llam\u00f3 a las tripulaciones que ten\u00edan programadas sus vacaciones para enero a reprogramarlas debido al aumento de contagios entre sus pilotos y sobrecargos, a fin de evitar la cancelaci\u00f3n de viajes por falta de colaboradores para operar los vuelos.<\/p>\n\n\n\n<p><a href=\"https:\/\/www.elfinanciero.com.mx\/empresas\/2022\/01\/09\/mas-de-200-vuelos-en-el-aicm-son-cancelados-en-tres-dias-por-covid-19-sumario\/\"><\/a><a href=\"https:\/\/www.elfinanciero.com.mx\/empresas\/2022\/01\/09\/mas-de-200-vuelos-en-el-aicm-son-cancelados-en-tres-dias-por-covid-19-sumario\/\">M\u00e1s de 200 vuelos en el AICM son cancelados en tres d\u00edas por COVID-19<\/a><\/p>\n\n\n\n<hr class=\"wp-block-separator\"\/>\n\n\n\n<p>ASPA, por su parte, indic\u00f3 que no pod\u00eda colocar a las tripulaciones no contagiadas para cubrir a los colaboradores contagiados, pues podr\u00eda afectar el estado f\u00edsico de los tripulantes.<\/p>\n\n\n\n<p>\u201cReducir m\u00e1s los recesos (de pilotos) y aumentar las jornadas, vulnera el estado f\u00edsico de los tripulantes y los expone a\u00fan m\u00e1s a riesgos de contagio\u201d, refiri\u00f3 este lunes la asociaci\u00f3n sindical en un comunicado.<\/p>\n\n\n\n<p>Fuente: https:\/\/www.elfinanciero.com.mx\/nacional\/2022\/01\/10\/cancelan-287-vuelos-en-el-aicm-en-4-dias-por-covid\/<\/p>\n","protected":false},"excerpt":{"rendered":"<p>La mayor\u00eda de las cancelaciones entre el 5 y 9 de enero son de Aerom\u00e9xico; la aerol\u00ednea tiene 79 pilotos [&hellip;]<\/p>\n","protected":false},"author":1,"featured_media":19049,"comment_status":"open","ping_status":"open","sticky":false,"template":"","format":"standard","meta":{"site-sidebar-layout":"default","site-content-layout":"","ast-site-content-layout":"default","site-content-style":"default","site-sidebar-style":"default","ast-global-header-display":"","ast-banner-title-visibility":"","ast-main-header-display":"","ast-hfb-above-header-display":"","ast-hfb-below-header-display":"","ast-hfb-mobile-header-display":"","site-post-title":"","ast-breadcrumbs-content":"","ast-featured-img":"","footer-sml-layout":"","theme-transparent-header-meta":"","adv-header-id-meta":"","stick-header-meta":"","header-above-stick-meta":"","header-main-stick-meta":"","header-below-stick-meta":"","astra-migrate-meta-layouts":"default","ast-page-background-enabled":"default","ast-page-background-meta":{"desktop":{"background-color":"var(--ast-global-color-4)","background-image":"","background-repeat":"repeat","background-position":"center center","background-size":"auto","background-attachment":"scroll","background-type":"","background-media":"","overlay-type":"","overlay-color":"","overlay-opacity":"","overlay-gradient":""},"tablet":{"background-color":"","background-image":"","background-repeat":"repeat","background-position":"center center","background-size":"auto","background-attachment":"scroll","background-type":"","background-media":"","overlay-type":"","overlay-color":"","overlay-opacity":"","overlay-gradient":""},"mobile":{"background-color":"","background-image":"","background-repeat":"repeat","background-position":"center center","background-size":"auto","background-attachment":"scroll","background-type":"","background-media":"","overlay-type":"","overlay-color":"","overlay-opacity":"","overlay-gradient":""}},"ast-content-background-meta":{"desktop":{"background-color":"var(--ast-global-color-5)","background-image":"","background-repeat":"repeat","background-position":"center center","background-size":"auto","background-attachment":"scroll","background-type":"","background-media":"","overlay-type":"","overlay-color":"","overlay-opacity":"","overlay-gradient":""},"tablet":{"background-color":"var(--ast-global-color-5)","background-image":"","background-repeat":"repeat","background-position":"center center","background-size":"auto","background-attachment":"scroll","background-type":"","background-media":"","overlay-type":"","overlay-color":"","overlay-opacity":"","overlay-gradient":""},"mobile":{"background-color":"var(--ast-global-color-5)","background-image":"","background-repeat":"repeat","background-position":"center center","background-size":"auto","background-attachment":"scroll","background-type":"","background-media":"","overlay-type":"","overlay-color":"","overlay-opacity":"","overlay-gradient":""}},"footnotes":""},"categories":[8],"tags":[59,6756],"class_list":["post-19048","post","type-post","status-publish","format-standard","has-post-thumbnail","hentry","category-noticias","tag-covid-mexico","tag-pilotos-contagiados"],"_links":{"self":[{"href":"https:\/\/losperiodistas.com.mx\/portal\/wp-json\/wp\/v2\/posts\/19048","targetHints":{"allow":["GET"]}}],"collection":[{"href":"https:\/\/losperiodistas.com.mx\/portal\/wp-json\/wp\/v2\/posts"}],"about":[{"href":"https:\/\/losperiodistas.com.mx\/portal\/wp-json\/wp\/v2\/types\/post"}],"author":[{"embeddable":true,"href":"https:\/\/losperiodistas.com.mx\/portal\/wp-json\/wp\/v2\/users\/1"}],"replies":[{"embeddable":true,"href":"https:\/\/losperiodistas.com.mx\/portal\/wp-json\/wp\/v2\/comments?post=19048"}],"version-history":[{"count":1,"href":"https:\/\/losperiodistas.com.mx\/portal\/wp-json\/wp\/v2\/posts\/19048\/revisions"}],"predecessor-version":[{"id":19050,"href":"https:\/\/losperiodistas.com.mx\/portal\/wp-json\/wp\/v2\/posts\/19048\/revisions\/19050"}],"wp:featuredmedia":[{"embeddable":true,"href":"https:\/\/losperiodistas.com.mx\/portal\/wp-json\/wp\/v2\/media\/19049"}],"wp:attachment":[{"href":"https:\/\/losperiodistas.com.mx\/portal\/wp-json\/wp\/v2\/media?parent=19048"}],"wp:term":[{"taxonomy":"category","embeddable":true,"href":"https:\/\/losperiodistas.com.mx\/portal\/wp-json\/wp\/v2\/categories?post=19048"},{"taxonomy":"post_tag","embeddable":true,"href":"https:\/\/losperiodistas.com.mx\/portal\/wp-json\/wp\/v2\/tags?post=19048"}],"curies":[{"name":"wp","href":"https:\/\/api.w.org\/{rel}","templated":true}]}}