{"id":19040,"date":"2022-01-10T08:20:33","date_gmt":"2022-01-10T14:20:33","guid":{"rendered":"http:\/\/losperiodistas.com.mx\/portal\/?p=19040"},"modified":"2022-01-10T08:20:34","modified_gmt":"2022-01-10T14:20:34","slug":"muere-michael-lang-el-creador-del-festival-de-woodstock-abc","status":"publish","type":"post","link":"https:\/\/losperiodistas.com.mx\/portal\/muere-michael-lang-el-creador-del-festival-de-woodstock-abc\/","title":{"rendered":"Muere Michael Lang, el creador del festival de Woodstock | ABC"},"content":{"rendered":"\n<p style=\"font-size:18px\"><em>El legendario promotor de conciertos ha fallecido a los 77 a\u00f1os por un linfoma de Hodgkin<\/em><\/p>\n\n\n\n<figure class=\"wp-block-image size-large\"><img fetchpriority=\"high\" decoding=\"async\" width=\"1024\" height=\"631\" src=\"https:\/\/losperiodistas.com.mx\/portal\/wp-content\/uploads\/2022\/01\/Captura-de-Pantalla-2022-01-10-a-las-8.18.53-1024x631.png\" alt=\"\" class=\"wp-image-19041\" srcset=\"https:\/\/losperiodistas.com.mx\/portal\/wp-content\/uploads\/2022\/01\/Captura-de-Pantalla-2022-01-10-a-las-8.18.53-1024x631.png 1024w, https:\/\/losperiodistas.com.mx\/portal\/wp-content\/uploads\/2022\/01\/Captura-de-Pantalla-2022-01-10-a-las-8.18.53-300x185.png 300w, https:\/\/losperiodistas.com.mx\/portal\/wp-content\/uploads\/2022\/01\/Captura-de-Pantalla-2022-01-10-a-las-8.18.53-768x473.png 768w, https:\/\/losperiodistas.com.mx\/portal\/wp-content\/uploads\/2022\/01\/Captura-de-Pantalla-2022-01-10-a-las-8.18.53.png 1240w\" sizes=\"(max-width: 1024px) 100vw, 1024px\" \/><\/figure>\n\n\n\n<p><\/p>\n\n\n\n<p class=\"has-vivid-cyan-blue-color has-text-color has-medium-font-size\">NACHO SERRANO \/ ABC<\/p>\n\n\n\n<p>La imagen cuasi divina de sus rizos indomables surcando la explanada de&nbsp;<strong>Woodstock<\/strong>&nbsp;a lomos de una moto BSA es una de las estampas ic\u00f3nicas por excelencia de la mitolog\u00eda musiquera de los a\u00f1os sesenta. La fotograf\u00eda, evocaci\u00f3n de un tiempo en el que pod\u00eda hacerse historia en la industria de la m\u00fasica en directo sin emporios patrocinadores ni millones de seguidores virtuales, fue tomada durante los preparativos del evento que \u00e9l mismo organiz\u00f3 en los terrenos de la familia Yasgur en Bethel (Nueva York) en el verano de 1969, y cuyo \u00e9xito le vali\u00f3 un puesto de honor en las p\u00e1ginas de los anales del rock&#8217;n&#8217;roll.<\/p>\n\n\n\n<p><strong>Michael Lang<\/strong>, creador del Festival de Woodstock, ha fallecido este s\u00e1bado a los 77 a\u00f1os por un linfoma de Hodgkin dejando una interesant\u00edsima biograf\u00eda con un triste cap\u00edtulo final, el de la edici\u00f3n de 2019 que fue abortada en el \u00faltimo momento tras una cadena de desprop\u00f3sitos organizativos que provoc\u00f3 la desbandada de los artistas en cartel.<\/p>\n\n\n\n<p>El evento original tampoco es que fuera un alarde de eficacia, por mucho que se quiera romantizar. Los promotores se vieron desbordados en todos los sentidos, se tiraron abajo las vallas, hubo escasez de comida, agua y medicinas, los m\u00fasicos no se electrocutaron de milagro cuando la lluvia empap\u00f3 el precario cableado de las actuaciones, y murieron tres asistentes por diferentes motivos. Pero hubo suerte, y lo que pod\u00eda haber acabado en tragedia termin\u00f3 siendo considerado el punto de inflexi\u00f3n definitivo en lo que por entonces empezaba a considerarse &#8216;cultura juvenil&#8217;.<\/p>\n\n\n\n<p>Nacido en Brooklyn en 1944 en el seno de una familia jud\u00eda, Lang dio un vuelco a su vida cuando en 1967 abandon\u00f3 la universidad para abrir una tienda de parafernalia cann\u00e1bica en Florida. All\u00ed se relacion\u00f3 con todo tipo de personajes del mundo de la m\u00fasica que le abrieron los ojos a un nuevo negocio, el de los conciertos, y en cosa de un a\u00f1o ya se hab\u00eda convertido en uno de los promotores m\u00e1s relevantes del estado. En 1968 reuni\u00f3 a m\u00e1s de 25.000 personas en el 1968 Pop &amp; Underground Festival, conocido como&nbsp;<strong>Miami Pop Festival<\/strong>, una suerte de puente entre el seminal Monterrey y el Woodstock que tendr\u00eda lugar un a\u00f1o m\u00e1s tarde, que reuni\u00f3 a figuras como Jimi Hendrix, Frank Zappa, John Lee Hooker, Arthur Brown o Blue Cheer.<\/p>\n\n\n\n<p>Tras el \u00e9xito de aquel macroconcierto, Lang se mud\u00f3 a Woodstock y empez\u00f3 a perge\u00f1ar el encuentro hippie por antonomasia junto a Artie Kornfeld, John P. Roberts y Joel Rosenman. Tras muchos avatares, el emplazamiento del festival qued\u00f3 fijado noventa kil\u00f3metros m\u00e1s al norte, en la mencionada localidad de Bethel, y el resto es historia. Mil y una veces contada, adem\u00e1s.<\/p>\n\n\n\n<p>Un a\u00f1o despu\u00e9s, los Rolling Stones le llamaron para que los sacara del atolladero en el que se hab\u00edan metido al organizar el festival de&nbsp;<strong>Altamont<\/strong>&nbsp;en San Francisco, pero no tuvo ni el tiempo ni los medios para evitar el desastre. En aquel &#8216;Woodstock de la costa oeste&#8217; muri\u00f3 un asistente a manos del cuerpo de seguridad formado por los \u00c1ngeles del Infierno, y los conciertos acabaron sumidos en un caos de violencia y malos viajes de \u00e1cido.<\/p>\n\n\n\n<p>Despu\u00e9s de aquello, Lang cambi\u00f3 su actividad como empresario de directo por la del management de artistas y fund\u00f3 el sello<strong>&nbsp;Just Sunshine Records<\/strong>, que produjo y lanz\u00f3 m\u00e1s de 40 \u00e1lbumes de artistas como Karen Dalton, Betty Davis o Mississippi Fred McDowell y gestion\u00f3 las carreras de Joe Cocker, Rickie Lee Jones, Willy DeVille o Tarkan. Su agencia lleg\u00f3 a interesarse por los artistas espa\u00f1oles El Ultimo de la Fila, pero \u00e9stos declinaron la oferta. En este campo, su mayor ocupaci\u00f3n fue la de ser manager de Joe Cocker, con quien mantuvo una estrecha relaci\u00f3n de veinte a\u00f1os que le vali\u00f3 una aparici\u00f3n estelar en el videoclip de &#8216;You Can Leave Your Hat On&#8217; haciendo de trompetista.<\/p>\n\n\n\n<p>En los noventa volvi\u00f3 a picarle el gusanillo festivalero y mont\u00f3 Woodstock &#8217;94 con sus socios Roberts, Rosenman y el coproductor John Scher, en lo que ser\u00eda su \u00faltimo gran \u00e9xito empresarial, ya que cinco a\u00f1os despu\u00e9s, la edici\u00f3n de 1999 fue una aut\u00e9ntica calamidad. Lo organiz\u00f3 en una base militar para tener controlados los accesos y evitar que la gente se colara, y puso unos precios desorbitados en las bebidas que enfureci\u00f3 a unos asistentes achicharrados sobre un suelo de cemento que aument\u00f3 las alt\u00edsimas temperaturas que se registraron durante el festival. La tercera noche de conciertos, estall\u00f3 una revuelta que acab\u00f3 con el recinto plagado de incendios, peleas y violaciones.<\/p>\n\n\n\n<p>Lang no volvi\u00f3 a intentar emular Woodstock una vez m\u00e1s hasta su quincuag\u00e9simo aniversario en 2019, cuando trat\u00f3 de confeccionar un cartel con Santana, David Crosby, John Fogerty, Robert Plan, Country Joe McDonald y otras leyendas. Pero los cambios de ubicaci\u00f3n y los impagos de adelantos dieron al traste con este \u00faltimo homenaje a la reuni\u00f3n que cambi\u00f3 el mundo \u00abal menos por un instante\u00bb, como dijo en su entrevista con ABC hace seis a\u00f1os. \u00abSimplemente prove\u00ed del espacio y del tiempo necesario para que miles de personas se reafirmaran en sus creencias, en sus reflexiones sobre la cultura, de que reafirmaran su compromiso con esos valores. Todo aquello result\u00f3 en una gran demostraci\u00f3n al mundo de lo que era el movimiento contracultural, de su trasfondo y su relevancia, generando un sentimiento de enorme esperanza para much\u00edsima gente\u00bb.<\/p>\n\n\n\n<p>Fuente: https:\/\/www.abc.es\/cultura\/musica\/abci-muere-michael-lang-creador-festival-woodstock-202201101200_noticia.html<\/p>\n","protected":false},"excerpt":{"rendered":"<p>El legendario promotor de conciertos ha fallecido a los 77 a\u00f1os por un linfoma de Hodgkin NACHO SERRANO \/ ABC [&hellip;]<\/p>\n","protected":false},"author":1,"featured_media":19041,"comment_status":"open","ping_status":"open","sticky":false,"template":"","format":"standard","meta":{"site-sidebar-layout":"default","site-content-layout":"","ast-site-content-layout":"default","site-content-style":"default","site-sidebar-style":"default","ast-global-header-display":"","ast-banner-title-visibility":"","ast-main-header-display":"","ast-hfb-above-header-display":"","ast-hfb-below-header-display":"","ast-hfb-mobile-header-display":"","site-post-title":"","ast-breadcrumbs-content":"","ast-featured-img":"","footer-sml-layout":"","theme-transparent-header-meta":"","adv-header-id-meta":"","stick-header-meta":"","header-above-stick-meta":"","header-main-stick-meta":"","header-below-stick-meta":"","astra-migrate-meta-layouts":"default","ast-page-background-enabled":"default","ast-page-background-meta":{"desktop":{"background-color":"var(--ast-global-color-4)","background-image":"","background-repeat":"repeat","background-position":"center center","background-size":"auto","background-attachment":"scroll","background-type":"","background-media":"","overlay-type":"","overlay-color":"","overlay-opacity":"","overlay-gradient":""},"tablet":{"background-color":"","background-image":"","background-repeat":"repeat","background-position":"center center","background-size":"auto","background-attachment":"scroll","background-type":"","background-media":"","overlay-type":"","overlay-color":"","overlay-opacity":"","overlay-gradient":""},"mobile":{"background-color":"","background-image":"","background-repeat":"repeat","background-position":"center center","background-size":"auto","background-attachment":"scroll","background-type":"","background-media":"","overlay-type":"","overlay-color":"","overlay-opacity":"","overlay-gradient":""}},"ast-content-background-meta":{"desktop":{"background-color":"var(--ast-global-color-5)","background-image":"","background-repeat":"repeat","background-position":"center center","background-size":"auto","background-attachment":"scroll","background-type":"","background-media":"","overlay-type":"","overlay-color":"","overlay-opacity":"","overlay-gradient":""},"tablet":{"background-color":"var(--ast-global-color-5)","background-image":"","background-repeat":"repeat","background-position":"center center","background-size":"auto","background-attachment":"scroll","background-type":"","background-media":"","overlay-type":"","overlay-color":"","overlay-opacity":"","overlay-gradient":""},"mobile":{"background-color":"var(--ast-global-color-5)","background-image":"","background-repeat":"repeat","background-position":"center center","background-size":"auto","background-attachment":"scroll","background-type":"","background-media":"","overlay-type":"","overlay-color":"","overlay-opacity":"","overlay-gradient":""}},"footnotes":""},"categories":[8],"tags":[6808,6807],"class_list":["post-19040","post","type-post","status-publish","format-standard","has-post-thumbnail","hentry","category-noticias","tag-michael-lang","tag-woodstock"],"_links":{"self":[{"href":"https:\/\/losperiodistas.com.mx\/portal\/wp-json\/wp\/v2\/posts\/19040","targetHints":{"allow":["GET"]}}],"collection":[{"href":"https:\/\/losperiodistas.com.mx\/portal\/wp-json\/wp\/v2\/posts"}],"about":[{"href":"https:\/\/losperiodistas.com.mx\/portal\/wp-json\/wp\/v2\/types\/post"}],"author":[{"embeddable":true,"href":"https:\/\/losperiodistas.com.mx\/portal\/wp-json\/wp\/v2\/users\/1"}],"replies":[{"embeddable":true,"href":"https:\/\/losperiodistas.com.mx\/portal\/wp-json\/wp\/v2\/comments?post=19040"}],"version-history":[{"count":1,"href":"https:\/\/losperiodistas.com.mx\/portal\/wp-json\/wp\/v2\/posts\/19040\/revisions"}],"predecessor-version":[{"id":19042,"href":"https:\/\/losperiodistas.com.mx\/portal\/wp-json\/wp\/v2\/posts\/19040\/revisions\/19042"}],"wp:featuredmedia":[{"embeddable":true,"href":"https:\/\/losperiodistas.com.mx\/portal\/wp-json\/wp\/v2\/media\/19041"}],"wp:attachment":[{"href":"https:\/\/losperiodistas.com.mx\/portal\/wp-json\/wp\/v2\/media?parent=19040"}],"wp:term":[{"taxonomy":"category","embeddable":true,"href":"https:\/\/losperiodistas.com.mx\/portal\/wp-json\/wp\/v2\/categories?post=19040"},{"taxonomy":"post_tag","embeddable":true,"href":"https:\/\/losperiodistas.com.mx\/portal\/wp-json\/wp\/v2\/tags?post=19040"}],"curies":[{"name":"wp","href":"https:\/\/api.w.org\/{rel}","templated":true}]}}