{"id":19037,"date":"2022-01-10T08:11:21","date_gmt":"2022-01-10T14:11:21","guid":{"rendered":"http:\/\/losperiodistas.com.mx\/portal\/?p=19037"},"modified":"2022-01-10T08:36:46","modified_gmt":"2022-01-10T14:36:46","slug":"19037-2","status":"publish","type":"post","link":"https:\/\/losperiodistas.com.mx\/portal\/19037-2\/","title":{"rendered":"En 24 horas aumenta casi 50% el n\u00famero de contagios de Covid en Puebla: Ssa | LJO"},"content":{"rendered":"\n<figure class=\"wp-block-image size-large\"><img fetchpriority=\"high\" decoding=\"async\" width=\"1024\" height=\"684\" src=\"https:\/\/losperiodistas.com.mx\/portal\/wp-content\/uploads\/2022\/01\/Captura-de-Pantalla-2022-01-10-a-las-8.05.29-1024x684.jpg\" alt=\"\" class=\"wp-image-19038\" srcset=\"https:\/\/losperiodistas.com.mx\/portal\/wp-content\/uploads\/2022\/01\/Captura-de-Pantalla-2022-01-10-a-las-8.05.29-1024x684.jpg 1024w, https:\/\/losperiodistas.com.mx\/portal\/wp-content\/uploads\/2022\/01\/Captura-de-Pantalla-2022-01-10-a-las-8.05.29-300x200.jpg 300w, https:\/\/losperiodistas.com.mx\/portal\/wp-content\/uploads\/2022\/01\/Captura-de-Pantalla-2022-01-10-a-las-8.05.29-768x513.jpg 768w, https:\/\/losperiodistas.com.mx\/portal\/wp-content\/uploads\/2022\/01\/Captura-de-Pantalla-2022-01-10-a-las-8.05.29-1536x1025.jpg 1536w, https:\/\/losperiodistas.com.mx\/portal\/wp-content\/uploads\/2022\/01\/Captura-de-Pantalla-2022-01-10-a-las-8.05.29-2048x1367.jpg 2048w\" sizes=\"(max-width: 1024px) 100vw, 1024px\" \/><\/figure>\n\n\n\n<p class=\"has-vivid-cyan-blue-color has-text-color has-medium-font-size\">MART\u00cdN HERN\u00c1NDEZ ALC\u00c1NTARA \/ LA JORNADA DE ORIENTE<\/p>\n\n\n\n<p>En tan solo 24 horas, entre el jueves y el viernes pasado, aumentaron en 45.78 por ciento los contagios de Covid registrados oficialmente en Puebla, ya que el n\u00famero de casos pas\u00f3 de 190 a 277, report\u00f3 el secretario de Salud,&nbsp;<a href=\"https:\/\/twitter.com\/JAntonioMtzGa\" target=\"_blank\" rel=\"noreferrer noopener\">Jos\u00e9 Antonio Mart\u00ednez<\/a>, quien a\u00f1adi\u00f3 que el pico m\u00e1s alto de la cuarta ola de la epidemia en la entidad se alcanzar\u00eda en un par de semanas con un promedio de 650 casos por d\u00eda, un \u00edndice similar al punto m\u00e1s grave de la tercera ola de la pandemia.<\/p>\n\n\n\n<p>\u201cTenemos todas las proyecciones que, con este ritmo, con esta taza de incidencia, que en diez (d\u00edas) estar\u00edamos como estuvo el pico de contagios de la tercera ola, que ha sido el m\u00e1s alto, cuando tuvimos 650 por d\u00eda y a partir de ah\u00ed esperemos que se mantenga en una meseta y posteriormente empiece a disminuir\u201d, asever\u00f3 el funcionario en rueda de medios el pasado viernes.<\/p>\n\n\n\n<p>Record\u00f3 que la cepa \u00f3micron tiene mayor transmisi\u00f3n pero menos virulencia, e indic\u00f3 que en la primera semana de regreso a clases se identificaron 41 casos sospechosos, de los cuales se confirmaron cuatro que corresponde a docentes y tres a alumnos.<\/p>\n\n\n\n<p>Por su parte, el gobernador Luis Miguel Barbosa Huerta asegur\u00f3 que Puebla saldr\u00e1 adelante de la cuarta ola de la Covid-19, \u201cpor la cultura sanitaria y la autorregulaci\u00f3n que adquiri\u00f3 la sociedad a trav\u00e9s de los decretos que el gobierno estatal estableci\u00f3 para hacerle frente a la pandemia\u201d.<\/p>\n\n\n\n<p>En la habitual videoconferencia de prensa, el mandatario estatal aclar\u00f3 que su administraci\u00f3n no disminuir\u00e1 aforos en establecimientos y lugares p\u00fablicos por el incremento de casos de coronavirus, ya que se\u00f1al\u00f3 que conf\u00eda que los poblanos tomar\u00e1n sus propias decisiones de asistir o no a lugares aglomerados.<\/p>\n\n\n\n<figure class=\"wp-block-pullquote\"><blockquote><p>\u201cSi alguien llega a un restaurante y est\u00e1 lleno, que no entre, pero como una decisi\u00f3n personal; si va a una plaza comercial y tambi\u00e9n est\u00e1 llena, que regrese m\u00e1s tarde o al d\u00eda siguiente, esas son formas de cuidarnos entre nosotros\u201d, explic\u00f3.<\/p><\/blockquote><\/figure>\n\n\n\n<p>Barbosa Huerta resalt\u00f3 que los decretos gubernamentales establecidos ante la pandemia han generado un nuevo comportamiento social, y adem\u00e1s reflejan la firmeza y la claridad del gobierno estatal en el combate a esta enfermedad.<\/p>\n\n\n\n<p>Por \u00faltimo, el gobernador insisti\u00f3 a las y los poblanos mantener las medidas de higiene, como el uso de cubrebocas, la sana distancia y el uso de gel antibacterial, a fin de cortar la cadena de contagios de Covid-19.<\/p>\n\n\n\n<p>&nbsp;Jos\u00e9 Antonio Mart\u00ednez Garc\u00eda &nbsp;record\u00f3 que la&nbsp;<a href=\"https:\/\/www.lajornadadeoriente.com.mx\/puebla\/cuarta-ola-de-covid-omicron\/\" target=\"_blank\" rel=\"noreferrer noopener\">variante \u00f3micron<\/a>&nbsp;es m\u00e1s transmisible que la Delta, por lo que reiter\u00f3 el llamado a la sociedad a mantener las medidas de prevenci\u00f3n, pues enfatiz\u00f3 que los contagios est\u00e1n en aumento.<\/p>\n\n\n\n<p>Asimismo, dijo que vacunarse y completar el esquema de inmunizaci\u00f3n contra el SARS-CoV-2 podr\u00eda disminuir la tasa de mortalidad ante la variante \u00d3micron; refiri\u00f3 que Puebla mantiene un 20 por ciento en ocupaci\u00f3n hospitalaria, sin ingresos exponenciales en la poblaci\u00f3n.<\/p>\n\n\n\n<p>Mart\u00ednez Garc\u00eda report\u00f3 una defunci\u00f3n y que los casos activos suman 426 distribuidos en 21 municipios de la entidad.<\/p>\n\n\n\n<p>La hospitalizaci\u00f3n en todo el sector asciende a 90, y de ellos nueve requieren de ventilaci\u00f3n mec\u00e1nica asistida. Los pacientes reciben atenci\u00f3n m\u00e9dica en las siguientes unidades m\u00e9dicas: en las de la Secretar\u00eda, 39; ISSSTEP, 19; en el Instituto Mexicano del Seguro Social, 14; ISSSTE, 12 y en hospitales privados, seis.<\/p>\n\n\n\n<p>Finalmente, afirm\u00f3 que 4 millones 332 mil 027 poblanos se han aplicado al menos una dosis contra la Covid-19 y 3 millones 434 mil 759 ciudadanos han completado su esquema de vacunaci\u00f3n.<\/p>\n\n\n\n<p>Fuente: https:\/\/www.lajornadadeoriente.com.mx\/puebla\/24-horas-aumenta-casi-50-el-numero-de-contagios-de-covid-en-puebla-ssa\/<\/p>\n","protected":false},"excerpt":{"rendered":"<p>MART\u00cdN HERN\u00c1NDEZ ALC\u00c1NTARA \/ LA JORNADA DE ORIENTE En tan solo 24 horas, entre el jueves y el viernes pasado, [&hellip;]<\/p>\n","protected":false},"author":1,"featured_media":19038,"comment_status":"open","ping_status":"open","sticky":false,"template":"","format":"standard","meta":{"site-sidebar-layout":"default","site-content-layout":"","ast-site-content-layout":"default","site-content-style":"default","site-sidebar-style":"default","ast-global-header-display":"","ast-banner-title-visibility":"","ast-main-header-display":"","ast-hfb-above-header-display":"","ast-hfb-below-header-display":"","ast-hfb-mobile-header-display":"","site-post-title":"","ast-breadcrumbs-content":"","ast-featured-img":"","footer-sml-layout":"","theme-transparent-header-meta":"","adv-header-id-meta":"","stick-header-meta":"","header-above-stick-meta":"","header-main-stick-meta":"","header-below-stick-meta":"","astra-migrate-meta-layouts":"default","ast-page-background-enabled":"default","ast-page-background-meta":{"desktop":{"background-color":"var(--ast-global-color-4)","background-image":"","background-repeat":"repeat","background-position":"center center","background-size":"auto","background-attachment":"scroll","background-type":"","background-media":"","overlay-type":"","overlay-color":"","overlay-opacity":"","overlay-gradient":""},"tablet":{"background-color":"","background-image":"","background-repeat":"repeat","background-position":"center center","background-size":"auto","background-attachment":"scroll","background-type":"","background-media":"","overlay-type":"","overlay-color":"","overlay-opacity":"","overlay-gradient":""},"mobile":{"background-color":"","background-image":"","background-repeat":"repeat","background-position":"center center","background-size":"auto","background-attachment":"scroll","background-type":"","background-media":"","overlay-type":"","overlay-color":"","overlay-opacity":"","overlay-gradient":""}},"ast-content-background-meta":{"desktop":{"background-color":"var(--ast-global-color-5)","background-image":"","background-repeat":"repeat","background-position":"center center","background-size":"auto","background-attachment":"scroll","background-type":"","background-media":"","overlay-type":"","overlay-color":"","overlay-opacity":"","overlay-gradient":""},"tablet":{"background-color":"var(--ast-global-color-5)","background-image":"","background-repeat":"repeat","background-position":"center center","background-size":"auto","background-attachment":"scroll","background-type":"","background-media":"","overlay-type":"","overlay-color":"","overlay-opacity":"","overlay-gradient":""},"mobile":{"background-color":"var(--ast-global-color-5)","background-image":"","background-repeat":"repeat","background-position":"center center","background-size":"auto","background-attachment":"scroll","background-type":"","background-media":"","overlay-type":"","overlay-color":"","overlay-opacity":"","overlay-gradient":""}},"footnotes":""},"categories":[8],"tags":[6805,6806],"class_list":["post-19037","post","type-post","status-publish","format-standard","has-post-thumbnail","hentry","category-noticias","tag-covid-19-puebla","tag-repunte-pandemia"],"_links":{"self":[{"href":"https:\/\/losperiodistas.com.mx\/portal\/wp-json\/wp\/v2\/posts\/19037","targetHints":{"allow":["GET"]}}],"collection":[{"href":"https:\/\/losperiodistas.com.mx\/portal\/wp-json\/wp\/v2\/posts"}],"about":[{"href":"https:\/\/losperiodistas.com.mx\/portal\/wp-json\/wp\/v2\/types\/post"}],"author":[{"embeddable":true,"href":"https:\/\/losperiodistas.com.mx\/portal\/wp-json\/wp\/v2\/users\/1"}],"replies":[{"embeddable":true,"href":"https:\/\/losperiodistas.com.mx\/portal\/wp-json\/wp\/v2\/comments?post=19037"}],"version-history":[{"count":2,"href":"https:\/\/losperiodistas.com.mx\/portal\/wp-json\/wp\/v2\/posts\/19037\/revisions"}],"predecessor-version":[{"id":19043,"href":"https:\/\/losperiodistas.com.mx\/portal\/wp-json\/wp\/v2\/posts\/19037\/revisions\/19043"}],"wp:featuredmedia":[{"embeddable":true,"href":"https:\/\/losperiodistas.com.mx\/portal\/wp-json\/wp\/v2\/media\/19038"}],"wp:attachment":[{"href":"https:\/\/losperiodistas.com.mx\/portal\/wp-json\/wp\/v2\/media?parent=19037"}],"wp:term":[{"taxonomy":"category","embeddable":true,"href":"https:\/\/losperiodistas.com.mx\/portal\/wp-json\/wp\/v2\/categories?post=19037"},{"taxonomy":"post_tag","embeddable":true,"href":"https:\/\/losperiodistas.com.mx\/portal\/wp-json\/wp\/v2\/tags?post=19037"}],"curies":[{"name":"wp","href":"https:\/\/api.w.org\/{rel}","templated":true}]}}