{"id":18959,"date":"2022-01-09T10:11:48","date_gmt":"2022-01-09T16:11:48","guid":{"rendered":"http:\/\/losperiodistas.com.mx\/portal\/?p=18959"},"modified":"2022-01-09T10:11:50","modified_gmt":"2022-01-09T16:11:50","slug":"ciudad-china-lanza-masiva-campana-de-testeo-por-llegada-de-omicron-dw","status":"publish","type":"post","link":"https:\/\/losperiodistas.com.mx\/portal\/ciudad-china-lanza-masiva-campana-de-testeo-por-llegada-de-omicron-dw\/","title":{"rendered":"Ciudad china lanza masiva campa\u00f1a de testeo por llegada de \u00f3micron | DW"},"content":{"rendered":"\n<p style=\"font-size:18px\"><em>Los 14 millones de habitantes de Tianjin ser\u00e1n sometidos a ex\u00e1menes para detectar el SARS-CoV-2 tras el hallazgo de dos contagios locales con la variante.<\/em><\/p>\n\n\n\n<p><\/p>\n\n\n\n<figure class=\"wp-block-image size-large\"><img fetchpriority=\"high\" decoding=\"async\" width=\"1024\" height=\"572\" src=\"https:\/\/losperiodistas.com.mx\/portal\/wp-content\/uploads\/2022\/01\/Captura-de-Pantalla-2022-01-09-a-las-10.09.17-1024x572.png\" alt=\"\" class=\"wp-image-18960\" srcset=\"https:\/\/losperiodistas.com.mx\/portal\/wp-content\/uploads\/2022\/01\/Captura-de-Pantalla-2022-01-09-a-las-10.09.17-1024x572.png 1024w, https:\/\/losperiodistas.com.mx\/portal\/wp-content\/uploads\/2022\/01\/Captura-de-Pantalla-2022-01-09-a-las-10.09.17-300x168.png 300w, https:\/\/losperiodistas.com.mx\/portal\/wp-content\/uploads\/2022\/01\/Captura-de-Pantalla-2022-01-09-a-las-10.09.17-768x429.png 768w, https:\/\/losperiodistas.com.mx\/portal\/wp-content\/uploads\/2022\/01\/Captura-de-Pantalla-2022-01-09-a-las-10.09.17.png 1400w\" sizes=\"(max-width: 1024px) 100vw, 1024px\" \/><figcaption>Los ex\u00e1menes masivos forman parte de la estrategia de \u00abcovid cero\u00bb del gobierno chino.<\/figcaption><\/figure>\n\n\n\n<p><\/p>\n\n\n\n<p class=\"has-vivid-cyan-blue-color has-text-color has-medium-font-size\">DW<\/p>\n\n\n\n<p>La ciudad septentrional china de Tianjin anunci\u00f3 este domingo (09.01.2022) que efectuar\u00e1 pruebas a sus casi 14 millones de habitantes despu\u00e9s de detectar al menos dos contagios locales de la variante \u00f3micron del coronavirus, los primeros que se registran en la parte continental del pa\u00eds asi\u00e1tico. Por ello, pidi\u00f3 a sus ciudadanos que permanezcan en casa o cerca de ella para recibir la visita de los funcionarios y no entorpecer el proceso.<\/p>\n\n\n\n<p>Las autoridades locales indicaron que ambos casos est\u00e1n relacionados, y son parte de los \u00faltimos 20 contagios locales detectados en la ciudad, todos en un mismo distrito, por lo que es probable que se detecten m\u00e1s a trav\u00e9s de las anunciadas pruebas. Tianjin ya hab\u00eda sido la primera ciudad china en registrar un caso de \u00f3micron a mediados de diciembre, aunque en aquel caso se trat\u00f3 de uno \u00abimportado\u00bb.<\/p>\n\n\n\n<p>A diferencia de entonces, los nuevos casos hallados son de personas que no han abandonado la ciudad en las \u00faltimas dos semanas, por lo que se contagiaron necesariamente en ella y no en otra regi\u00f3n o el extranjero. Esto es se\u00f1al de que \u00f3micron ya circula en la zona. Del total de infecciones recientemente detectadas, 15 corresponde a contagios en las escuelas, reportan los medios estatales.<\/p>\n\n\n\n<h2 class=\"wp-block-heading\">Muchos brotes, pero sin muertes<\/h2>\n\n\n\n<p>Las pruebas masivas comenzaron esta misma jornada, a eso de las 7 a.m. (hora local) y se espera que est\u00e9n completas en unas 24 horas. La urbe confin\u00f3 29 zonas residenciales, cerr\u00f3 parcialmente dos l\u00edneas de metro y cancel\u00f3 al menos 144 vuelos en el aeropuerto de Binhai, siguiendo la l\u00ednea de \u00abcovid cero\u201d impulsada por el gobierno de Pek\u00edn.<\/p>\n\n\n\n<p>Seg\u00fan cifras oficiales, desde el inicio de la pandemia China s\u00f3lo ha registrado 100.000 casos, de los que fallecieron 4.636, y comenz\u00f3 2022 en alerta debido a los diversos brotes detectados desde mediados de octubre del a\u00f1o pasado, que han dejado desde entonces m\u00e1s de 7.000 casos -cerca de 5.000 de ellos, por contagio local-, aunque ning\u00fan fallecimiento.<\/p>\n\n\n\n<p>El reputado epidemi\u00f3logo Zhang Wenhong, citado por el diario oficial&nbsp;<em>Global Times<\/em>, neg\u00f3 que la variante \u00f3micron sea menos virulenta que otras mutaciones y afirm\u00f3 que el mundo solo deber\u00eda \u00abreabrir\u00bb cuando se haya construido una \u00abbarrera inmunol\u00f3gica fuerte\u00bb y las tasas de mortalidad sean \u00abmuy bajas\u00bb.<\/p>\n\n\n\n<p>DZC (EFE, AFP)<\/p>\n\n\n\n<p>Fuente: https:\/\/www.dw.com\/es\/ciudad-china-lanza-masiva-campa%C3%B1a-de-testeo-por-llegada-de-%C3%B3micron\/a-60373244<\/p>\n","protected":false},"excerpt":{"rendered":"<p>Los 14 millones de habitantes de Tianjin ser\u00e1n sometidos a ex\u00e1menes para detectar el SARS-CoV-2 tras el hallazgo de dos [&hellip;]<\/p>\n","protected":false},"author":1,"featured_media":18960,"comment_status":"open","ping_status":"open","sticky":false,"template":"","format":"standard","meta":{"site-sidebar-layout":"default","site-content-layout":"","ast-site-content-layout":"default","site-content-style":"default","site-sidebar-style":"default","ast-global-header-display":"","ast-banner-title-visibility":"","ast-main-header-display":"","ast-hfb-above-header-display":"","ast-hfb-below-header-display":"","ast-hfb-mobile-header-display":"","site-post-title":"","ast-breadcrumbs-content":"","ast-featured-img":"","footer-sml-layout":"","theme-transparent-header-meta":"","adv-header-id-meta":"","stick-header-meta":"","header-above-stick-meta":"","header-main-stick-meta":"","header-below-stick-meta":"","astra-migrate-meta-layouts":"default","ast-page-background-enabled":"default","ast-page-background-meta":{"desktop":{"background-color":"var(--ast-global-color-4)","background-image":"","background-repeat":"repeat","background-position":"center center","background-size":"auto","background-attachment":"scroll","background-type":"","background-media":"","overlay-type":"","overlay-color":"","overlay-opacity":"","overlay-gradient":""},"tablet":{"background-color":"","background-image":"","background-repeat":"repeat","background-position":"center center","background-size":"auto","background-attachment":"scroll","background-type":"","background-media":"","overlay-type":"","overlay-color":"","overlay-opacity":"","overlay-gradient":""},"mobile":{"background-color":"","background-image":"","background-repeat":"repeat","background-position":"center center","background-size":"auto","background-attachment":"scroll","background-type":"","background-media":"","overlay-type":"","overlay-color":"","overlay-opacity":"","overlay-gradient":""}},"ast-content-background-meta":{"desktop":{"background-color":"var(--ast-global-color-5)","background-image":"","background-repeat":"repeat","background-position":"center center","background-size":"auto","background-attachment":"scroll","background-type":"","background-media":"","overlay-type":"","overlay-color":"","overlay-opacity":"","overlay-gradient":""},"tablet":{"background-color":"var(--ast-global-color-5)","background-image":"","background-repeat":"repeat","background-position":"center center","background-size":"auto","background-attachment":"scroll","background-type":"","background-media":"","overlay-type":"","overlay-color":"","overlay-opacity":"","overlay-gradient":""},"mobile":{"background-color":"var(--ast-global-color-5)","background-image":"","background-repeat":"repeat","background-position":"center center","background-size":"auto","background-attachment":"scroll","background-type":"","background-media":"","overlay-type":"","overlay-color":"","overlay-opacity":"","overlay-gradient":""}},"footnotes":""},"categories":[8],"tags":[6769,6770],"class_list":["post-18959","post","type-post","status-publish","format-standard","has-post-thumbnail","hentry","category-noticias","tag-omicron-china","tag-tanjin"],"_links":{"self":[{"href":"https:\/\/losperiodistas.com.mx\/portal\/wp-json\/wp\/v2\/posts\/18959","targetHints":{"allow":["GET"]}}],"collection":[{"href":"https:\/\/losperiodistas.com.mx\/portal\/wp-json\/wp\/v2\/posts"}],"about":[{"href":"https:\/\/losperiodistas.com.mx\/portal\/wp-json\/wp\/v2\/types\/post"}],"author":[{"embeddable":true,"href":"https:\/\/losperiodistas.com.mx\/portal\/wp-json\/wp\/v2\/users\/1"}],"replies":[{"embeddable":true,"href":"https:\/\/losperiodistas.com.mx\/portal\/wp-json\/wp\/v2\/comments?post=18959"}],"version-history":[{"count":1,"href":"https:\/\/losperiodistas.com.mx\/portal\/wp-json\/wp\/v2\/posts\/18959\/revisions"}],"predecessor-version":[{"id":18961,"href":"https:\/\/losperiodistas.com.mx\/portal\/wp-json\/wp\/v2\/posts\/18959\/revisions\/18961"}],"wp:featuredmedia":[{"embeddable":true,"href":"https:\/\/losperiodistas.com.mx\/portal\/wp-json\/wp\/v2\/media\/18960"}],"wp:attachment":[{"href":"https:\/\/losperiodistas.com.mx\/portal\/wp-json\/wp\/v2\/media?parent=18959"}],"wp:term":[{"taxonomy":"category","embeddable":true,"href":"https:\/\/losperiodistas.com.mx\/portal\/wp-json\/wp\/v2\/categories?post=18959"},{"taxonomy":"post_tag","embeddable":true,"href":"https:\/\/losperiodistas.com.mx\/portal\/wp-json\/wp\/v2\/tags?post=18959"}],"curies":[{"name":"wp","href":"https:\/\/api.w.org\/{rel}","templated":true}]}}