{"id":18956,"date":"2022-01-09T09:50:32","date_gmt":"2022-01-09T15:50:32","guid":{"rendered":"http:\/\/losperiodistas.com.mx\/portal\/?p=18956"},"modified":"2022-01-09T09:50:34","modified_gmt":"2022-01-09T15:50:34","slug":"acabaran-radicales-con-el-pais-ricardo-monreal-mural","status":"publish","type":"post","link":"https:\/\/losperiodistas.com.mx\/portal\/acabaran-radicales-con-el-pais-ricardo-monreal-mural\/","title":{"rendered":"Acabar\u00e1n radicales con el Pa\u00eds.- Ricardo Monreal | Mural"},"content":{"rendered":"\n<p><\/p>\n\n\n\n<figure class=\"wp-block-image size-large\"><img fetchpriority=\"high\" decoding=\"async\" width=\"960\" height=\"640\" src=\"https:\/\/losperiodistas.com.mx\/portal\/wp-content\/uploads\/2022\/01\/5178847.jpeg\" alt=\"\" class=\"wp-image-18957\" srcset=\"https:\/\/losperiodistas.com.mx\/portal\/wp-content\/uploads\/2022\/01\/5178847.jpeg 960w, https:\/\/losperiodistas.com.mx\/portal\/wp-content\/uploads\/2022\/01\/5178847-300x200.jpeg 300w, https:\/\/losperiodistas.com.mx\/portal\/wp-content\/uploads\/2022\/01\/5178847-768x512.jpeg 768w\" sizes=\"(max-width: 960px) 100vw, 960px\" \/><figcaption>\u00abEsta sucesi\u00f3n adelantada ha provocado una guerra temprana y lamentablemente si no hay reglas claras, compromisos pol\u00edticos internos, se va a agudizar; no se requiere ser tan sabio para prever que esto puede terminar mal\u00bb, afirm\u00f3 Ricardo Monreal. Foto: Especial<\/figcaption><\/figure>\n\n\n\n<p class=\"has-vivid-cyan-blue-color has-text-color has-medium-font-size\">ROBERTO ZAMARRIPA \/ MURAL<\/p>\n\n\n\n<p><strong>Cd. de M\u00e9xico&nbsp;(09 enero 2022).-&nbsp;<\/strong>Ricardo Monreal responde: \u00abespero que no, espero que no\u00bb cuando se le dice que la \u00fanica manera en que pueda estar en la boleta presidencial de la elecci\u00f3n de 2024 es por un partido opositor a Morena.<\/p>\n\n\n\n<h2 class=\"wp-block-heading\">Notas Relacionadas<\/h2>\n\n\n\n<figure class=\"wp-block-image\"><img decoding=\"async\" src=\"https:\/\/img.gruporeforma.com\/imagenes\/elementorelacionado\/10\/861\/9860454.jpg\" alt=\"\"\/><\/figure>\n\n\n\n<p><a href=\"https:\/\/www.mural.com.mx\/pide-monreal-a-cuitlahuac-derogar-ultrajes-en-veracruz\/ar2323729\">Pide Monreal a Cuitl\u00e1huac derogar ultrajes en Veracruz<\/a><br>Hace esfuerzos por convencer, o convencerse, que todav\u00eda tiene un lugar en el actual partido gobernante. Y arremete contra quienes lo tienen contra las cuerdas que, seg\u00fan \u00e9l, buscan su aniquilamiento.<\/p>\n\n\n\n<p>\u00abLos que creen que siendo m\u00e1s radicales pueden obtener el cargo o la posici\u00f3n pol\u00edtica que anhelan, all\u00e1 ellos. Se equivocan, porque no va a quedar pa\u00eds para nadie. El aniquilamiento solo deja destrucci\u00f3n\u00bb, expresa.<\/p>\n\n\n\n<p>Pinta raya contra los radicalismos y a pesar de que el Presidente Andr\u00e9s Manuel L\u00f3pez Obrador en diciembre pasado urgi\u00f3 a sus correligionarios a definirse en la izquierda porque ostentarse en el centro pol\u00edtico \u00abpara quedar bien con todos\u00bb es un error pol\u00edtico, Monreal defiende la moderaci\u00f3n.<\/p>\n\n\n\n<p>\u00abNo estoy de acuerdo con radicalizar; ni la extrema derecha ni la extrema izquierda. Me acerco m\u00e1s al perfil socialdem\u00f3crata de los pa\u00edses n\u00f3rdicos; simpatizo m\u00e1s con la socialdemocracia que con los radicalismos\u00bb.<\/p>\n\n\n\n<p>Priista desde peque\u00f1o, a los 14 a\u00f1os ya participaba con el tricolor en Fresnillo donde lleg\u00f3 a regidor ya siendo un licenciado en Derecho por la Universidad Aut\u00f3noma de Zacatecas (UAZ) y luego diputado federal a los 27 a\u00f1os y senador a los 30, cargo que ejerci\u00f3 entre 1991 y 1997.<\/p>\n\n\n\n<p>En 1998 rompe con el PRI para ser postulado por el PRD a la gubernatura de Zacatecas. Vetado para ser candidato del tricolor por el Presidente Ernesto Zedillo, es promovido por el entonces l\u00edder nacional perredista Andr\u00e9s Manuel L\u00f3pez Obrador. Y gana la elecci\u00f3n.<\/p>\n\n\n\n<p>Gobierna Zacatecas entre 1998 y 2004 y se convierte en aliado fundamental de AMLO en las tres campa\u00f1as electorales del tabasque\u00f1o por la Presidencia de la Rep\u00fablica. En la del 2012, que pierde con Enrique Pe\u00f1a, es el coordinador de campa\u00f1a.<\/p>\n\n\n\n<p>En 2018 queda al borde de la ruptura con el movimiento obradorista al neg\u00e1rsele la posibilidad de ser el candidato a la Jefatura de Gobierno capitalina pues AMLO promov\u00eda a Claudia Sheinbaum.<\/p>\n\n\n\n<p>Al final, Monreal se queda en Morena, partido del cual es fundador, participa en la campa\u00f1a presidencial ganadora de AMLO y queda al frente del Senado. Pero ya hab\u00eda probado el hielo tabasque\u00f1o. Y hoy vuelve al congelamiento, al desprecio.<\/p>\n\n\n\n<p>A sus 61 a\u00f1os de edad y con un a\u00f1o m\u00e1s de militancia con L\u00f3pez Obrador (24), que en el PRI (23), est\u00e1 en una encrucijada: permanece en Morena o se confronta desde la Oposici\u00f3n. Quiere ser candidato a la Presidencia, pero no es el favorito. No tiene interlocuci\u00f3n privilegiada con L\u00f3pez Obrador. Es el villano y lo ven como un traidor.<\/p>\n\n\n\n<p><em>\u00bfEst\u00e1s ya con un pie fuera de Morena?<\/em><\/p>\n\n\n\n<p>Estoy quiz\u00e1s viviendo una etapa dif\u00edcil de mi vida p\u00fablica, de mi vida pol\u00edtica, una etapa en la que obviamente a nadie se la deseo; en efecto, tengo casi un cuarto de siglo acompa\u00f1ando al Presidente Andr\u00e9s Manuel L\u00f3pez Obrador, soy fundador y militante de Morena y en el Senado hemos cumplido dotando al Estado mexicano de las bases jur\u00eddicas y constitucionales para llevar a cabo este proceso que se plante\u00f3 el Presidente y muchos de nosotros sobre la transformaci\u00f3n de la vida p\u00fablica.<\/p>\n\n\n\n<p>Estoy en Morena, sigo en Morena, porque en Morena hay muchas visiones, hay quienes coinciden conmigo, hay quienes no. Pero en efecto, estoy en una encrucijada porque me temo que la sucesi\u00f3n adelantada, la existencia de grupos y facciones, han distorsionado este proceso que pudiera ser democr\u00e1tico y ejemplar. Estoy tranquilo. Voy a estar en Morena y voy a luchar por su democratizaci\u00f3n y porque Morena no abandone las causas que nos dieron vida.<\/p>\n\n\n\n<p><em>Una sucesi\u00f3n adelantada que parece fratricida. Discuten, debaten y&nbsp;<\/em><em>se llevan muy fuerte, incluso con demandas penales. Encarcelaron a un&nbsp;<\/em><em>colaborador tuyo en el Senado, Jos\u00e9 Manuel del R\u00edo Virgen, en un abierto&nbsp;<\/em><em>mensaje a tu protagonismo pol\u00edtico.<\/em><\/p>\n\n\n\n<p>Una sucesi\u00f3n adelantada, una sucesi\u00f3n precipitada, fuera de toda l\u00f3gica institucional y muy alejada de cualquier ortodoxia. Para m\u00ed no es oportuna. No fue correcto haberla abierto de esa manera. No es oportuno porque estamos a mitad del periodo presidencial, que hay mucho por hacer y debemos concentrarnos en los proyectos que forman parte de este proceso de transformaci\u00f3n por el que M\u00e9xico vot\u00f3 en 2018.<\/p>\n\n\n\n<p>Y no era necesario porque contamos con un Presidente fuerte, popular, respaldado por una clara mayor\u00eda, y estos procesos adelantados la mayor\u00eda de las veces nos dan contextos de debilidad en gobiernos. Cuando se adelantan estos procesos, cuando se adelantan elecciones en reg\u00edmenes parlamentarios, normalmente lo hacen por falta de apoyo y debilidad institucional, incluso por crisis; en el caso de M\u00e9xico se cuenta con un Presidente fuerte, apreciado, seg\u00fan las encuestas, por lo que no considero que era necesario iniciar su propio proceso adelantado antes de la mitad del camino.<\/p>\n\n\n\n<p><em>Pero ya no hay reversa&#8230;<\/em><\/p>\n\n\n\n<p>Ya lo s\u00e9, pero lo consider\u00e9 inconveniente porque lamentablemente se est\u00e1n generando divisiones internas, diferencias profundas que pueden conducir a confrontaciones pol\u00edticas insalvables, en detrimento del propio movimiento.<\/p>\n\n\n\n<p>Aunque algunos voceros del propio Gobierno se la pasen diciendo que no pasa nada, yo digo que s\u00ed est\u00e1 pasando, y cada vez nos acercamos a una confrontaci\u00f3n inevitable. Pienso que el Pa\u00eds requiere de la fuerza de la unidad, para alcanzar las metas esenciales que nos propusimos, en un proceso en el que todos y todas, sin importar facci\u00f3n o ubicaci\u00f3n pol\u00edtica o parlamentaria pueda participar para resolver los grandes retos que tenemos.<\/p>\n\n\n\n<p>Morena atraviesa por una etapa cr\u00edtica, a veces se intenta soslayar, pero no se puede ocultar, y esta sucesi\u00f3n adelantada ha provocado esta guerra temprana y lamentablemente si no hay reglas claras, compromisos pol\u00edticos internos, se va agudizar, no se requiere ser tan sabio para prever que esto puede terminar mal.<\/p>\n\n\n\n<p><em>La detenci\u00f3n de Del R\u00edo \u00bfes un aviso, es un estate quieto?<\/em><\/p>\n\n\n\n<p>En todos los grupos y en todos los gobiernos hay diferencias tan naturales como inevitables y tan diversas como necesarias. El caso de Del R\u00edo se inscribe en un acto de injusticia, en un acto de persecuci\u00f3n pol\u00edtica.<\/p>\n\n\n\n<p>Su detenci\u00f3n viol\u00f3 abiertamente la presunci\u00f3n de inocencia, el debido proceso, la duda razonable. Quien lo vincul\u00f3 a proceso fue para m\u00ed un Juez de consigna del Poder Judicial local, se llama Francisco Reyes Contreras. Ves la resoluci\u00f3n y no puedes admitir que esto est\u00e9 sucediendo en pleno siglo 21.<\/p>\n\n\n\n<p>Por lo que escribe y firma es un juez de consigna. \u00c9l y el Fiscal del Estado est\u00e1n subordinados al Poder Ejecutivo.<\/p>\n\n\n\n<p><em>Hablas de un Gobernador y un Gobierno emanado de Morena<\/em><\/p>\n\n\n\n<p>No puedo proteger ni callarme los excesos de un Gobierno cual sea, porque nosotros no llegamos al poder para reproducir o repetir los actos que ven\u00edamos cuestionando y criticando como de abuso de autoridad, como autoritarios.<\/p>\n\n\n\n<p>No puedes cambiar simplemente protegiendo a quien est\u00e1 aunque cometa los mismos excesos, tienes que actuar con congruencia, aunque te se\u00f1alen y te cuestionen por defender causas justas. Yo no soy del coro de aplaudidores s\u00f3lo por el simple hecho de provenir de un movimiento.<\/p>\n\n\n\n<p>Tenemos que actuar todav\u00eda con mayor humildad y con mayor justicia para la sociedad que fue quien confi\u00f3 en nosotros. Entonces voy a actuar de manera congruente y no debe entenderse como un golpe contra Morena. Vi las pruebas que no existen, los elementos que presumen son infames, son de risa, son verdaderamente grotescos desde el punto de vista jur\u00eddico y constitucional.<\/p>\n\n\n\n<p><em>Est\u00e1s confrontado con Cuitl\u00e1huac Garc\u00eda, emanado de Morena; es&nbsp;<\/em><em>evidente que tienes diferencias con la Jefa de Gobierno, Claudia Sheinbaum;&nbsp;<\/em><em>te responsabilizan de la derrota en algunas alcald\u00edas de Morena en junio de&nbsp;<\/em><em>2021. En la fracci\u00f3n de senadores de Morena algunos ya no siguen tu&nbsp;<\/em><em>liderazgo. A veces parece que te escuchan mejor los senadores de&nbsp;<\/em><em>Movimiento Ciudadano o en el PRI, que en Morena. \u00bfCu\u00e1l es tu&nbsp;<\/em><em>circunstancia?<\/em><\/p>\n\n\n\n<p>Mi circunstancia es muy clara: soy fundador de Morena, soy militante de Morena y soy un hombre independiente de criterio y de opini\u00f3n. Tengo diferencias con quienes abusan del poder, con quienes se entronizan y cometen los mismos excesos que cuestionamos. Act\u00fao con congruencia.<\/p>\n\n\n\n<p>No tengo enemistad con la Jefa de Gobierno. Tenemos puntos de vista diferentes, a pesar de su condici\u00f3n y cercan\u00eda con el Presidente. Estoy luchando abajo e intentando que el debate de las ideas predomine por encima de esta liquidaci\u00f3n y este aniquilamiento que pretenden instaurar facciones en Morena.<\/p>\n\n\n\n<p>Por eso yo te dir\u00eda que con el Presidente de la Rep\u00fablica soy aliado desde hace 24 a\u00f1os y con el Presidente no buscar\u00e9 ni aceptar\u00e9 confrontaci\u00f3n alguna, voy a luchar al interior del partido, aunque no creo que en igualdad de circunstancias porque no las hay, no hay piso parejo, pero voy a intentar luchar y mantenernos con el debate de ideas, no con la descalificaci\u00f3n ni con el desprestigio.<\/p>\n\n\n\n<p>Como miembros de Morena deber\u00edamos pedirle cuentas a quienes est\u00e1n mal gobernando en municipios o entidades federativas. No podemos solapar excesos, eso no es por lo que luchamos.<\/p>\n\n\n\n<p>Claro, esto me aleja de un sector de la nomenclatura pol\u00edtico-partidista y me aleja de un sector adicto al Presidente, pero no es mi intenci\u00f3n confrontarme con el Presidente, sino darle a la sociedad un debate inteligente y racional para que valoren la sucesi\u00f3n que ocurrir\u00e1 en dos a\u00f1os, a destiempo destapada e iniciada, pero finalmente estoy en mi trabajo y estoy haciendo todo lo que puedo para realizarlo.<\/p>\n\n\n\n<p><em>\u00bfVes al Presidente a la cabeza de la campa\u00f1a de Claudia&nbsp;<\/em><em>Sheinbaum?<\/em><\/p>\n\n\n\n<p>Puedo decir que lo conozco muy bien desde hace 24 a\u00f1os. Podr\u00eda decir que el Presidente es un dem\u00f3crata, que en mi vida p\u00fablica, me consta su actitud de ser dem\u00f3crata. Tuve una diferencia que la salvamos en el 2017 con motivo de la encuesta de la candidatura a la Jefatura de Gobierno.<\/p>\n\n\n\n<p>Las encuestas que est\u00e1n siendo usadas no son lo m\u00e1s correcto; vemos ahora que no hay satisfacci\u00f3n sobre la forma en que se seleccionan a candidatos y candidatas, respeto lo que se hizo, pero las expresiones est\u00e1n vivas.<\/p>\n\n\n\n<p>Debo advertir que el Presidente es muy fuerte, el Presidente L\u00f3pez Obrador goza de un acompa\u00f1amiento impresionante de militantes y simpatizantes, no solo en Morena, sino con independientes y aliados.<\/p>\n\n\n\n<p>Quiere decir que cualquier gesto o se\u00f1alamiento, cualquier expresi\u00f3n en favor de uno u otro es muy pesada, y obviamente si a una se le apapacha, si al otro se le reconoce y a uno m\u00e1s se le ignora y se le congela, pues la expresi\u00f3n de la militancia es reflejo de lo que \u00e9l est\u00e1 expresando.<\/p>\n\n\n\n<p>Estoy tranquilo, he jugado las reglas de la pol\u00edtica toda mi vida, he caminado contra corriente, nunca la nomenclatura, nunca el poder p\u00fablico en funci\u00f3n ha sido mi aliado, mi promotor o mi patrocinador, nunca he corrido con esa ventaja, siempre he caminado en desventaja, ahora no es la excepci\u00f3n.<\/p>\n\n\n\n<p>Ni reclamo patrocinio ni que se incrusten en el gobierno personajes que simpaticen conmigo, lo \u00fanico que quiero es que se democratice la decisi\u00f3n del partido en el momento de tomarla.<\/p>\n\n\n\n<p>Lo \u00fanico que quiero es que haya justicia para los humillados, los perseguidos pol\u00edticos, para aquellos a los que siempre nuestra bandera fue orientada, por esa raz\u00f3n estoy muy sereno y muy tranquilo en lo que viene, pero me temo que van candidatos y les venden que fue una persona la que ayud\u00f3 a ser candidatos, y estas cargadas previas y aceleradas van a generar un problema serio.<\/p>\n\n\n\n<p>Si no hay la apertura siempre ocurren rupturas; si no hay sensibilidad y la propia condici\u00f3n de participaci\u00f3n, si hay solo la persecuci\u00f3n, el deterioro y la descalificaci\u00f3n ocurren siempre circunstancias adversas que ponen en riesgo la continuaci\u00f3n de un proyecto pol\u00edtico.<\/p>\n\n\n\n<p><em>\u00bfUna escisi\u00f3n como la del 88 que encabez\u00f3 Cuauht\u00e9moc C\u00e1rdenas,&nbsp;<\/em><em>Porfirio Mu\u00f1oz Ledo e Ifigenia Mart\u00ednez? \u00bfD\u00f3nde en el 2024 veamos en la&nbsp;<\/em><em>boleta dos o tres candidatos emanados de Morena, pero confrontados?<\/em><\/p>\n\n\n\n<p>Es una pregunta muy fuerte. Viv\u00ed de cerca el movimiento que inici\u00f3 en 1986, porque ah\u00ed inici\u00f3 con el surgimiento de las primeras expresiones de la corriente democr\u00e1tica en el PRI, que encabezaba la senadora Ifigenia Mart\u00ednez, Cuauht\u00e9moc C\u00e1rdenas y Porfirio Mu\u00f1oz Ledo.<\/p>\n\n\n\n<p>Aquel episodio tuvo caracter\u00edsticas particulares, se dio en el contexto de un modelo partidista agotado, cuyos beneficiarios no quer\u00edan reconocer que era un esquema que no daba m\u00e1s.<\/p>\n\n\n\n<p>Ahora encontramos un movimiento respaldado por la mayor\u00eda que no est\u00e1 ni remotamente agotado, por el contrario, lo que todos queremos es que esa vigencia nos alcance a lograr la transformaci\u00f3n de las instituciones, lo que hemos planteado, el cambio de r\u00e9gimen, la nueva cultura democr\u00e1tica.<\/p>\n\n\n\n<p>Por eso creo que m\u00e1s all\u00e1 de referencias distantes, lo que sucede ahora coincide con dos principios de aquel movimiento y que lo satanizaron y persiguieron: democratizaci\u00f3n y justicia.<\/p>\n\n\n\n<p>Ese movimiento de escisi\u00f3n al interior del PRI no tuvo eco ni atenci\u00f3n, y la soberbia y la sordera del poder en los 80 impidieron gestionar adecuadamente aquel conflicto. En 1988 esa elecci\u00f3n no la gan\u00f3 el PRI. De eso se trata: de aprender de las experiencias, de escuchar distintas voces y opiniones, no alimentar solo la confrontaci\u00f3n irracional sin sentido, sino dar paso al debate de ideas, plataformas, de an\u00e1lisis de pol\u00edticas p\u00fablicas<\/p>\n\n\n\n<p>Estamos a tiempo de evitar que la caracter\u00edstica principal de la etapa moderna de Morena sea la pugna y la purga y no el di\u00e1logo y la conciliaci\u00f3n.<\/p>\n\n\n\n<p><em>\u00bfEsta sucesi\u00f3n es depuraci\u00f3n?<\/em><\/p>\n\n\n\n<p>Pugna y purga a nadie le conviene.<\/p>\n\n\n\n<p>En 2013, Ricardo Monreal public\u00f3 el libro \u00abLa larga traves\u00eda\u00bb a prop\u00f3sito de la campa\u00f1a presidencial de L\u00f3pez Obrador de 2012 y ah\u00ed propone que la izquierda debe recorrerse al centro para lograr apoyo. Al recordar ese pasaje se le muestra al senador un extracto del discurso del 1 de diciembre de 2021 donde L\u00f3pez Obrador advierte a sus correligionarios que es un error correrse al centro.<\/p>\n\n\n\n<p>\u00abNada se logra con las medias tintas, los publicistas del periodo neoliberal, que ya se fue, se est\u00e1 terminando esa pesadilla, los publicistas del periodo neoliberal, adem\u00e1s de la risa fingida, el peinado engominado y la falsedad de la imagen, siempre recomiendan a los gobernantes, a los candidatos, correrse al centro, es decir, quedar bien con todos. \u00a1Pues no, eso es un error! El noble oficio de la pol\u00edtica exige autenticidad y definiciones. Ser de izquierda es anclarnos a nuestros ideales y principios, no desdibujarnos, no zigzaguear, si somos aut\u00e9nticos, si hablamos con la verdad y nos pronunciamos por los pobres y la justicia mantendremos identidad\u00bb.<\/p>\n\n\n\n<p>\u00bfSigues pensando como en el 2012 que hay que correrse al centro?<\/p>\n\n\n\n<p>La definici\u00f3n ideol\u00f3gica del Presidente es clara y no la discuto, la respeto. Escrib\u00ed en \u00abLa larga traves\u00eda\u00bb, porque fui el coordinador de la campa\u00f1a en 2012 y escuchaba en muchos foros y muchas partes la simpat\u00eda por L\u00f3pez Obrador, siendo candidato, pero su resistencia a aceptar una izquierda radical era de voces expresadas de manera casi general.<\/p>\n\n\n\n<p>La izquierda es una definici\u00f3n pol\u00edtica, es un pensamiento universal, nutrido de conciencia social, de solidaridad, de respaldar las causas, la m\u00e1s vulnerable, la m\u00e1s desprotegida; de esta fuerza que puede impulsar pol\u00edticas p\u00fablicas progresistas sin estridencia, sin excesos, sin violaciones a la Constituci\u00f3n. Esa es la izquierda en la que creo.<\/p>\n\n\n\n<p>En la que es capaz de dialogar, la que tiene sentido para negociar, la que puede sentarse a escuchar opiniones diversas y hasta encontradas y buscar soluciones para el Pa\u00eds, la que prefiere conciliar que confrontar. Una izquierda que lucha por la democracia, por el respeto a los derechos humanos, por el cuidado al medio ambiente, por la justicia.<\/p>\n\n\n\n<p>Si hacemos un an\u00e1lisis retrospectivo, en el 2018 se hizo, correrse al centro. C\u00f3mo invitabas a sectores que nunca hab\u00edan estado con nosotros, incluso de extrema derecha, gente que renunci\u00f3 para incorporarse, y el discurso del Presidente no fue como en el 2012. Al llamar a personalidades distintas, del PAN, del PRI, del PRD mismo, hizo una amalgama, hizo una masa o un universo, en la convocatoria de distintas personalidades.<\/p>\n\n\n\n<p><em>\u00bfEs vigente correrse al centro?<\/em><\/p>\n\n\n\n<p>Ese corrimiento que se dio es lo que logr\u00f3 la contundencia. No estoy de acuerdo con radicalizar, ni la extrema derecha ni la extrema izquierda. Me acerco m\u00e1s al perfil socialdem\u00f3crata de los pa\u00edses n\u00f3rdicos; simpatizo m\u00e1s con la socialdemocracia que con los radicalismos, no creo en eso. Creo que la sociedad puede generar una condici\u00f3n de buen gobierno con pol\u00edticas progresistas, muy claras, sin que caigamos en excesos y en una geometr\u00eda pol\u00edtica excesiva.<\/p>\n\n\n\n<p><em>Lo que hoy escuchamos, lo que se pretende desde el gobierno, es&nbsp;<\/em><em>radicalizar, profundizar los cambios que han emprendido y eso significar\u00eda&nbsp;<\/em><em>que un eventual candidato de Morena a 2024 representar\u00eda la profundizaci\u00f3n&nbsp;<\/em><em>de lo que ha hecho el gobierno de la 4T. Si as\u00ed fuera no tendr\u00edas cabida.<\/em><\/p>\n\n\n\n<p>En Morena hay gente racional. La mayor\u00eda de los simpatizantes, los que votamos en 2018, es gente con principios que quiere pol\u00edticas progresistas, que quiere enfrentar los retos que estamos padeciendo, que quiere que atendamos el problema de la seguridad p\u00fablica, de los perseguidos, el problema del medio ambiente, de la justicia; que nos inclinemos por la educaci\u00f3n, que fortalezcamos instituciones de educaci\u00f3n p\u00fablica y respetemos la educaci\u00f3n privada, que reforcemos esquemas de salud. Son el ideario de pol\u00edticas progresistas de la socialdemocracia.<\/p>\n\n\n\n<p>Muchos militantes de Morena no quieren luchas fratricidas, no quieren luchas facciosas que aniquilen; no quieren que haya esta purga que lamentablemente puede presentarse y es tan sencillo de ver en uno y otro extremo. Los correos de quienes llaman a aniquilar a adversarios internos que puedes ver que son puras loas a la candidata o al candidato y son pura descalificaci\u00f3n y desprestigio con el otro candidato.<\/p>\n\n\n\n<p>Es muy f\u00e1cil seguir la huella de la estrategia \u00bfD\u00f3nde me veo? Sosteniendo mis tesis y que desde antes de entrar a Morena ya las ten\u00eda, y el Presidente lo sabe, sabe que as\u00ed pienso y que nunca lo he enga\u00f1ado, sabe que no soy del ala radical de ning\u00fan partido y siempre busco el di\u00e1logo y consenso para lograr acuerdos, no creo que eso extra\u00f1e al Presidente y a un grupo de intelectuales racional.<\/p>\n\n\n\n<p>A los que llegaron nuevos y los que tienen menos tiempo, los que creen que siendo m\u00e1s radicales pueden obtener el cargo o la posici\u00f3n pol\u00edtica que anhelan, all\u00e1 ellos. Se equivocan, porque no va a quedar Pa\u00eds para nadie, el aniquilamiento s\u00f3lo deja destrucci\u00f3n, creo que la sociedad mexicana est\u00e1 lista para continuar este proceso de transformaci\u00f3n y para continuar los retos del presente.<\/p>\n\n\n\n<p>Creo que tengo cabida en Morena y puedo ganar en Morena y puedo lograr la transformaci\u00f3n de este proceso que inici\u00f3 el Presidente L\u00f3pez Obrador.<\/p>\n\n\n\n<p><em>Escuch\u00e1ndote, la \u00fanica manera para que puedas estar en las boletas&nbsp;<\/em><em>como candidato a la Presidencia no parece ser por Morena, sino en&nbsp;<\/em><em>oposici\u00f3n a Morena.<\/em><\/p>\n\n\n\n<p>Espero que no, ya pas\u00e9 una historia con un Presidente de la Rep\u00fablica, espero que no, mi vida ha sido siempre cuesta arriba, formada en la adversidad, lo sabe la gente, gracias al pueblo, a los ciudadanos, he ganado y he logrado transitar en mis distintos cargos p\u00fablicos, pero ha sido la ciudadan\u00eda la que me ha sacado, nunca ha sido, ni la nomenclatura de un partido ni la c\u00fapula de un poder.Hora de publicaci\u00f3n: 05:00 hrs.<\/p>\n","protected":false},"excerpt":{"rendered":"<p>ROBERTO ZAMARRIPA \/ MURAL Cd. de M\u00e9xico&nbsp;(09 enero 2022).-&nbsp;Ricardo Monreal responde: \u00abespero que no, espero que no\u00bb cuando se le [&hellip;]<\/p>\n","protected":false},"author":1,"featured_media":18957,"comment_status":"open","ping_status":"open","sticky":false,"template":"","format":"standard","meta":{"site-sidebar-layout":"default","site-content-layout":"","ast-site-content-layout":"default","site-content-style":"default","site-sidebar-style":"default","ast-global-header-display":"","ast-banner-title-visibility":"","ast-main-header-display":"","ast-hfb-above-header-display":"","ast-hfb-below-header-display":"","ast-hfb-mobile-header-display":"","site-post-title":"","ast-breadcrumbs-content":"","ast-featured-img":"","footer-sml-layout":"","theme-transparent-header-meta":"","adv-header-id-meta":"","stick-header-meta":"","header-above-stick-meta":"","header-main-stick-meta":"","header-below-stick-meta":"","astra-migrate-meta-layouts":"default","ast-page-background-enabled":"default","ast-page-background-meta":{"desktop":{"background-color":"var(--ast-global-color-4)","background-image":"","background-repeat":"repeat","background-position":"center center","background-size":"auto","background-attachment":"scroll","background-type":"","background-media":"","overlay-type":"","overlay-color":"","overlay-opacity":"","overlay-gradient":""},"tablet":{"background-color":"","background-image":"","background-repeat":"repeat","background-position":"center center","background-size":"auto","background-attachment":"scroll","background-type":"","background-media":"","overlay-type":"","overlay-color":"","overlay-opacity":"","overlay-gradient":""},"mobile":{"background-color":"","background-image":"","background-repeat":"repeat","background-position":"center center","background-size":"auto","background-attachment":"scroll","background-type":"","background-media":"","overlay-type":"","overlay-color":"","overlay-opacity":"","overlay-gradient":""}},"ast-content-background-meta":{"desktop":{"background-color":"var(--ast-global-color-5)","background-image":"","background-repeat":"repeat","background-position":"center center","background-size":"auto","background-attachment":"scroll","background-type":"","background-media":"","overlay-type":"","overlay-color":"","overlay-opacity":"","overlay-gradient":""},"tablet":{"background-color":"var(--ast-global-color-5)","background-image":"","background-repeat":"repeat","background-position":"center center","background-size":"auto","background-attachment":"scroll","background-type":"","background-media":"","overlay-type":"","overlay-color":"","overlay-opacity":"","overlay-gradient":""},"mobile":{"background-color":"var(--ast-global-color-5)","background-image":"","background-repeat":"repeat","background-position":"center center","background-size":"auto","background-attachment":"scroll","background-type":"","background-media":"","overlay-type":"","overlay-color":"","overlay-opacity":"","overlay-gradient":""}},"footnotes":""},"categories":[8],"tags":[4700],"class_list":["post-18956","post","type-post","status-publish","format-standard","has-post-thumbnail","hentry","category-noticias","tag-ricardo-monreal-avila"],"_links":{"self":[{"href":"https:\/\/losperiodistas.com.mx\/portal\/wp-json\/wp\/v2\/posts\/18956","targetHints":{"allow":["GET"]}}],"collection":[{"href":"https:\/\/losperiodistas.com.mx\/portal\/wp-json\/wp\/v2\/posts"}],"about":[{"href":"https:\/\/losperiodistas.com.mx\/portal\/wp-json\/wp\/v2\/types\/post"}],"author":[{"embeddable":true,"href":"https:\/\/losperiodistas.com.mx\/portal\/wp-json\/wp\/v2\/users\/1"}],"replies":[{"embeddable":true,"href":"https:\/\/losperiodistas.com.mx\/portal\/wp-json\/wp\/v2\/comments?post=18956"}],"version-history":[{"count":1,"href":"https:\/\/losperiodistas.com.mx\/portal\/wp-json\/wp\/v2\/posts\/18956\/revisions"}],"predecessor-version":[{"id":18958,"href":"https:\/\/losperiodistas.com.mx\/portal\/wp-json\/wp\/v2\/posts\/18956\/revisions\/18958"}],"wp:featuredmedia":[{"embeddable":true,"href":"https:\/\/losperiodistas.com.mx\/portal\/wp-json\/wp\/v2\/media\/18957"}],"wp:attachment":[{"href":"https:\/\/losperiodistas.com.mx\/portal\/wp-json\/wp\/v2\/media?parent=18956"}],"wp:term":[{"taxonomy":"category","embeddable":true,"href":"https:\/\/losperiodistas.com.mx\/portal\/wp-json\/wp\/v2\/categories?post=18956"},{"taxonomy":"post_tag","embeddable":true,"href":"https:\/\/losperiodistas.com.mx\/portal\/wp-json\/wp\/v2\/tags?post=18956"}],"curies":[{"name":"wp","href":"https:\/\/api.w.org\/{rel}","templated":true}]}}