{"id":18953,"date":"2022-01-09T09:09:30","date_gmt":"2022-01-09T15:09:30","guid":{"rendered":"http:\/\/losperiodistas.com.mx\/portal\/?p=18953"},"modified":"2022-01-09T09:09:31","modified_gmt":"2022-01-09T15:09:31","slug":"el-papa-bautiza-16-ninos-a-los-padres-custodien-la-identidad-cristiana-vatican-news","status":"publish","type":"post","link":"https:\/\/losperiodistas.com.mx\/portal\/el-papa-bautiza-16-ninos-a-los-padres-custodien-la-identidad-cristiana-vatican-news\/","title":{"rendered":"El Papa bautiza 16 ni\u00f1os. A los padres: custodien la identidad cristiana | Vatican News"},"content":{"rendered":"\n<p style=\"font-size:18px\"><em>\u00abEste es vuestro trabajo durante vuestra vida: custodiar la identidad cristiana de vuestros hijos\u00bb, dijo el Papa Francisco en su homil\u00eda de la misa con el rito del bautismo de 16 ni\u00f1os. La Capilla Sixtina resuena con las voces de los peque\u00f1os y el Papa habla brevemente en un ambiente de celebraci\u00f3n y gran emoci\u00f3n. La Iglesia acoge hoy con alegr\u00eda a sus nuevos hijos<\/em><\/p>\n\n\n\n<p><\/p>\n\n\n\n<figure class=\"wp-block-embed is-type-video is-provider-youtube wp-block-embed-youtube wp-embed-aspect-16-9 wp-has-aspect-ratio\"><div class=\"wp-block-embed__wrapper\">\n<iframe title=\"09 de enero 2022, Santa Misa Bautismo del Se\u00f1or | Papa Francisco\" width=\"500\" height=\"281\" src=\"https:\/\/www.youtube.com\/embed\/wKjgsEHKg1Y?feature=oembed\" frameborder=\"0\" allow=\"accelerometer; autoplay; clipboard-write; encrypted-media; gyroscope; picture-in-picture; web-share\" referrerpolicy=\"strict-origin-when-cross-origin\" allowfullscreen><\/iframe>\n<\/div><\/figure>\n\n\n\n<p><\/p>\n\n\n\n<p class=\"has-vivid-cyan-blue-color has-text-color has-medium-font-size\">VATICAN NEWS<\/p>\n\n\n\n<p>Hoy la Iglesia celebra la fiesta del Bautismo del Se\u00f1or y, tras la pausa del a\u00f1o pasado, debido a la pandemia, el Papa Francisco retoma la costumbre de impartir, en este domingo, el bautismo a algunos hijos reci\u00e9n nacidos de empleados del Vaticano. En esta ocasi\u00f3n, diecis\u00e9is ni\u00f1os y ni\u00f1as reciben el sacramento de manos del Papa, que les introduce en la vida cristiana en un contexto muy especial: la Capilla Sixtina. La \u00faltima vez, el 12 de enero de 2020, hab\u00edan sido 32, y el Papa hab\u00eda pronunciado una breve homil\u00eda de forma improvisada para no \u00abcansar\u00bb a los peque\u00f1os y a sus padres que se debat\u00edan entre gritos y llantos, especialmente a las madres a las que Francisco hab\u00eda dicho que se sintieran libres de amamantar a sus beb\u00e9s all\u00ed en la Capilla.<\/p>\n\n\n\n<p>\u00abQueridos ni\u00f1os, con gran alegr\u00eda la Iglesia os acoge\u00bb, dice el Papa antes de marcar en cada uno de ellos, tra\u00eddos al Papa por sus padres, el signo distintivo de la fe cristiana, la se\u00f1al de la cruz.&nbsp;La homil\u00eda del Papa Francisco es muy breve e improvisada, como ya hab\u00eda hecho en el pasado en la misma ocasi\u00f3n.<\/p>\n\n\n\n<p><em>Hoy conmemoramos el Bautismo del Se\u00f1or. Hay un himno lit\u00fargico muy bello -en la fiesta de hoy- que dice que el pueblo de Israel fue al Jord\u00e1n con los pies descalzos y el alma desnuda, es decir, un alma que quer\u00eda ser ba\u00f1ada por Dios, que no ten\u00eda riquezas, que necesitaba a Dios. Estos ni\u00f1os vienen hoy aqu\u00ed con los pies descalzos y el alma desnuda para recibir la justificaci\u00f3n de Dios, la fuerza de Jes\u00fas, la fuerza para seguir adelante en la vida, para recibir la identidad cristiana. Es esto, sencillamente. Sus hijos recibir\u00e1n hoy su identidad cristiana. Y vosotros, padres y padrinos, deb\u00e9is custodiar esta identidad. Este es su trabajo a lo largo de su vida: custodiar la identidad cristiana de sus hijos. Es un trabajo de todos los d\u00edas, hacerlos crecer con la luz que recibir\u00e1n hoy. Eso es todo lo que quer\u00eda decir.<\/em><\/p>\n\n\n\n<figure class=\"wp-block-pullquote\"><blockquote><p>\u201cEste es el mensaje de hoy: custodiar la identidad cristiana que hab\u00e9is tra\u00eddo hoy para que vuestros hijos la reciban.\u201d<\/p><\/blockquote><\/figure>\n\n\n\n<figure class=\"wp-block-image\"><img decoding=\"async\" src=\"https:\/\/www.vaticannews.va\/content\/dam\/vaticannews\/agenzie\/images\/srv\/2022\/01\/09\/2022-01-09-santa-messa-con-battesimi\/1641721014798.JPG\/_jcr_content\/renditions\/cq5dam.thumbnail.cropped.750.422.jpeg\" alt=\"Santa Misa con el Bautismo de 16 ni\u00f1os en la Capilla Sixtina\"\/><\/figure>\n\n\n\n<p>Santa Misa con el Bautismo de 16 ni\u00f1os en la Capilla Sixtina<\/p>\n\n\n\n<p><em>En cuanto a esta ceremonia&#8230; es un poco larga, los ni\u00f1os se sienten extra\u00f1os aqu\u00ed en un entorno que no conocen. Por favor: son los protagonistas de la ceremonia. Procuren que no tengan mucho calor, lib\u00e9renlos de cosas, h\u00e1ganlos sentir c\u00f3modos, bien, y si tienen hambre, alim\u00e9ntenlos tranquilamente aqu\u00ed, frente al Se\u00f1or. No hay problema. Y si gritan, que griten, porque tienen un esp\u00edritu de comunidad, [&#8230;], podemos decir un \u00abesp\u00edritu de banda\u00bb, un esp\u00edritu de estar juntos, y basta con que uno empiece para que todos se [vuelvan] musicales y la orquesta surja inmediatamente. Dejad que lloren tranquilamente, que se sientan libres, pero que no sientan demasiado calor, y si tienen hambre, que no la tengan. Y as\u00ed, con esta paz, avancemos en la ceremonia y no olvidemos: ellos recibir\u00e1n la identidad cristiana y vuestra tarea ser\u00e1 custodiar esta identidad cristiana.<\/em><\/p>\n\n\n\n<figure class=\"wp-block-image\"><img decoding=\"async\" src=\"https:\/\/www.vaticannews.va\/content\/dam\/vaticannews\/agenzie\/images\/srv\/2022\/01\/09\/2022-01-09-santa-messa-con-battesimi\/1641722216951.JPG\/_jcr_content\/renditions\/cq5dam.thumbnail.cropped.750.422.jpeg\" alt=\"Santa Misa con el Bautismo de 16 ni\u00f1os en la Capilla Sixtina\"\/><\/figure>\n\n\n\n<p>Santa Misa con el Bautismo de 16 ni\u00f1os en la Capilla Sixtina<\/p>\n\n\n\n<p>Despu\u00e9s de la invocaci\u00f3n a todos los Santos, los dos concelebrantes, el Cardenal Konrad Krajewski, Limosnero Apost\u00f3lico, y Monse\u00f1or Fernando V\u00e9rgez Alzaga, Presidente de la Gobernaci\u00f3n del Estado de la Ciudad del Vaticano, marcaron a cada reci\u00e9n nacido en el pecho con el aceite consagrado, signo de alimento y defensa para la inevitable lucha contra el pecado y de consuelo para las inevitables heridas. A continuaci\u00f3n, el Papa ley\u00f3 las f\u00f3rmulas posteriores del rito y la profesi\u00f3n de fe pronunciada por los padres y padrinos declarando su renuncia al demonio, a sus obras y a sus seducciones. Finalmente, uno a uno los reci\u00e9n nacidos fueron llevados a la pila bautismal y Francisco virti\u00f3 el agua bendita sobre la cabeza de cada uno. A continuaci\u00f3n, se entreg\u00f3 a los peque\u00f1os la t\u00fanica blanca, s\u00edmbolo del renacimiento como nuevas criaturas, y luego la luz de Cristo: cada padre, acerc\u00e1ndose al cirio pascual enciende su propio cirio, es la luz que acompa\u00f1ar\u00e1 a los padres en el testimonio de fe de sus hijos. Al final de la celebraci\u00f3n, el Papa Francisco se detuvo a saludar a cada una de las familias presentes y a dar otra caricia cari\u00f1osa a sus peque\u00f1os.<\/p>\n\n\n\n<p><em>(Traducci\u00f3n de la homil\u00eda no oficial)<\/em><\/p>\n\n\n\n<p>Fuente: https:\/\/www.vaticannews.va\/es\/papa\/news\/2022-01\/papa-bautiza-16-ninos-padres-custodien-identidad-cristiana.html<\/p>\n","protected":false},"excerpt":{"rendered":"<p>\u00abEste es vuestro trabajo durante vuestra vida: custodiar la identidad cristiana de vuestros hijos\u00bb, dijo el Papa Francisco en su [&hellip;]<\/p>\n","protected":false},"author":1,"featured_media":18954,"comment_status":"open","ping_status":"open","sticky":false,"template":"","format":"standard","meta":{"site-sidebar-layout":"default","site-content-layout":"","ast-site-content-layout":"default","site-content-style":"default","site-sidebar-style":"default","ast-global-header-display":"","ast-banner-title-visibility":"","ast-main-header-display":"","ast-hfb-above-header-display":"","ast-hfb-below-header-display":"","ast-hfb-mobile-header-display":"","site-post-title":"","ast-breadcrumbs-content":"","ast-featured-img":"","footer-sml-layout":"","theme-transparent-header-meta":"","adv-header-id-meta":"","stick-header-meta":"","header-above-stick-meta":"","header-main-stick-meta":"","header-below-stick-meta":"","astra-migrate-meta-layouts":"default","ast-page-background-enabled":"default","ast-page-background-meta":{"desktop":{"background-color":"var(--ast-global-color-4)","background-image":"","background-repeat":"repeat","background-position":"center center","background-size":"auto","background-attachment":"scroll","background-type":"","background-media":"","overlay-type":"","overlay-color":"","overlay-opacity":"","overlay-gradient":""},"tablet":{"background-color":"","background-image":"","background-repeat":"repeat","background-position":"center center","background-size":"auto","background-attachment":"scroll","background-type":"","background-media":"","overlay-type":"","overlay-color":"","overlay-opacity":"","overlay-gradient":""},"mobile":{"background-color":"","background-image":"","background-repeat":"repeat","background-position":"center center","background-size":"auto","background-attachment":"scroll","background-type":"","background-media":"","overlay-type":"","overlay-color":"","overlay-opacity":"","overlay-gradient":""}},"ast-content-background-meta":{"desktop":{"background-color":"var(--ast-global-color-5)","background-image":"","background-repeat":"repeat","background-position":"center center","background-size":"auto","background-attachment":"scroll","background-type":"","background-media":"","overlay-type":"","overlay-color":"","overlay-opacity":"","overlay-gradient":""},"tablet":{"background-color":"var(--ast-global-color-5)","background-image":"","background-repeat":"repeat","background-position":"center center","background-size":"auto","background-attachment":"scroll","background-type":"","background-media":"","overlay-type":"","overlay-color":"","overlay-opacity":"","overlay-gradient":""},"mobile":{"background-color":"var(--ast-global-color-5)","background-image":"","background-repeat":"repeat","background-position":"center center","background-size":"auto","background-attachment":"scroll","background-type":"","background-media":"","overlay-type":"","overlay-color":"","overlay-opacity":"","overlay-gradient":""}},"footnotes":""},"categories":[8],"tags":[6768,5178,196],"class_list":["post-18953","post","type-post","status-publish","format-standard","has-post-thumbnail","hentry","category-noticias","tag-bautizos","tag-capilla-sixtina","tag-papa-francisco"],"_links":{"self":[{"href":"https:\/\/losperiodistas.com.mx\/portal\/wp-json\/wp\/v2\/posts\/18953","targetHints":{"allow":["GET"]}}],"collection":[{"href":"https:\/\/losperiodistas.com.mx\/portal\/wp-json\/wp\/v2\/posts"}],"about":[{"href":"https:\/\/losperiodistas.com.mx\/portal\/wp-json\/wp\/v2\/types\/post"}],"author":[{"embeddable":true,"href":"https:\/\/losperiodistas.com.mx\/portal\/wp-json\/wp\/v2\/users\/1"}],"replies":[{"embeddable":true,"href":"https:\/\/losperiodistas.com.mx\/portal\/wp-json\/wp\/v2\/comments?post=18953"}],"version-history":[{"count":1,"href":"https:\/\/losperiodistas.com.mx\/portal\/wp-json\/wp\/v2\/posts\/18953\/revisions"}],"predecessor-version":[{"id":18955,"href":"https:\/\/losperiodistas.com.mx\/portal\/wp-json\/wp\/v2\/posts\/18953\/revisions\/18955"}],"wp:featuredmedia":[{"embeddable":true,"href":"https:\/\/losperiodistas.com.mx\/portal\/wp-json\/wp\/v2\/media\/18954"}],"wp:attachment":[{"href":"https:\/\/losperiodistas.com.mx\/portal\/wp-json\/wp\/v2\/media?parent=18953"}],"wp:term":[{"taxonomy":"category","embeddable":true,"href":"https:\/\/losperiodistas.com.mx\/portal\/wp-json\/wp\/v2\/categories?post=18953"},{"taxonomy":"post_tag","embeddable":true,"href":"https:\/\/losperiodistas.com.mx\/portal\/wp-json\/wp\/v2\/tags?post=18953"}],"curies":[{"name":"wp","href":"https:\/\/api.w.org\/{rel}","templated":true}]}}