{"id":18947,"date":"2022-01-09T09:01:59","date_gmt":"2022-01-09T15:01:59","guid":{"rendered":"http:\/\/losperiodistas.com.mx\/portal\/?p=18947"},"modified":"2022-01-09T09:01:59","modified_gmt":"2022-01-09T15:01:59","slug":"efemerides-del-9-de-enero-que-paso-un-dia-como-hoy-adn-40","status":"publish","type":"post","link":"https:\/\/losperiodistas.com.mx\/portal\/efemerides-del-9-de-enero-que-paso-un-dia-como-hoy-adn-40\/","title":{"rendered":"Efem\u00e9rides del 9 de enero: Qu\u00e9 pas\u00f3 un d\u00eda como hoy | ADN 40"},"content":{"rendered":"\n<p style=\"font-size:18px\"><em>\u00bfSabes qu\u00e9 pas\u00f3 un d\u00eda como hoy? El 9 de enero de 2007, Steve Jobs anunci\u00f3 el primer Iphone. Conoce las efem\u00e9rides de este d\u00eda.<\/em><\/p>\n\n\n\n<p><\/p>\n\n\n\n<figure class=\"wp-block-image size-large\"><img fetchpriority=\"high\" decoding=\"async\" width=\"968\" height=\"550\" src=\"https:\/\/losperiodistas.com.mx\/portal\/wp-content\/uploads\/2022\/01\/efem-enero-9.jpeg\" alt=\"\" class=\"wp-image-18951\" srcset=\"https:\/\/losperiodistas.com.mx\/portal\/wp-content\/uploads\/2022\/01\/efem-enero-9.jpeg 968w, https:\/\/losperiodistas.com.mx\/portal\/wp-content\/uploads\/2022\/01\/efem-enero-9-300x170.jpeg 300w, https:\/\/losperiodistas.com.mx\/portal\/wp-content\/uploads\/2022\/01\/efem-enero-9-768x436.jpeg 768w\" sizes=\"(max-width: 968px) 100vw, 968px\" \/><\/figure>\n\n\n\n<p><\/p>\n\n\n\n<p class=\"has-vivid-cyan-blue-color has-text-color has-medium-font-size\">ADN 40<\/p>\n\n\n\n<p>Un d\u00eda como hoy, pero de 2007, el visionario fundador de Apple, Steve Jobs, revel\u00f3 al mundo un nuevo dispositivo que cambi\u00f3 el rumbo de la tecnolog\u00eda y de los tel\u00e9fonos celulares, el Iphone.<\/p>\n\n\n\n<p>Antes de la gran revelaci\u00f3n en el evento MacWorld 2007 en San Francisco, Jobs anunci\u00f3 que revelar\u00edan tres productos revolucionarios \u201cprimero, un iPod con pantalla ancha y controles t\u00e1ctiles; segundo, un tel\u00e9fono m\u00f3vil revolucionario y tercero, un sistema novedoso de comunicaci\u00f3n online\u201d<\/p>\n\n\n\n<p>Luego de unos instantes, Jobs aclar\u00f3 que \u201cestos no son tres dispositivos: es uno solo\u201d, para finalmente develar la nueva invenci\u00f3n de Apple, Iphone.<\/p>\n\n\n\n<figure class=\"wp-block-image\"><img decoding=\"async\" src=\"https:\/\/tvazteca.brightspotcdn.com\/dims4\/default\/fed7698\/2147483647\/strip\/true\/crop\/1100x736+0+0\/resize\/968x648!\/format\/jpg\/quality\/80\/?url=https%3A%2F%2Ftvazteca.brightspotcdn.com%2F88%2Fc2%2Ffdb05a234bca82455cb40fb19772%2Fefemerides-9-de-enero.jpg\" alt=\"efem\u00e9rides 9 de enero\"\/><figcaption>Steve Jobs en el MacWorld 2007<\/figcaption><\/figure>\n\n\n\n<p>Con esa presentaci\u00f3n, Apple introdujo una revoluci\u00f3n en la industria de telefon\u00eda m\u00f3vil, especialmente con el impulso que dio a la interfaz t\u00e1ctil a favor de los teclados f\u00edsicos.<\/p>\n\n\n\n<h2 class=\"wp-block-heading\">Qu\u00e9 se conmemora cada 9 de enero<\/h2>\n\n\n\n<p>1799: en Inglaterra, el primer ministro William Pitt impuso el primer impuesto a la renta para colectar fondos para la guerra contra Napole\u00f3n.<\/p>\n\n\n\n<p>1822: en Brasil, el pr\u00edncipe portugu\u00e9s Pedro I de Brasil decidi\u00f3 quedarse, contra las \u00f3rdenes del rey portugu\u00e9s Jo\u00e3o VI, iniciando el proceso de independencia de Brasil.<\/p>\n\n\n\n<p>1894: Lexington (Massachusetts) la empresa New England Telephone and Telegraph instal\u00f3 el primer tel\u00e9fono operado con bater\u00eda.<\/p>\n\n\n\n<p>1951: en Nueva York, la Organizaci\u00f3n de las Naciones Unidas inaugur\u00f3 oficialmente su sede.<\/p>\n\n\n\n<figure class=\"wp-block-image\"><img decoding=\"async\" src=\"https:\/\/tvazteca.brightspotcdn.com\/dims4\/default\/c0f9859\/2147483647\/strip\/true\/crop\/1100x733+0+0\/resize\/968x645!\/format\/jpg\/quality\/80\/?url=https%3A%2F%2Ftvazteca.brightspotcdn.com%2F3c%2F7e%2F599df3c74420bf71425a781495a4%2Fefemerides-9-de-enero.jpg\" alt=\"efem\u00e9rides 9 de enero\"\/><figcaption>Sede de la ONU en Nueva York<\/figcaption><\/figure>\n\n\n\n<p>1954: en Nueva York IBM present\u00f3 la primera calculadora de circuitos integrados o cerebro electr\u00f3nico.<\/p>\n\n\n\n<p>1988: en Boston, cient\u00edficos del Instituto Whitehead lograron aislar el TDF (gen responsable del sexo humano), localizado en el cromosoma Y, que est\u00e1 presente solo en los hombres.<\/p>\n\n\n\n<p>1999: en los Estados Unidos se patenta el PageRank, una familia de algoritmos que es la base fundamental del software de Google.<\/p>\n\n\n\n<p>2009: en Internet, Satoshi Nakamoto min\u00f3 el primer bloque de la cadena de bloques de Bitcoin, tambi\u00e9n conocido como el \u201cbloque g\u00e9nesis\u201d generando los primeros 50 bitcoins (BTC) de un total m\u00e1ximo de 21 millones.<\/p>\n\n\n\n<p>2012: en Z\u00farich (Suiza), Lionel Messi gan\u00f3 su tercer Bal\u00f3n de Oro por sobre Cristiano Ronaldo y Xavi Hern\u00e1ndez. Igual\u00f3 a Johan Cruyff, Marco van Basten y Michel Platini en el n\u00famero de trofeos<\/p>\n\n\n\n<p>2020: Primera persona fallecida por COVID-19.<\/p>\n\n\n\n<h2 class=\"wp-block-heading\">Efem\u00e9rides de M\u00e9xico<\/h2>\n\n\n\n<p>De acuerdo con la Secretar\u00eda de Educaci\u00f3n P\u00fablica (SEP) estas son algunas de las&nbsp;<strong>efem\u00e9rides<\/strong>&nbsp;de M\u00e9xico de cada&nbsp;<strong>9 de enero<\/strong>:<\/p>\n\n\n\n<p>1900. Muri\u00f3 el general Felipe Berrioz\u00e1bal, liberal que luch\u00f3 en la Guerra de Reforma y contra la Intervenci\u00f3n Francesa.<\/p>\n\n\n\n<p>1937. Lleg\u00f3 como refugiado a M\u00e9xico Le\u00f3n Trotsky uno de los principales l\u00edderes revolucionarios sovi\u00e9ticos.<\/p>\n\n\n\n<figure class=\"wp-block-embed is-type-rich is-provider-twitter wp-block-embed-twitter\"><div class=\"wp-block-embed__wrapper\">\n<blockquote class=\"twitter-tweet\" data-width=\"500\" data-dnt=\"true\"><p lang=\"es\" dir=\"ltr\">Perseguido por Stalin, Le\u00f3n Trotsky acompa\u00f1ado de su esposa Natacha Sedoff y su nieto llega a M\u00e9xico el 9 de enero de 1937; el presidente L\u00e1zaro C\u00e1rdenas le concedi\u00f3 asilo pol\u00edtico. <a href=\"https:\/\/t.co\/DF3Y0y14iH\">pic.twitter.com\/DF3Y0y14iH<\/a><\/p>&mdash; Historia M\u00e9xico (@historia_mexico) <a href=\"https:\/\/twitter.com\/historia_mexico\/status\/1083174885545963520?ref_src=twsrc%5Etfw\">January 10, 2019<\/a><\/blockquote><script async src=\"https:\/\/platform.twitter.com\/widgets.js\" charset=\"utf-8\"><\/script>\n<\/div><\/figure>\n\n\n\n<p>Fuente: https:\/\/www.adn40.mx\/mexico\/efemerides-del-9-de-enero-me-especial<\/p>\n","protected":false},"excerpt":{"rendered":"<p>\u00bfSabes qu\u00e9 pas\u00f3 un d\u00eda como hoy? El 9 de enero de 2007, Steve Jobs anunci\u00f3 el primer Iphone. Conoce [&hellip;]<\/p>\n","protected":false},"author":1,"featured_media":18951,"comment_status":"open","ping_status":"open","sticky":false,"template":"","format":"standard","meta":{"site-sidebar-layout":"default","site-content-layout":"","ast-site-content-layout":"default","site-content-style":"default","site-sidebar-style":"default","ast-global-header-display":"","ast-banner-title-visibility":"","ast-main-header-display":"","ast-hfb-above-header-display":"","ast-hfb-below-header-display":"","ast-hfb-mobile-header-display":"","site-post-title":"","ast-breadcrumbs-content":"","ast-featured-img":"","footer-sml-layout":"","theme-transparent-header-meta":"","adv-header-id-meta":"","stick-header-meta":"","header-above-stick-meta":"","header-main-stick-meta":"","header-below-stick-meta":"","astra-migrate-meta-layouts":"default","ast-page-background-enabled":"default","ast-page-background-meta":{"desktop":{"background-color":"var(--ast-global-color-4)","background-image":"","background-repeat":"repeat","background-position":"center center","background-size":"auto","background-attachment":"scroll","background-type":"","background-media":"","overlay-type":"","overlay-color":"","overlay-opacity":"","overlay-gradient":""},"tablet":{"background-color":"","background-image":"","background-repeat":"repeat","background-position":"center center","background-size":"auto","background-attachment":"scroll","background-type":"","background-media":"","overlay-type":"","overlay-color":"","overlay-opacity":"","overlay-gradient":""},"mobile":{"background-color":"","background-image":"","background-repeat":"repeat","background-position":"center center","background-size":"auto","background-attachment":"scroll","background-type":"","background-media":"","overlay-type":"","overlay-color":"","overlay-opacity":"","overlay-gradient":""}},"ast-content-background-meta":{"desktop":{"background-color":"var(--ast-global-color-5)","background-image":"","background-repeat":"repeat","background-position":"center center","background-size":"auto","background-attachment":"scroll","background-type":"","background-media":"","overlay-type":"","overlay-color":"","overlay-opacity":"","overlay-gradient":""},"tablet":{"background-color":"var(--ast-global-color-5)","background-image":"","background-repeat":"repeat","background-position":"center center","background-size":"auto","background-attachment":"scroll","background-type":"","background-media":"","overlay-type":"","overlay-color":"","overlay-opacity":"","overlay-gradient":""},"mobile":{"background-color":"var(--ast-global-color-5)","background-image":"","background-repeat":"repeat","background-position":"center center","background-size":"auto","background-attachment":"scroll","background-type":"","background-media":"","overlay-type":"","overlay-color":"","overlay-opacity":"","overlay-gradient":""}},"footnotes":""},"categories":[8],"tags":[5128,6766,177,6767],"class_list":["post-18947","post","type-post","status-publish","format-standard","has-post-thumbnail","hentry","category-noticias","tag-iphone","tag-leon-trotsky","tag-onu","tag-steve-jobs"],"_links":{"self":[{"href":"https:\/\/losperiodistas.com.mx\/portal\/wp-json\/wp\/v2\/posts\/18947","targetHints":{"allow":["GET"]}}],"collection":[{"href":"https:\/\/losperiodistas.com.mx\/portal\/wp-json\/wp\/v2\/posts"}],"about":[{"href":"https:\/\/losperiodistas.com.mx\/portal\/wp-json\/wp\/v2\/types\/post"}],"author":[{"embeddable":true,"href":"https:\/\/losperiodistas.com.mx\/portal\/wp-json\/wp\/v2\/users\/1"}],"replies":[{"embeddable":true,"href":"https:\/\/losperiodistas.com.mx\/portal\/wp-json\/wp\/v2\/comments?post=18947"}],"version-history":[{"count":1,"href":"https:\/\/losperiodistas.com.mx\/portal\/wp-json\/wp\/v2\/posts\/18947\/revisions"}],"predecessor-version":[{"id":18952,"href":"https:\/\/losperiodistas.com.mx\/portal\/wp-json\/wp\/v2\/posts\/18947\/revisions\/18952"}],"wp:featuredmedia":[{"embeddable":true,"href":"https:\/\/losperiodistas.com.mx\/portal\/wp-json\/wp\/v2\/media\/18951"}],"wp:attachment":[{"href":"https:\/\/losperiodistas.com.mx\/portal\/wp-json\/wp\/v2\/media?parent=18947"}],"wp:term":[{"taxonomy":"category","embeddable":true,"href":"https:\/\/losperiodistas.com.mx\/portal\/wp-json\/wp\/v2\/categories?post=18947"},{"taxonomy":"post_tag","embeddable":true,"href":"https:\/\/losperiodistas.com.mx\/portal\/wp-json\/wp\/v2\/tags?post=18947"}],"curies":[{"name":"wp","href":"https:\/\/api.w.org\/{rel}","templated":true}]}}