{"id":18940,"date":"2022-01-08T12:00:24","date_gmt":"2022-01-08T18:00:24","guid":{"rendered":"http:\/\/losperiodistas.com.mx\/portal\/?p=18940"},"modified":"2022-01-08T12:00:25","modified_gmt":"2022-01-08T18:00:25","slug":"arabia-saudi-libera-a-princesa-encarcelada-tres-anos-por-hablar-de-equidad-de-genero-dw","status":"publish","type":"post","link":"https:\/\/losperiodistas.com.mx\/portal\/arabia-saudi-libera-a-princesa-encarcelada-tres-anos-por-hablar-de-equidad-de-genero-dw\/","title":{"rendered":"Arabia Saud\u00ed libera a princesa encarcelada tres a\u00f1os por hablar de equidad de g\u00e9nero | DW"},"content":{"rendered":"\n<p style=\"font-size:18px\"><em>Las autoridades de Arabia Saud\u00ed liberaron a la princesa Basma bint Saud al Saud, hija del rey Saud (1953-1964), y a su hija Suhud al Sharif despu\u00e9s de pasar casi tres a\u00f1os presas sin cargos, dijo ONG.<\/em><\/p>\n\n\n\n<figure class=\"wp-block-image size-large\"><img fetchpriority=\"high\" decoding=\"async\" width=\"1024\" height=\"577\" src=\"https:\/\/losperiodistas.com.mx\/portal\/wp-content\/uploads\/2022\/01\/Captura-de-Pantalla-2022-01-08-a-las-11.59.14-1024x577.png\" alt=\"\" class=\"wp-image-18942\" srcset=\"https:\/\/losperiodistas.com.mx\/portal\/wp-content\/uploads\/2022\/01\/Captura-de-Pantalla-2022-01-08-a-las-11.59.14-1024x577.png 1024w, https:\/\/losperiodistas.com.mx\/portal\/wp-content\/uploads\/2022\/01\/Captura-de-Pantalla-2022-01-08-a-las-11.59.14-300x169.png 300w, https:\/\/losperiodistas.com.mx\/portal\/wp-content\/uploads\/2022\/01\/Captura-de-Pantalla-2022-01-08-a-las-11.59.14-768x433.png 768w, https:\/\/losperiodistas.com.mx\/portal\/wp-content\/uploads\/2022\/01\/Captura-de-Pantalla-2022-01-08-a-las-11.59.14.png 1398w\" sizes=\"(max-width: 1024px) 100vw, 1024px\" \/><figcaption>Mujeres en Riyadh, capital de Arabia Saud\u00ed<\/figcaption><\/figure>\n\n\n\n<p><\/p>\n\n\n\n<p class=\"has-vivid-cyan-blue-color has-text-color has-medium-font-size\">DW<\/p>\n\n\n\n<p>La ONG saud\u00ed ALQST, con sede en Londres, inform\u00f3 en sus redes sociales de la liberaci\u00f3n de las dos mujeres \u00abdetenidas desde marzo de 2019\u00bb, sin especificar la fecha de su excarcelaci\u00f3n.<\/p>\n\n\n\n<p>ALQST record\u00f3 que durante el periodo de detenci\u00f3n no se present\u00f3 ning\u00fan cargo contra Basma y fue privada de la atenci\u00f3n m\u00e9dica que precisaba por una condici\u00f3n cr\u00edtica de salud que no precis\u00f3.<\/p>\n\n\n\n<p>\u00abLas autoridades deliberadamente desatendieron sus vidas\u00bb, la de la madre y la de la hija, acus\u00f3 la organizaci\u00f3n que record\u00f3 adem\u00e1s que, tras ser detenida, Basma bint Saud estuvo desaparecida durante un mes en el que no se le permiti\u00f3 hablar con su familia.<\/p>\n\n\n\n<h2 class=\"wp-block-heading\"><strong>Basma tiene m\u00e1s de cien hermanos<\/strong><\/h2>\n\n\n\n<p>La princesa Basma, nacida en 1964, fue la m\u00e1s joven de los m\u00e1s de cien hijos que tuvo el rey Saud, que fue apartado del trono ese mismo a\u00f1o, cinco antes de su muerte en el exilio en Grecia.<\/p>\n\n\n\n<p>Empresaria, participaba antes de su detenci\u00f3n en varias instituciones sociales y organizaciones de derechos humanos y hablaba abiertamente en redes sociales a favor de la igualdad de las mujeres en el ultraconservador reino saud\u00ed.<\/p>\n\n\n\n<p>Basma bint Saud fue detenida el 1 de marzo de 2019, cuando fue sacada de su casa en Yeda, en el oeste de Arabia Saud\u00ed, con la excusa de que el pr\u00edncipe heredero y hombre fuerte del pa\u00eds, Mohamed bin Salman, quer\u00eda reunirse con ella.<\/p>\n\n\n\n<p>En cambio, fue llevada directamente a una c\u00e1rcel de Riad junto con su hija Suhud, asegur\u00f3 ALQST.Al igual que ella, varios miembros de la familia real han sido v\u00edctimas de las detenciones y desapariciones forzadas sistem\u00e1ticas en Arabia Saud\u00ed junto con activistas, periodistas, abogados, blogueros, acad\u00e9micos, escritores y ciudadanos ordinarios por haber ejercitado pac\u00edficamente su derecho a la libertad de expresi\u00f3n, seg\u00fan han denunciado m\u00faltiples organizaciones de derechos humanos.<\/p>\n\n\n\n<p>jov (efe, RaiNews)<\/p>\n\n\n\n<p>Fuente: https:\/\/www.dw.com\/es\/arabia-saud%C3%AD-libera-a-princesa-encarcelada-tres-a%C3%B1os-por-hablar-de-equidad-de-g%C3%A9nero\/a-60368946<\/p>\n","protected":false},"excerpt":{"rendered":"<p>Las autoridades de Arabia Saud\u00ed liberaron a la princesa Basma bint Saud al Saud, hija del rey Saud (1953-1964), y [&hellip;]<\/p>\n","protected":false},"author":1,"featured_media":18942,"comment_status":"open","ping_status":"open","sticky":false,"template":"","format":"standard","meta":{"site-sidebar-layout":"default","site-content-layout":"","ast-site-content-layout":"default","site-content-style":"default","site-sidebar-style":"default","ast-global-header-display":"","ast-banner-title-visibility":"","ast-main-header-display":"","ast-hfb-above-header-display":"","ast-hfb-below-header-display":"","ast-hfb-mobile-header-display":"","site-post-title":"","ast-breadcrumbs-content":"","ast-featured-img":"","footer-sml-layout":"","theme-transparent-header-meta":"","adv-header-id-meta":"","stick-header-meta":"","header-above-stick-meta":"","header-main-stick-meta":"","header-below-stick-meta":"","astra-migrate-meta-layouts":"default","ast-page-background-enabled":"default","ast-page-background-meta":{"desktop":{"background-color":"var(--ast-global-color-4)","background-image":"","background-repeat":"repeat","background-position":"center center","background-size":"auto","background-attachment":"scroll","background-type":"","background-media":"","overlay-type":"","overlay-color":"","overlay-opacity":"","overlay-gradient":""},"tablet":{"background-color":"","background-image":"","background-repeat":"repeat","background-position":"center center","background-size":"auto","background-attachment":"scroll","background-type":"","background-media":"","overlay-type":"","overlay-color":"","overlay-opacity":"","overlay-gradient":""},"mobile":{"background-color":"","background-image":"","background-repeat":"repeat","background-position":"center center","background-size":"auto","background-attachment":"scroll","background-type":"","background-media":"","overlay-type":"","overlay-color":"","overlay-opacity":"","overlay-gradient":""}},"ast-content-background-meta":{"desktop":{"background-color":"var(--ast-global-color-5)","background-image":"","background-repeat":"repeat","background-position":"center center","background-size":"auto","background-attachment":"scroll","background-type":"","background-media":"","overlay-type":"","overlay-color":"","overlay-opacity":"","overlay-gradient":""},"tablet":{"background-color":"var(--ast-global-color-5)","background-image":"","background-repeat":"repeat","background-position":"center center","background-size":"auto","background-attachment":"scroll","background-type":"","background-media":"","overlay-type":"","overlay-color":"","overlay-opacity":"","overlay-gradient":""},"mobile":{"background-color":"var(--ast-global-color-5)","background-image":"","background-repeat":"repeat","background-position":"center center","background-size":"auto","background-attachment":"scroll","background-type":"","background-media":"","overlay-type":"","overlay-color":"","overlay-opacity":"","overlay-gradient":""}},"footnotes":""},"categories":[8],"tags":[6762,6761],"class_list":["post-18940","post","type-post","status-publish","format-standard","has-post-thumbnail","hentry","category-noticias","tag-alqst","tag-princesa-basma"],"_links":{"self":[{"href":"https:\/\/losperiodistas.com.mx\/portal\/wp-json\/wp\/v2\/posts\/18940","targetHints":{"allow":["GET"]}}],"collection":[{"href":"https:\/\/losperiodistas.com.mx\/portal\/wp-json\/wp\/v2\/posts"}],"about":[{"href":"https:\/\/losperiodistas.com.mx\/portal\/wp-json\/wp\/v2\/types\/post"}],"author":[{"embeddable":true,"href":"https:\/\/losperiodistas.com.mx\/portal\/wp-json\/wp\/v2\/users\/1"}],"replies":[{"embeddable":true,"href":"https:\/\/losperiodistas.com.mx\/portal\/wp-json\/wp\/v2\/comments?post=18940"}],"version-history":[{"count":1,"href":"https:\/\/losperiodistas.com.mx\/portal\/wp-json\/wp\/v2\/posts\/18940\/revisions"}],"predecessor-version":[{"id":18943,"href":"https:\/\/losperiodistas.com.mx\/portal\/wp-json\/wp\/v2\/posts\/18940\/revisions\/18943"}],"wp:featuredmedia":[{"embeddable":true,"href":"https:\/\/losperiodistas.com.mx\/portal\/wp-json\/wp\/v2\/media\/18942"}],"wp:attachment":[{"href":"https:\/\/losperiodistas.com.mx\/portal\/wp-json\/wp\/v2\/media?parent=18940"}],"wp:term":[{"taxonomy":"category","embeddable":true,"href":"https:\/\/losperiodistas.com.mx\/portal\/wp-json\/wp\/v2\/categories?post=18940"},{"taxonomy":"post_tag","embeddable":true,"href":"https:\/\/losperiodistas.com.mx\/portal\/wp-json\/wp\/v2\/tags?post=18940"}],"curies":[{"name":"wp","href":"https:\/\/api.w.org\/{rel}","templated":true}]}}