{"id":18934,"date":"2022-01-08T09:32:41","date_gmt":"2022-01-08T15:32:41","guid":{"rendered":"http:\/\/losperiodistas.com.mx\/portal\/?p=18934"},"modified":"2022-01-08T11:56:50","modified_gmt":"2022-01-08T17:56:50","slug":"efemerides-del-8-de-enero-que-paso-un-dia-como-hoy-adn-40","status":"publish","type":"post","link":"https:\/\/losperiodistas.com.mx\/portal\/efemerides-del-8-de-enero-que-paso-un-dia-como-hoy-adn-40\/","title":{"rendered":"Efem\u00e9rides del 8 de enero: Qu\u00e9 pas\u00f3 un d\u00eda como hoy | ADN 40"},"content":{"rendered":"\n<p style=\"font-size:18px\"><em>\u00bfSabes qu\u00e9 pas\u00f3 un d\u00eda como hoy? El 8 de enero de 1862 desembarcan en Veracruz escuadras francesas, para reclamar la deuda. Conoce las efem\u00e9rides de este d\u00eda.<\/em><\/p>\n\n\n\n<p><\/p>\n\n\n\n<figure class=\"wp-block-image size-large\"><img fetchpriority=\"high\" decoding=\"async\" width=\"968\" height=\"640\" src=\"https:\/\/losperiodistas.com.mx\/portal\/wp-content\/uploads\/2022\/01\/efeme-enero-8.jpeg\" alt=\"\" class=\"wp-image-18935\" srcset=\"https:\/\/losperiodistas.com.mx\/portal\/wp-content\/uploads\/2022\/01\/efeme-enero-8.jpeg 968w, https:\/\/losperiodistas.com.mx\/portal\/wp-content\/uploads\/2022\/01\/efeme-enero-8-300x198.jpeg 300w, https:\/\/losperiodistas.com.mx\/portal\/wp-content\/uploads\/2022\/01\/efeme-enero-8-768x508.jpeg 768w\" sizes=\"(max-width: 968px) 100vw, 968px\" \/><\/figure>\n\n\n\n<p><\/p>\n\n\n\n<p class=\"has-vivid-cyan-blue-color has-text-color has-medium-font-size\">ADN 40<\/p>\n\n\n\n<h2 class=\"wp-block-heading\">Efem\u00e9rides del 8 de enero de 2022<\/h2>\n\n\n\n<p>1537: En Per\u00fa se crea la di\u00f3cesis de Cuzco, la primera de Am\u00e9rica del Sur.<\/p>\n\n\n\n<p>1815: \u00daltimos intentos brit\u00e1nicos para dominar a los insurrectos de sus colonias de Am\u00e9rica del Norte, a los que no lograron retener.<\/p>\n\n\n\n<p>1824: Nace Francisco Gonz\u00e1lez Bocanegra, poeta, autor de la letra del Himno Nacional Mexicano.<\/p>\n\n\n\n<figure class=\"wp-block-image\"><img decoding=\"async\" src=\"https:\/\/tvazteca.brightspotcdn.com\/dims4\/default\/38c40d6\/2147483647\/strip\/true\/crop\/1200x675+0+0\/resize\/968x545!\/format\/jpg\/quality\/80\/?url=https%3A%2F%2Ftvazteca.brightspotcdn.com%2Fa3%2F1c%2F4b05de604b31a1ba6c04136a6510%2Fefemerides-8-de-enero-2.jpg\" alt=\"efem\u00e9rides 8 de enero 2.jpg\"\/><\/figure>\n\n\n\n<p>1862: Desembarcan en Veracruz escuadras francesas e inglesas para reclamar a M\u00e9xico el pago de la deuda contra\u00edda con esos gobiernos.<\/p>\n\n\n\n<p>1914: El Middlesex Hospital de Londres comienza a utilizar el radio para tratar el c\u00e1ncer.<\/p>\n\n\n\n<p>1920: En los Estados Unidos termina la huelga de 1919.<\/p>\n\n\n\n<p>1949: En la ONU (Nueva York), la mayor\u00eda de los pa\u00edses suramericanos piden la derogaci\u00f3n de la condena contra la dictadura franquista.<\/p>\n\n\n\n<p><br>1949: En Chile, el presidente Gabriel Gonz\u00e1lez Videla promulga la Ley n.\u00ba 9292, que concede el voto pol\u00edtico a la mujer.<\/p>\n\n\n\n<p>1958: En Estados Unidos, el ni\u00f1o Bobby Fischer, de 14 a\u00f1os, gana el Campeonato Nacional de Ajedrez.<\/p>\n\n\n\n<p>1959: En Cuba, Fidel Castro entra en La Habana con sus tropas, consolidando el triunfo de la&nbsp;<a href=\"https:\/\/www.adn40.mx\/noticia\/internacional\/notas\/2017-08-16-14-57\/acude-maduro-a-la-tumba-de-fidel-castro\" target=\"_blank\" rel=\"noreferrer noopener\">Revoluci\u00f3n cubana&nbsp;<\/a>.<\/p>\n\n\n\n<p>1973: En M\u00e9xico, Telesistema Mexicano y Televisi\u00f3n Independiente de M\u00e9xico se fusionan, creando el Grupo Televisa.<\/p>\n\n\n\n<p>1979: En aguas irlandesas mueren 50 personas al explotar un superpetrolero franc\u00e9s.<\/p>\n\n\n\n<p>1986: Loyd Blankenship escribe el breve ensayo \u201c<em>The Conscience of a Hacker<\/em>\u201d (\u201c<em>manifiesto hacker<\/em>\u201d).<\/p>\n\n\n\n<p>1994: Rusia lanza la nave Soyuz con destino a la estaci\u00f3n espacial Mir.<\/p>\n\n\n\n<p>1996: En Kinshasa (Zaire), un avi\u00f3n Antonov 32 se estrella en el mercado central; mueren unas 350 personas.<\/p>\n\n\n\n<figure class=\"wp-block-image\"><img decoding=\"async\" src=\"https:\/\/tvazteca.brightspotcdn.com\/dims4\/default\/f4c9034\/2147483647\/strip\/true\/crop\/1600x1200+0+0\/resize\/968x726!\/format\/jpg\/quality\/80\/?url=https%3A%2F%2Ftvazteca.brightspotcdn.com%2Fbd%2F02%2Fcb25b8d148d68344ab6c4b176d39%2Fefemerides-8-de-enero-3.jpg\" alt=\"efem\u00e9rides 8 de enero 3.jpg\"\/><\/figure>\n\n\n\n<p>1996: En los Estados Unidos, Unicef exige a China explicaciones urgentes por la muerte de miles de ni\u00f1os en orfanatos.<\/p>\n\n\n\n<p>2011: En Tucson (Arizona), un francotirador llamado Jared Lee Loughner (22) perpetra la masacre de Tucson: mata a 6 personas Y hiere a 13, incluido su blanco: la congresista dem\u00f3crata Gabrielle Giffords (1970-).<\/p>\n\n\n\n<p>2016: El narcotraficante&nbsp;<a href=\"https:\/\/www.adn40.mx\/noticia\/internacional\/notas\/2019-01-22-21-08\/el-licenciado-narra-asesinatos-que-ordeno-el-chapo-guzman\" target=\"_blank\" rel=\"noreferrer noopener\">Chapo Guzm\u00e1n&nbsp;<\/a>es recapturado en la ciudad mexicana de Los Mochis, Sinaloa despu\u00e9s de su fuga de la c\u00e1rcel en verano de 2015.<\/p>\n\n\n\n<p>2020: El Vuelo 752 de&nbsp;<em>Ukraine International Airlines<\/em>&nbsp;es derribado por un misil causado causalmente por Ir\u00e1n en Teher\u00e1n; el siniestro a\u00e9reo dej\u00f3 176 muertos.<\/p>\n\n\n\n<p>2020: En Espa\u00f1a, Pedro S\u00e1nchez toma posesi\u00f3n ante el rey Felipe VI como presidente del Gobierno.<\/p>\n\n\n\n<p>Fuente: https:\/\/www.adn40.mx\/mexico\/efemerides-8-de-enero-gm-especial<\/p>\n","protected":false},"excerpt":{"rendered":"<p>\u00bfSabes qu\u00e9 pas\u00f3 un d\u00eda como hoy? El 8 de enero de 1862 desembarcan en Veracruz escuadras francesas, para reclamar [&hellip;]<\/p>\n","protected":false},"author":1,"featured_media":18935,"comment_status":"open","ping_status":"open","sticky":false,"template":"","format":"standard","meta":{"site-sidebar-layout":"default","site-content-layout":"","ast-site-content-layout":"default","site-content-style":"default","site-sidebar-style":"default","ast-global-header-display":"","ast-banner-title-visibility":"","ast-main-header-display":"","ast-hfb-above-header-display":"","ast-hfb-below-header-display":"","ast-hfb-mobile-header-display":"","site-post-title":"","ast-breadcrumbs-content":"","ast-featured-img":"","footer-sml-layout":"","theme-transparent-header-meta":"","adv-header-id-meta":"","stick-header-meta":"","header-above-stick-meta":"","header-main-stick-meta":"","header-below-stick-meta":"","astra-migrate-meta-layouts":"default","ast-page-background-enabled":"default","ast-page-background-meta":{"desktop":{"background-color":"var(--ast-global-color-4)","background-image":"","background-repeat":"repeat","background-position":"center center","background-size":"auto","background-attachment":"scroll","background-type":"","background-media":"","overlay-type":"","overlay-color":"","overlay-opacity":"","overlay-gradient":""},"tablet":{"background-color":"","background-image":"","background-repeat":"repeat","background-position":"center center","background-size":"auto","background-attachment":"scroll","background-type":"","background-media":"","overlay-type":"","overlay-color":"","overlay-opacity":"","overlay-gradient":""},"mobile":{"background-color":"","background-image":"","background-repeat":"repeat","background-position":"center center","background-size":"auto","background-attachment":"scroll","background-type":"","background-media":"","overlay-type":"","overlay-color":"","overlay-opacity":"","overlay-gradient":""}},"ast-content-background-meta":{"desktop":{"background-color":"var(--ast-global-color-5)","background-image":"","background-repeat":"repeat","background-position":"center center","background-size":"auto","background-attachment":"scroll","background-type":"","background-media":"","overlay-type":"","overlay-color":"","overlay-opacity":"","overlay-gradient":""},"tablet":{"background-color":"var(--ast-global-color-5)","background-image":"","background-repeat":"repeat","background-position":"center center","background-size":"auto","background-attachment":"scroll","background-type":"","background-media":"","overlay-type":"","overlay-color":"","overlay-opacity":"","overlay-gradient":""},"mobile":{"background-color":"var(--ast-global-color-5)","background-image":"","background-repeat":"repeat","background-position":"center center","background-size":"auto","background-attachment":"scroll","background-type":"","background-media":"","overlay-type":"","overlay-color":"","overlay-opacity":"","overlay-gradient":""}},"footnotes":""},"categories":[8],"tags":[6757,6760,6758,6759],"class_list":["post-18934","post","type-post","status-publish","format-standard","has-post-thumbnail","hentry","category-noticias","tag-diocesis-de-cuzco","tag-francisco-gonzalez-bocanegra","tag-invasion-francesa","tag-televisa"],"_links":{"self":[{"href":"https:\/\/losperiodistas.com.mx\/portal\/wp-json\/wp\/v2\/posts\/18934","targetHints":{"allow":["GET"]}}],"collection":[{"href":"https:\/\/losperiodistas.com.mx\/portal\/wp-json\/wp\/v2\/posts"}],"about":[{"href":"https:\/\/losperiodistas.com.mx\/portal\/wp-json\/wp\/v2\/types\/post"}],"author":[{"embeddable":true,"href":"https:\/\/losperiodistas.com.mx\/portal\/wp-json\/wp\/v2\/users\/1"}],"replies":[{"embeddable":true,"href":"https:\/\/losperiodistas.com.mx\/portal\/wp-json\/wp\/v2\/comments?post=18934"}],"version-history":[{"count":2,"href":"https:\/\/losperiodistas.com.mx\/portal\/wp-json\/wp\/v2\/posts\/18934\/revisions"}],"predecessor-version":[{"id":18937,"href":"https:\/\/losperiodistas.com.mx\/portal\/wp-json\/wp\/v2\/posts\/18934\/revisions\/18937"}],"wp:featuredmedia":[{"embeddable":true,"href":"https:\/\/losperiodistas.com.mx\/portal\/wp-json\/wp\/v2\/media\/18935"}],"wp:attachment":[{"href":"https:\/\/losperiodistas.com.mx\/portal\/wp-json\/wp\/v2\/media?parent=18934"}],"wp:term":[{"taxonomy":"category","embeddable":true,"href":"https:\/\/losperiodistas.com.mx\/portal\/wp-json\/wp\/v2\/categories?post=18934"},{"taxonomy":"post_tag","embeddable":true,"href":"https:\/\/losperiodistas.com.mx\/portal\/wp-json\/wp\/v2\/tags?post=18934"}],"curies":[{"name":"wp","href":"https:\/\/api.w.org\/{rel}","templated":true}]}}