{"id":18931,"date":"2022-01-08T09:23:06","date_gmt":"2022-01-08T15:23:06","guid":{"rendered":"http:\/\/losperiodistas.com.mx\/portal\/?p=18931"},"modified":"2022-01-08T09:23:07","modified_gmt":"2022-01-08T15:23:07","slug":"el-contagio-de-al-menos-75-pilotos-de-aeromexico-con-covid-obliga-a-cancelar-decenas-de-vuelos-el-pais","status":"publish","type":"post","link":"https:\/\/losperiodistas.com.mx\/portal\/el-contagio-de-al-menos-75-pilotos-de-aeromexico-con-covid-obliga-a-cancelar-decenas-de-vuelos-el-pais\/","title":{"rendered":"El contagio de al menos 75 pilotos de Aerom\u00e9xico con covid obliga a cancelar decenas de vuelos | El Pa\u00eds"},"content":{"rendered":"\n<p style=\"font-size:18px\"><em>La aerol\u00ednea ha anulado unos 50 viajes previstos para este viernes, seg\u00fan el portal Flight Aware, que monitorea el tr\u00e1fico a\u00e9reo, y decenas m\u00e1s est\u00e1n demorados<\/em><\/p>\n\n\n\n<figure class=\"wp-block-image size-large\"><img fetchpriority=\"high\" decoding=\"async\" width=\"1024\" height=\"674\" src=\"https:\/\/losperiodistas.com.mx\/portal\/wp-content\/uploads\/2022\/01\/Captura-de-Pantalla-2022-01-08-a-las-9.17.39-1024x674.png\" alt=\"\" class=\"wp-image-18932\" srcset=\"https:\/\/losperiodistas.com.mx\/portal\/wp-content\/uploads\/2022\/01\/Captura-de-Pantalla-2022-01-08-a-las-9.17.39-1024x674.png 1024w, https:\/\/losperiodistas.com.mx\/portal\/wp-content\/uploads\/2022\/01\/Captura-de-Pantalla-2022-01-08-a-las-9.17.39-300x198.png 300w, https:\/\/losperiodistas.com.mx\/portal\/wp-content\/uploads\/2022\/01\/Captura-de-Pantalla-2022-01-08-a-las-9.17.39-768x506.png 768w, https:\/\/losperiodistas.com.mx\/portal\/wp-content\/uploads\/2022\/01\/Captura-de-Pantalla-2022-01-08-a-las-9.17.39.png 1522w\" sizes=\"(max-width: 1024px) 100vw, 1024px\" \/><figcaption>Pasajeros de Aerom\u00e9xico esperan en el aeropuerto de Ciudad de M\u00e9xico, este viernes.EDGARD GARRIDO (REUTERS)<\/figcaption><\/figure>\n\n\n\n<p><\/p>\n\n\n\n<p class=\"has-vivid-cyan-blue-color has-text-color has-medium-font-size\">CONSTANZA LAMBERTUCCI \/ EL PA\u00cdS<\/p>\n\n\n\n<p>Al menos 75 pilotos de Aerom\u00e9xico est\u00e1n contagiados con covid-19, seg\u00fan la Asociaci\u00f3n Sindical de Pilotos Aviadores (ASPA). Adem\u00e1s, 140 sobrecargos de la aerol\u00ednea est\u00e1n infectados con SARS-CoV-2, seg\u00fan ha informado la Asociaci\u00f3n Sindical de Sobrecargos de Aviaci\u00f3n de M\u00e9xico (ASSA) en&nbsp;<a href=\"https:\/\/assa.org.mx\/prevision-social\/afectacion-en-la-operacion-por-contagios-covid-19-falta-de-documentos-06-01-22\/\" target=\"_blank\" rel=\"noreferrer noopener\">un comunicado<\/a>. A eso se suman 65 trabajadores suspendidos \u201cpor falta de documentos de vuelo vigentes\u201d. Las organizaci\u00f3n atribuye a la reducci\u00f3n del personal la \u201ccancelaci\u00f3n de vuelos y afectaci\u00f3n en la operaci\u00f3n\u201d. El portal Flight Aware, especializado en monitorear el tr\u00e1fico a\u00e9reo, ha registrado que este viernes al menos 50 vuelos de la empresa mexicana han sido cancelados y decenas figuran como demorados. La aerol\u00ednea no ha confirmado los datos, pero reconoce \u201cajustes en las operaciones planeadas\u201d.<\/p>\n\n\n\n<p>\u201cNos encontramos aplicando protocolos de seguimiento a diversos colaboradores, incluyendo las tripulaciones, lo que ha implicado la realizaci\u00f3n de ajustes en las operaciones planeadas\u201d, ha expresado la compa\u00f1\u00eda a\u00e9rea en un comunicado escueto. Aerom\u00e9xico no ha confirmado a EL PA\u00cdS cu\u00e1ntos miembros de su personal est\u00e1n contagiados con coronavirus, ni cu\u00e1ntos vuelos han sido cancelados. \u201cLa demora o cancelaci\u00f3n de vuelos no es una decisi\u00f3n que tomemos a la ligera y siempre es el \u00faltimo recurso\u201d, ha indicado. La Procuradur\u00eda Federal del Consumidor (Profeco) ha reclamado este viernes a las compa\u00f1\u00edas a\u00e9reas que informen de los cambios a los pasajeros \u201ccon la mayor antelaci\u00f3n posible\u201d y les ofrezcan alternativas, ya que est\u00e1n obligadas por ley a ofrecer a los viajeros \u201cun alto nivel de informaci\u00f3n\u201d.<\/p>\n\n\n\n<p>El portal Flight Aware, especializado en proporcionar datos en tiempo real sobre el tr\u00e1fico a\u00e9reo, ha informado de que al menos 50 vuelos de la aerol\u00ednea mexicana est\u00e1n cancelados este viernes. Es decir, un 16% de todos los viajes previstos para hoy. Desde la capital mexicana, por ejemplo, se han suspendido 16 vuelos hacia Tijuana, Monterrey, Mexicali, Guadalajara, M\u00e9rida, Chihuahua, Puerto Vallarta, Canc\u00fan, Ciudad Ju\u00e1rez o Villahermosa, seg\u00fan lo registraba este viernes pasadas las diez de la ma\u00f1ana el aeropuerto Benito Ju\u00e1rez en su p\u00e1gina web. A eso se sumaban decenas de trayectos demorados que, como han criticado usuarios en redes sociales, pueden eventualmente suspenderse o retrasarse incluso hasta el d\u00eda siguiente.<\/p>\n\n\n\n<p>A la misma hora, Flight Aware avisaba de 4.681 vuelos cancelados en todo el mundo. El avance de la variante \u00f3micron ha golpeado al personal de las aerol\u00edneas y ha obligado a cancelar vuelos en las \u00faltimas semanas. El d\u00eda de Navidad, uno de los d\u00edas con m\u00e1s tr\u00e1fico a\u00e9reo del a\u00f1o, se produjeron m\u00e1s de 2.800 cancelaciones y 9.000 retrasos en todo el mundo, seg\u00fan Flight Aware. Aerol\u00edneas como la estadounidense United Airlines aseguraron que el aumento de contagios por \u00f3micron en Estados Unidos estaba teniendo un \u201cimpacto directo\u201d en las tripulaciones; la alemana Lufthansa inform\u00f3 de la cancelaci\u00f3n de varias rutas transatl\u00e1nticas por el \u201caumento masivo\u201d de las bajas de enfermedad entre sus pilotos.<\/p>\n\n\n\n<p>\u201cAerom\u00e9xico no es la excepci\u00f3n\u201d, expuso en su comunicado la ASSA. M\u00e9xico registr\u00f3 este jueves&nbsp;<a href=\"https:\/\/elpais.com\/mexico\/2022-01-07\/mexico-registra-casi-26000-casos-de-covid-y-se-acerca-al-maximo-historico-de-contagios.html\">casi 26.000 casos de covid<\/a>&nbsp;y se acerc\u00f3 as\u00ed al m\u00e1ximo hist\u00f3rico de contagios. En algunos Estados se han reforzado las medidas ante la nueva ola de contagios. Sin embargo, desde el Gobierno federal est\u00e1 descartada por ahora la suspensi\u00f3n de la reactivaci\u00f3n econ\u00f3mica. El mensaje del presidente ha sido que la nueva variante \u201cest\u00e1 afectando mucho\u201d y que \u201chay que cuidarse\u201d. Estados como Ciudad de M\u00e9xico tampoco lo consideran. \u201cLa estrategia ya no puede ser cerrar actividades econ\u00f3micas porque tiene mucho impacto\u201d, dijo la jefa de Gobierno de la capital, Claudia Sheinbaum.<\/p>\n\n\n\n<p>Al principio de la pandemia, Aerom\u00e9xico, como otras aerol\u00edneas, suspendi\u00f3 rutas a\u00e9reas nacionales e internacionales para contener la propagaci\u00f3n de virus. Al igual que otros sectores econ\u00f3micos, el aeron\u00e1utico sufri\u00f3 el par\u00f3n impuesto por la enfermedad. Ante el desplome de sus operaciones, en julio de 2020 Aerom\u00e9xico entr\u00f3 en quiebra. Para 2022, tras&nbsp;<a href=\"https:\/\/elpais.com\/mexico\/economia\/2021-10-04\/un-nuevo-grupo-de-inversionistas-rescatara-a-aeromexico-con-mas-de-1700-millones-de-dolares.html\">un nuevo financiamiento<\/a>&nbsp;de 1.725 millones de d\u00f3lares, la compa\u00f1\u00eda planea salir de la crisis derivada del coronavirus, para lo que calcula una afluencia de casi 26 millones de pasajeros.<\/p>\n\n\n\n<p><a href=\"https:\/\/plus.elpais.com\/newsletters\/lnp\/1\/348\"><strong>Suscr\u00edbase aqu\u00ed<\/strong><\/a>a la\u00a0<em>newsletter<\/em>\u00a0de EL PA\u00cdS M\u00e9xico y reciba todas las claves informativas de la actualidad de este pa\u00eds<\/p>\n\n\n\n<p>Fuente: https:\/\/elpais.com\/mexico\/2022-01-07\/el-contagio-de-140-tripulantes-de-aeromexico-con-covid-afecta-las-operaciones-de-la-aerolinea.html<\/p>\n","protected":false},"excerpt":{"rendered":"<p>La aerol\u00ednea ha anulado unos 50 viajes previstos para este viernes, seg\u00fan el portal Flight Aware, que monitorea el tr\u00e1fico [&hellip;]<\/p>\n","protected":false},"author":1,"featured_media":18932,"comment_status":"open","ping_status":"open","sticky":false,"template":"","format":"standard","meta":{"site-sidebar-layout":"default","site-content-layout":"","ast-site-content-layout":"default","site-content-style":"default","site-sidebar-style":"default","ast-global-header-display":"","ast-banner-title-visibility":"","ast-main-header-display":"","ast-hfb-above-header-display":"","ast-hfb-below-header-display":"","ast-hfb-mobile-header-display":"","site-post-title":"","ast-breadcrumbs-content":"","ast-featured-img":"","footer-sml-layout":"","theme-transparent-header-meta":"","adv-header-id-meta":"","stick-header-meta":"","header-above-stick-meta":"","header-main-stick-meta":"","header-below-stick-meta":"","astra-migrate-meta-layouts":"default","ast-page-background-enabled":"default","ast-page-background-meta":{"desktop":{"background-color":"var(--ast-global-color-4)","background-image":"","background-repeat":"repeat","background-position":"center center","background-size":"auto","background-attachment":"scroll","background-type":"","background-media":"","overlay-type":"","overlay-color":"","overlay-opacity":"","overlay-gradient":""},"tablet":{"background-color":"","background-image":"","background-repeat":"repeat","background-position":"center center","background-size":"auto","background-attachment":"scroll","background-type":"","background-media":"","overlay-type":"","overlay-color":"","overlay-opacity":"","overlay-gradient":""},"mobile":{"background-color":"","background-image":"","background-repeat":"repeat","background-position":"center center","background-size":"auto","background-attachment":"scroll","background-type":"","background-media":"","overlay-type":"","overlay-color":"","overlay-opacity":"","overlay-gradient":""}},"ast-content-background-meta":{"desktop":{"background-color":"var(--ast-global-color-5)","background-image":"","background-repeat":"repeat","background-position":"center center","background-size":"auto","background-attachment":"scroll","background-type":"","background-media":"","overlay-type":"","overlay-color":"","overlay-opacity":"","overlay-gradient":""},"tablet":{"background-color":"var(--ast-global-color-5)","background-image":"","background-repeat":"repeat","background-position":"center center","background-size":"auto","background-attachment":"scroll","background-type":"","background-media":"","overlay-type":"","overlay-color":"","overlay-opacity":"","overlay-gradient":""},"mobile":{"background-color":"var(--ast-global-color-5)","background-image":"","background-repeat":"repeat","background-position":"center center","background-size":"auto","background-attachment":"scroll","background-type":"","background-media":"","overlay-type":"","overlay-color":"","overlay-opacity":"","overlay-gradient":""}},"footnotes":""},"categories":[8],"tags":[1684,5906,6756],"class_list":["post-18931","post","type-post","status-publish","format-standard","has-post-thumbnail","hentry","category-noticias","tag-aeromexico","tag-omicron-mexico","tag-pilotos-contagiados"],"_links":{"self":[{"href":"https:\/\/losperiodistas.com.mx\/portal\/wp-json\/wp\/v2\/posts\/18931","targetHints":{"allow":["GET"]}}],"collection":[{"href":"https:\/\/losperiodistas.com.mx\/portal\/wp-json\/wp\/v2\/posts"}],"about":[{"href":"https:\/\/losperiodistas.com.mx\/portal\/wp-json\/wp\/v2\/types\/post"}],"author":[{"embeddable":true,"href":"https:\/\/losperiodistas.com.mx\/portal\/wp-json\/wp\/v2\/users\/1"}],"replies":[{"embeddable":true,"href":"https:\/\/losperiodistas.com.mx\/portal\/wp-json\/wp\/v2\/comments?post=18931"}],"version-history":[{"count":1,"href":"https:\/\/losperiodistas.com.mx\/portal\/wp-json\/wp\/v2\/posts\/18931\/revisions"}],"predecessor-version":[{"id":18933,"href":"https:\/\/losperiodistas.com.mx\/portal\/wp-json\/wp\/v2\/posts\/18931\/revisions\/18933"}],"wp:featuredmedia":[{"embeddable":true,"href":"https:\/\/losperiodistas.com.mx\/portal\/wp-json\/wp\/v2\/media\/18932"}],"wp:attachment":[{"href":"https:\/\/losperiodistas.com.mx\/portal\/wp-json\/wp\/v2\/media?parent=18931"}],"wp:term":[{"taxonomy":"category","embeddable":true,"href":"https:\/\/losperiodistas.com.mx\/portal\/wp-json\/wp\/v2\/categories?post=18931"},{"taxonomy":"post_tag","embeddable":true,"href":"https:\/\/losperiodistas.com.mx\/portal\/wp-json\/wp\/v2\/tags?post=18931"}],"curies":[{"name":"wp","href":"https:\/\/api.w.org\/{rel}","templated":true}]}}