{"id":18928,"date":"2022-01-08T08:59:30","date_gmt":"2022-01-08T14:59:30","guid":{"rendered":"http:\/\/losperiodistas.com.mx\/portal\/?p=18928"},"modified":"2022-01-08T08:59:34","modified_gmt":"2022-01-08T14:59:34","slug":"tendra-puebla-clases-presenciales-y-aforo-total-pese-a-la-cuarta-ola-e-consulta","status":"publish","type":"post","link":"https:\/\/losperiodistas.com.mx\/portal\/tendra-puebla-clases-presenciales-y-aforo-total-pese-a-la-cuarta-ola-e-consulta\/","title":{"rendered":"Tendr\u00e1 Puebla clases presenciales y aforo total pese a la cuarta ola | E-Consulta"},"content":{"rendered":"\n<p style=\"font-size:18px\"><em>El gobernador Miguel Barbosa asegur\u00f3 que solo se tomar\u00e1n medidas sanitarias y llam\u00f3 a la \u201cauto regulaci\u00f3n\u201d<\/em><\/p>\n\n\n\n<p><\/p>\n\n\n\n<figure class=\"wp-block-image size-large\"><img fetchpriority=\"high\" decoding=\"async\" width=\"1024\" height=\"684\" src=\"https:\/\/losperiodistas.com.mx\/portal\/wp-content\/uploads\/2022\/01\/Captura-de-Pantalla-2022-01-08-a-las-8.50.29-1024x684.png\" alt=\"\" class=\"wp-image-18929\" srcset=\"https:\/\/losperiodistas.com.mx\/portal\/wp-content\/uploads\/2022\/01\/Captura-de-Pantalla-2022-01-08-a-las-8.50.29-1024x684.png 1024w, https:\/\/losperiodistas.com.mx\/portal\/wp-content\/uploads\/2022\/01\/Captura-de-Pantalla-2022-01-08-a-las-8.50.29-300x201.png 300w, https:\/\/losperiodistas.com.mx\/portal\/wp-content\/uploads\/2022\/01\/Captura-de-Pantalla-2022-01-08-a-las-8.50.29-768x513.png 768w, https:\/\/losperiodistas.com.mx\/portal\/wp-content\/uploads\/2022\/01\/Captura-de-Pantalla-2022-01-08-a-las-8.50.29.png 1170w\" sizes=\"(max-width: 1024px) 100vw, 1024px\" \/><figcaption><em>Foto \/ e-consulta<\/em><\/figcaption><\/figure>\n\n\n\n<p><\/p>\n\n\n\n<p class=\"has-vivid-cyan-blue-color has-text-color has-medium-font-size\">REDACCI\u00d3N E-CONSULTA<\/p>\n\n\n\n<p>A pesar de que la cuarta ola de covid-19 ya es una realidad tras la llegada de la variante \u00d3micron, en Puebla&nbsp;<strong>no se suspender\u00e1n las clases presenciales<\/strong>&nbsp;<strong>ni se limitar\u00e1 el aforo&nbsp;<\/strong>de personas en espacios p\u00fablicos, ya que \u00fanicamente se continuar\u00e1 con la aplicaci\u00f3n de medidas sanitarias y se promover\u00e1 la \u201cautorregulaci\u00f3n y la cultura sanitaria\u201d.<\/p>\n\n\n\n<p>As\u00ed lo anunci\u00f3 este viernes el gobernador&nbsp;<strong>Luis Miguel Barbosa Huerta<\/strong>&nbsp;en su conferencia matutina, al asegurar que \u201cconf\u00eda\u201d en el buen juicio de las personas para&nbsp;<strong>no asistir a lugares aglomerados<\/strong>.<\/p>\n\n\n\n<p>\u201cSi alguien llega a un restaurante y est\u00e1 lleno,\u00a0<strong>que no entre, pero como una decisi\u00f3n personal<\/strong>; si va a una plaza comercial y tambi\u00e9n est\u00e1 llena, que regrese m\u00e1s tarde o al d\u00eda siguiente, esas son formas de cuidarnos entre nosotros\u201d, afirm\u00f3.<\/p>\n\n\n\n<figure class=\"wp-block-embed is-type-rich is-provider-twitter wp-block-embed-twitter\"><div class=\"wp-block-embed__wrapper\">\nhttps:\/\/twitter.com\/e_consulta\/status\/1479484140340740096?s=20\n<\/div><\/figure>\n\n\n\n<p>El mandatario asegur\u00f3 que no se va a \u201c<strong>dejar de cuidar a la gente<\/strong>\u201d, pero tampoco se tomar\u00e1n medidas que vuelvan a afectar a la econom\u00eda ni se van a suspender las clases que reiniciaron bajo el esquema de<strong>&nbsp;presencialidad escalonada<\/strong>.<\/p>\n\n\n\n<p>Esto luego de que C\u00e1maras empresariales de Puebla advirtieron que con la\u00a0<strong>llegada de la cuarta ola de covid-19<\/strong>\u00a0ser\u00eda un golpe fulminante para la econom\u00eda local volver a cerrar negocios o imponer l\u00edmites de aforo, as\u00ed que pugnaron porque el gobierno estatal\u00a0<strong>tome otras medidas de prevenci\u00f3n.<\/strong><\/p>\n\n\n\n<p><strong>Inician contagios en escuelas<\/strong><\/p>\n\n\n\n<p>En la misma conferencia el secretario de Salud<strong>, Jos\u00e9 Antonio Mart\u00ednez Garc\u00eda,&nbsp;<\/strong>reconoci\u00f3 que tras cuatro d\u00edas de clases se reportaron&nbsp;<strong>4 docentes y 2 alumnos con s\u00edntomas de covid<\/strong>, quienes habr\u00edan adquirido el virus previamente.<\/p>\n\n\n\n<p>A la vez dijo que, de manera general, en la entidad se registraron<strong>\u00a0277 nuevos contagios\u00a0<\/strong>y 1 deceso en las \u00faltimas 24 horas.<\/p>\n\n\n\n<p><strong>En otros estados igual vuelven a aulas<\/strong><\/p>\n\n\n\n<p>Luego del periodo vacacional de invierno&nbsp;<strong>11 entidades federativas anunciaron que la vuelta a clases ser\u00e1 virtual&nbsp;<\/strong>como medida de prevenci\u00f3n ante \u00d3micron, pero solo por unos d\u00edas, ya que en breve volver\u00e1n a clases presenciales.<\/p>\n\n\n\n<p><strong>Baja California,&nbsp;<\/strong>Baja California Sur, Chihuahua, Coahuila,<strong>&nbsp;Estado de M\u00e9xico, Guanajuato, Hidalgo, Nuevo Le\u00f3n,&nbsp;<\/strong>Quintana Roo, Tamaulipas y Yucat\u00e1n dieron a conocer el pasado lunes 3 de enero que habr\u00e1 retorno a las aulas en los pr\u00f3ximos d\u00edas.<\/p>\n\n\n\n<p>En Baja California, Baja California Sur, Hidalgo, Quintana Roo y Yucat\u00e1n, las autoridades gubernamentales anunciaron que el regreso a clases presenciales ser\u00e1<strong>\u00a0el pr\u00f3ximo 17 de enero<\/strong>, en tanto que en Chihuahua, Guanajuato, Nuevo Le\u00f3n y Tamaulipas informaron que los estudiantes<strong>\u00a0volver\u00e1n a las aulas el 10 de enero<\/strong>; en Coahuila se dio a conocer que el retorno depender\u00e1 del clima y la suspensi\u00f3n s\u00f3lo ser\u00e1 en nivel b\u00e1sico. Finalmente,\u00a0<strong>el Estado de M\u00e9xico prev\u00e9 que el regreso ocurra en febrero pr\u00f3ximo.<\/strong><\/p>\n\n\n\n<p>Fuente: https:\/\/www.e-consulta.com\/nota\/2022-01-07\/salud\/tendra-puebla-clases-presenciales-y-aforo-total-pese-la-cuarta-ola<\/p>\n","protected":false},"excerpt":{"rendered":"<p>El gobernador Miguel Barbosa asegur\u00f3 que solo se tomar\u00e1n medidas sanitarias y llam\u00f3 a la \u201cauto regulaci\u00f3n\u201d REDACCI\u00d3N E-CONSULTA A [&hellip;]<\/p>\n","protected":false},"author":1,"featured_media":18929,"comment_status":"open","ping_status":"open","sticky":false,"template":"","format":"standard","meta":{"site-sidebar-layout":"default","site-content-layout":"","ast-site-content-layout":"default","site-content-style":"default","site-sidebar-style":"default","ast-global-header-display":"","ast-banner-title-visibility":"","ast-main-header-display":"","ast-hfb-above-header-display":"","ast-hfb-below-header-display":"","ast-hfb-mobile-header-display":"","site-post-title":"","ast-breadcrumbs-content":"","ast-featured-img":"","footer-sml-layout":"","theme-transparent-header-meta":"","adv-header-id-meta":"","stick-header-meta":"","header-above-stick-meta":"","header-main-stick-meta":"","header-below-stick-meta":"","astra-migrate-meta-layouts":"default","ast-page-background-enabled":"default","ast-page-background-meta":{"desktop":{"background-color":"var(--ast-global-color-4)","background-image":"","background-repeat":"repeat","background-position":"center center","background-size":"auto","background-attachment":"scroll","background-type":"","background-media":"","overlay-type":"","overlay-color":"","overlay-opacity":"","overlay-gradient":""},"tablet":{"background-color":"","background-image":"","background-repeat":"repeat","background-position":"center center","background-size":"auto","background-attachment":"scroll","background-type":"","background-media":"","overlay-type":"","overlay-color":"","overlay-opacity":"","overlay-gradient":""},"mobile":{"background-color":"","background-image":"","background-repeat":"repeat","background-position":"center center","background-size":"auto","background-attachment":"scroll","background-type":"","background-media":"","overlay-type":"","overlay-color":"","overlay-opacity":"","overlay-gradient":""}},"ast-content-background-meta":{"desktop":{"background-color":"var(--ast-global-color-5)","background-image":"","background-repeat":"repeat","background-position":"center center","background-size":"auto","background-attachment":"scroll","background-type":"","background-media":"","overlay-type":"","overlay-color":"","overlay-opacity":"","overlay-gradient":""},"tablet":{"background-color":"var(--ast-global-color-5)","background-image":"","background-repeat":"repeat","background-position":"center center","background-size":"auto","background-attachment":"scroll","background-type":"","background-media":"","overlay-type":"","overlay-color":"","overlay-opacity":"","overlay-gradient":""},"mobile":{"background-color":"var(--ast-global-color-5)","background-image":"","background-repeat":"repeat","background-position":"center center","background-size":"auto","background-attachment":"scroll","background-type":"","background-media":"","overlay-type":"","overlay-color":"","overlay-opacity":"","overlay-gradient":""}},"footnotes":""},"categories":[8],"tags":[3395,5593,3424,3421],"class_list":["post-18928","post","type-post","status-publish","format-standard","has-post-thumbnail","hentry","category-noticias","tag-estudiantes","tag-omicron","tag-puebla-ciudad","tag-regreso-a-clases"],"_links":{"self":[{"href":"https:\/\/losperiodistas.com.mx\/portal\/wp-json\/wp\/v2\/posts\/18928","targetHints":{"allow":["GET"]}}],"collection":[{"href":"https:\/\/losperiodistas.com.mx\/portal\/wp-json\/wp\/v2\/posts"}],"about":[{"href":"https:\/\/losperiodistas.com.mx\/portal\/wp-json\/wp\/v2\/types\/post"}],"author":[{"embeddable":true,"href":"https:\/\/losperiodistas.com.mx\/portal\/wp-json\/wp\/v2\/users\/1"}],"replies":[{"embeddable":true,"href":"https:\/\/losperiodistas.com.mx\/portal\/wp-json\/wp\/v2\/comments?post=18928"}],"version-history":[{"count":1,"href":"https:\/\/losperiodistas.com.mx\/portal\/wp-json\/wp\/v2\/posts\/18928\/revisions"}],"predecessor-version":[{"id":18930,"href":"https:\/\/losperiodistas.com.mx\/portal\/wp-json\/wp\/v2\/posts\/18928\/revisions\/18930"}],"wp:featuredmedia":[{"embeddable":true,"href":"https:\/\/losperiodistas.com.mx\/portal\/wp-json\/wp\/v2\/media\/18929"}],"wp:attachment":[{"href":"https:\/\/losperiodistas.com.mx\/portal\/wp-json\/wp\/v2\/media?parent=18928"}],"wp:term":[{"taxonomy":"category","embeddable":true,"href":"https:\/\/losperiodistas.com.mx\/portal\/wp-json\/wp\/v2\/categories?post=18928"},{"taxonomy":"post_tag","embeddable":true,"href":"https:\/\/losperiodistas.com.mx\/portal\/wp-json\/wp\/v2\/tags?post=18928"}],"curies":[{"name":"wp","href":"https:\/\/api.w.org\/{rel}","templated":true}]}}