{"id":18907,"date":"2022-01-07T07:47:49","date_gmt":"2022-01-07T13:47:49","guid":{"rendered":"http:\/\/losperiodistas.com.mx\/portal\/?p=18907"},"modified":"2022-01-07T08:48:01","modified_gmt":"2022-01-07T14:48:01","slug":"vacuna-palabra-del-ano-2021","status":"publish","type":"post","link":"https:\/\/losperiodistas.com.mx\/portal\/vacuna-palabra-del-ano-2021\/","title":{"rendered":"Vacuna, palabra del a\u00f1o 2021"},"content":{"rendered":"\n<p><\/p>\n\n\n\n<figure class=\"wp-block-image size-large\"><img fetchpriority=\"high\" decoding=\"async\" width=\"1024\" height=\"690\" src=\"https:\/\/losperiodistas.com.mx\/portal\/wp-content\/uploads\/2022\/01\/VACUNA-PALABRA-DEL-AN\u0303O-1024x690.jpeg\" alt=\"\" class=\"wp-image-18908\" srcset=\"https:\/\/losperiodistas.com.mx\/portal\/wp-content\/uploads\/2022\/01\/VACUNA-PALABRA-DEL-AN\u0303O-1024x690.jpeg 1024w, https:\/\/losperiodistas.com.mx\/portal\/wp-content\/uploads\/2022\/01\/VACUNA-PALABRA-DEL-AN\u0303O-300x202.jpeg 300w, https:\/\/losperiodistas.com.mx\/portal\/wp-content\/uploads\/2022\/01\/VACUNA-PALABRA-DEL-AN\u0303O-768x518.jpeg 768w, https:\/\/losperiodistas.com.mx\/portal\/wp-content\/uploads\/2022\/01\/VACUNA-PALABRA-DEL-AN\u0303O-1536x1036.jpeg 1536w, https:\/\/losperiodistas.com.mx\/portal\/wp-content\/uploads\/2022\/01\/VACUNA-PALABRA-DEL-AN\u0303O-2048x1381.jpeg 2048w\" sizes=\"(max-width: 1024px) 100vw, 1024px\" \/><\/figure>\n\n\n\n<p><\/p>\n\n\n\n<p class=\"has-vivid-cyan-blue-color has-text-color\" style=\"font-size:26px\"><strong><em>Por Ra\u00fal Torres Salmer\u00f3n<\/em><\/strong><\/p>\n\n\n\n<p>La Fundaci\u00f3n del Espa\u00f1ol Urgente, Fund\u00e9u RAE, promovida por la Agencia EFE y la Real Academia Espa\u00f1ola (RAE), ha elegido vacuna como palabra del a\u00f1o 2021.<\/p>\n\n\n\n<p>Adem\u00e1s de su presencia en el debate social, pol\u00edtico, cient\u00edfico y econ\u00f3mico, la Fundaci\u00f3n la ha seleccionado por su inter\u00e9s ling\u00fc\u00edstico. El concepto de vacuna surgi\u00f3 en el siglo XVIII a ra\u00edz del descubrimiento del m\u00e9dico ingl\u00e9s Edward Jenner de que los infectados por la viruela vacuna o bovina quedaban protegidos frente a la viruela humana.<\/p>\n\n\n\n<p>En espa\u00f1ol, se utiliz\u00f3 durante un tiempo vaccina, creada a partir del lat\u00edn vaccinus, es decir, de la vaca\u2019, pero termin\u00f3 imponi\u00e9ndose vacuna, que aparece por primera vez en el Diccionario de la RAE en 1803, aunque no con su significado actual, que se incluy\u00f3 hasta 1914.<\/p>\n\n\n\n<p>Esta voz y sus derivados, como vacunaci\u00f3n o vacunado, han estado presentes en todo el mundo hispanohablante este a\u00f1o, de forma aislada o como parte de construcciones m\u00e1s extensas: vacuna de refuerzo, punto de vacunaci\u00f3n masiva, pauta de vacunaci\u00f3n\u2026<\/p>\n\n\n\n<p>Se trata de una palabra que ha motivado incluso la aparici\u00f3n de neologismos, nuevos conceptos como vacun\u00f3dromo, formado con la base culta dromo, que se refiere a un espacio de grandes dimensiones destinado a fines determinados o vacuguagua, acr\u00f3nimo de vacunaci\u00f3n y guagua.<\/p>\n\n\n\n<p>La Fund\u00e9u RAE le ha dedicado numerosas recomendaciones durante 2021, varias de ellas enfocadas a su confusi\u00f3n con otros t\u00e9rminos, como suero, ant\u00eddoto o inmunizaci\u00f3n. Asimismo, ha generado dudas su uso con ciertos verbos, inocular es un t\u00e9rmino gen\u00e9rico para referirse a administrar una vacuna, mientras que inyectar se refiere a una forma concreta de hacerlo.<\/p>\n\n\n\n<p>Tambi\u00e9n otras voces relacionadas han protagonizado recomendaciones y consultas de la Fundaci\u00f3n este a\u00f1o, como tripanofobia, miedo irracional a las inyecciones o inmunidad de reba\u00f1o, para referirse a la teor\u00eda de que, si la mayor parte de una poblaci\u00f3n se inmuniza frente a un virus, este grupo proporcionar\u00e1 protecci\u00f3n indirecta a los no vacunados.<\/p>\n\n\n\n<p>Los vocablos vinculados con el coronavirus agruparon una parte importante de las candidatas a palabra del a\u00f1o de la Fund\u00e9u RAE del 2021, como ya ocurri\u00f3 en el 2020.<\/p>\n\n\n\n<p>Adem\u00e1s de vacuna, entre las palabras finalistas elegidas se encontraban negacionista y variante. Otras dos estaban relacionadas con la forma en la que la pandemia ha alterado las vidas: desabastecimiento y c\u00e1mper.<\/p>\n\n\n\n<p>Las dem\u00e1s palabras candidatas alud\u00edan al medioambiente como ecoansiedad y carbononeutralidad; la tecnolog\u00eda como metaverso o criptomoneda y otras cuestiones de actualidad como fajana, megavatio y talib\u00e1n.<\/p>\n\n\n\n<p>La primera palabra del a\u00f1o para la Fundaci\u00f3n fue escrache en el 2013, a la que siguieron selfi en 2014, refugiado en 2015, populismo en 2016, aporofobia en 2017, micropl\u00e1stico en 2018, los emojis en 2019 y confinamiento en 2020.<\/p>\n\n\n\n<p>El 20 de diciembre de 2021, la palabra ganadora es vacuna, que designa uno de los conceptos que m\u00e1s ha sonado en los medios de comunicaci\u00f3n desde finales del 2020.<\/p>\n\n\n\n<p>En fin, como escribi\u00f3 Mario Benedetti (Uruguay, 1920-2009), en su poema Futuro cada vez m\u00e1s j\u00edbaro:<\/p>\n\n\n\n<p>A medida que la distancia<\/p>\n\n\n\n<p>entre el presente y el final se acortan<\/p>\n\n\n\n<p>y el futuro se aclara y se enaniza<\/p>\n\n\n\n<p>y se est\u00e1 un poco harto<\/p>\n\n\n\n<p>de husmear en los residuos del pasado<\/p>\n\n\n\n<p>uno valora y hasta mitifica<\/p>\n\n\n\n<p>la fusi\u00f3n con el cuerpo del amor<\/p>\n\n\n\n<p>y una que otra mirada que atraves\u00f3 la niebla<\/p>\n\n\n\n<p>aquellos que se aman o se amaron<\/p>\n\n\n\n<p>saben que all\u00ed estaba la clave<\/p>\n\n\n\n<p>la negaci\u00f3n del acab\u00f3se<\/p>\n\n\n\n<p>y por supuesto la vacuna<\/p>\n\n\n\n<p>contra el maldito desamparo<\/p>\n\n\n\n<p>en el futuro cada vez m\u00e1s j\u00edbaro<\/p>\n\n\n\n<p>raultorress@hotmail.com<\/p>\n","protected":false},"excerpt":{"rendered":"<p>Por Ra\u00fal Torres Salmer\u00f3n La Fundaci\u00f3n del Espa\u00f1ol Urgente, Fund\u00e9u RAE, promovida por la Agencia EFE y la Real Academia [&hellip;]<\/p>\n","protected":false},"author":1,"featured_media":18908,"comment_status":"open","ping_status":"open","sticky":false,"template":"","format":"standard","meta":{"site-sidebar-layout":"default","site-content-layout":"","ast-site-content-layout":"default","site-content-style":"default","site-sidebar-style":"default","ast-global-header-display":"","ast-banner-title-visibility":"","ast-main-header-display":"","ast-hfb-above-header-display":"","ast-hfb-below-header-display":"","ast-hfb-mobile-header-display":"","site-post-title":"","ast-breadcrumbs-content":"","ast-featured-img":"","footer-sml-layout":"","theme-transparent-header-meta":"","adv-header-id-meta":"","stick-header-meta":"","header-above-stick-meta":"","header-main-stick-meta":"","header-below-stick-meta":"","astra-migrate-meta-layouts":"default","ast-page-background-enabled":"default","ast-page-background-meta":{"desktop":{"background-color":"var(--ast-global-color-4)","background-image":"","background-repeat":"repeat","background-position":"center center","background-size":"auto","background-attachment":"scroll","background-type":"","background-media":"","overlay-type":"","overlay-color":"","overlay-opacity":"","overlay-gradient":""},"tablet":{"background-color":"","background-image":"","background-repeat":"repeat","background-position":"center center","background-size":"auto","background-attachment":"scroll","background-type":"","background-media":"","overlay-type":"","overlay-color":"","overlay-opacity":"","overlay-gradient":""},"mobile":{"background-color":"","background-image":"","background-repeat":"repeat","background-position":"center center","background-size":"auto","background-attachment":"scroll","background-type":"","background-media":"","overlay-type":"","overlay-color":"","overlay-opacity":"","overlay-gradient":""}},"ast-content-background-meta":{"desktop":{"background-color":"var(--ast-global-color-5)","background-image":"","background-repeat":"repeat","background-position":"center center","background-size":"auto","background-attachment":"scroll","background-type":"","background-media":"","overlay-type":"","overlay-color":"","overlay-opacity":"","overlay-gradient":""},"tablet":{"background-color":"var(--ast-global-color-5)","background-image":"","background-repeat":"repeat","background-position":"center center","background-size":"auto","background-attachment":"scroll","background-type":"","background-media":"","overlay-type":"","overlay-color":"","overlay-opacity":"","overlay-gradient":""},"mobile":{"background-color":"var(--ast-global-color-5)","background-image":"","background-repeat":"repeat","background-position":"center center","background-size":"auto","background-attachment":"scroll","background-type":"","background-media":"","overlay-type":"","overlay-color":"","overlay-opacity":"","overlay-gradient":""}},"footnotes":""},"categories":[8,19],"tags":[6195],"class_list":["post-18907","post","type-post","status-publish","format-standard","has-post-thumbnail","hentry","category-noticias","category-sin-limites-2","tag-rae"],"_links":{"self":[{"href":"https:\/\/losperiodistas.com.mx\/portal\/wp-json\/wp\/v2\/posts\/18907","targetHints":{"allow":["GET"]}}],"collection":[{"href":"https:\/\/losperiodistas.com.mx\/portal\/wp-json\/wp\/v2\/posts"}],"about":[{"href":"https:\/\/losperiodistas.com.mx\/portal\/wp-json\/wp\/v2\/types\/post"}],"author":[{"embeddable":true,"href":"https:\/\/losperiodistas.com.mx\/portal\/wp-json\/wp\/v2\/users\/1"}],"replies":[{"embeddable":true,"href":"https:\/\/losperiodistas.com.mx\/portal\/wp-json\/wp\/v2\/comments?post=18907"}],"version-history":[{"count":1,"href":"https:\/\/losperiodistas.com.mx\/portal\/wp-json\/wp\/v2\/posts\/18907\/revisions"}],"predecessor-version":[{"id":18909,"href":"https:\/\/losperiodistas.com.mx\/portal\/wp-json\/wp\/v2\/posts\/18907\/revisions\/18909"}],"wp:featuredmedia":[{"embeddable":true,"href":"https:\/\/losperiodistas.com.mx\/portal\/wp-json\/wp\/v2\/media\/18908"}],"wp:attachment":[{"href":"https:\/\/losperiodistas.com.mx\/portal\/wp-json\/wp\/v2\/media?parent=18907"}],"wp:term":[{"taxonomy":"category","embeddable":true,"href":"https:\/\/losperiodistas.com.mx\/portal\/wp-json\/wp\/v2\/categories?post=18907"},{"taxonomy":"post_tag","embeddable":true,"href":"https:\/\/losperiodistas.com.mx\/portal\/wp-json\/wp\/v2\/tags?post=18907"}],"curies":[{"name":"wp","href":"https:\/\/api.w.org\/{rel}","templated":true}]}}