{"id":18898,"date":"2022-01-07T07:51:27","date_gmt":"2022-01-07T13:51:27","guid":{"rendered":"http:\/\/losperiodistas.com.mx\/portal\/?p=18898"},"modified":"2022-01-07T07:51:29","modified_gmt":"2022-01-07T13:51:29","slug":"oms-afirma-que-las-muertes-por-covid-siguen-bajando-pese-al-tsunami-omicron-los-contagios-aumentan-un-70-ser","status":"publish","type":"post","link":"https:\/\/losperiodistas.com.mx\/portal\/oms-afirma-que-las-muertes-por-covid-siguen-bajando-pese-al-tsunami-omicron-los-contagios-aumentan-un-70-ser\/","title":{"rendered":"OMS afirma que las muertes por COVID siguen bajando pese al \u00abtsunami \u00f3micron\u00bb: los contagios aumentan un 70% | SER"},"content":{"rendered":"\n<p style=\"font-size:18px\"><em>Aseguran que las vacunas funcionan contra todas las variantes y critican a los pa\u00edses que est\u00e1n poniendo la cuarta dosis habiendo desigualdad en el mundo<\/em><\/p>\n\n\n\n<figure class=\"wp-block-image size-large\"><img fetchpriority=\"high\" decoding=\"async\" width=\"1024\" height=\"681\" src=\"https:\/\/losperiodistas.com.mx\/portal\/wp-content\/uploads\/2022\/01\/1641487415_043179_1641488748_noticia_normal_recorte1-1024x681.jpeg\" alt=\"\" class=\"wp-image-18899\" srcset=\"https:\/\/losperiodistas.com.mx\/portal\/wp-content\/uploads\/2022\/01\/1641487415_043179_1641488748_noticia_normal_recorte1-1024x681.jpeg 1024w, https:\/\/losperiodistas.com.mx\/portal\/wp-content\/uploads\/2022\/01\/1641487415_043179_1641488748_noticia_normal_recorte1-300x200.jpeg 300w, https:\/\/losperiodistas.com.mx\/portal\/wp-content\/uploads\/2022\/01\/1641487415_043179_1641488748_noticia_normal_recorte1-768x511.jpeg 768w, https:\/\/losperiodistas.com.mx\/portal\/wp-content\/uploads\/2022\/01\/1641487415_043179_1641488748_noticia_normal_recorte1.jpeg 1300w\" sizes=\"(max-width: 1024px) 100vw, 1024px\" \/><figcaption>La OMS ha informado sobre el avance del coronavirus en el mundo y tranquilizan que las muertes siguen bajando. \/\u00a0FABRICE COFFRINI\/AFP\u00a0(Getty Images)<\/figcaption><\/figure>\n\n\n\n<p><\/p>\n\n\n\n<p class=\"has-vivid-cyan-blue-color has-text-color has-medium-font-size\">EFE \/ Ginebra \/ CADENA SER<\/p>\n\n\n\n<p>Los casos globales de&nbsp;<a href=\"https:\/\/www.google.com\/url?sa=t&amp;rct=j&amp;q=&amp;esrc=s&amp;source=web&amp;cd=&amp;cad=rja&amp;uact=8&amp;ved=2ahUKEwjgwbegy531AhWNR_EDHW6gAhMQFnoECAQQAQ&amp;url=https%3A%2F%2Fcadenaser.com%2Ftag%2Fcoronavirus%2Fa%2F&amp;usg=AOvVaw0GaWfKBAKvbbt6DAUaxaEo\" rel=\"noreferrer noopener\" target=\"_blank\">COVID-19<\/a>&nbsp;aumentaron un 70%, un porcentaje nunca antes visto, en la pasada semana del 27 de diciembre al 2 de enero, pero las muertes por la enfermedad bajaron un 10% en ese periodo, seg\u00fan el informe epidemiol\u00f3gico publicado hoy por la Organizaci\u00f3n Mundial de la Salud (<a href=\"https:\/\/www.google.com\/url?sa=t&amp;rct=j&amp;q=&amp;esrc=s&amp;source=web&amp;cd=&amp;cad=rja&amp;uact=8&amp;ved=2ahUKEwjjxNmty531AhUGS_EDHUCbAAkQFnoECAIQAQ&amp;url=https%3A%2F%2Fcadenaser.com%2Ftag%2Foms_organizacion_mundial_salud%2Fa%2F&amp;usg=AOvVaw3Mb5FzJzFANNEyOmJqyyH0\" rel=\"noreferrer noopener\" target=\"_blank\">OMS<\/a>).<\/p>\n\n\n\n<p>M\u00c1S INFORMACI\u00d3N<\/p>\n\n\n\n<ul class=\"wp-block-list\"><li class=\"\"><a href=\"https:\/\/cadenaser.com\/ser\/2021\/12\/29\/sociedad\/1640795739_987291.html?int=masinfo\" target=\"_blank\" rel=\"noreferrer noopener\">La Organizaci\u00f3n Mundial de la Salud advierte: el tratamiento con anticuerpos es menos efectivo ante \u00f3micron<\/a><\/li><li class=\"\"><a href=\"https:\/\/cadenaser.com\/ser\/2021\/12\/09\/internacional\/1639063706_688446.html?int=masinfo\" target=\"_blank\" rel=\"noreferrer noopener\">La OMS apunta que las vacunas ofrecen una inmunidad de hasta seis meses<\/a><\/li><li class=\"\"><a href=\"https:\/\/cadenaser.com\/ser\/2022\/01\/06\/internacional\/1641462837_279087.html?int=masinfo\" target=\"_blank\" rel=\"noreferrer noopener\">La sexta ola de COVID-19 bate r\u00e9cords y supera los 2 millones de casos diarios en el mundo<\/a><\/li><\/ul>\n\n\n\n<p>La semana pasada hubo 9,5 millones de contagios confirmados, una cifra que casi duplica los anteriores r\u00e9cords semanales, mientras que los fallecidos fueron 41.000, lo que supone la cuarta semana consecutiva de descensos en las muertes pese a la virulenta ola actual de contagios. Parad\u00f3jicamente&nbsp;<a href=\"https:\/\/www.google.com\/url?sa=t&amp;rct=j&amp;q=&amp;esrc=s&amp;source=web&amp;cd=&amp;cad=rja&amp;uact=8&amp;ved=2ahUKEwiVycHNy531AhWrQvEDHV_MCeIQFnoECAcQAQ&amp;url=https%3A%2F%2Fcadenaser.com%2Ftag%2Famerica%2Fa%2F&amp;usg=AOvVaw3PUpC3uURsA6CjTfYyBdQy\" rel=\"noreferrer noopener\" target=\"_blank\">Am\u00e9rica<\/a>, el continente donde el aumento de casos fue mayor (del 100 %), tambi\u00e9n fue la regi\u00f3n donde bajaron m\u00e1s los fallecimientos (un 18 %), mientras que en Europa, con un aumento del 65 % en los positivos, los decesos bajaron un 6 %.<\/p>\n\n\n\n<p>En cifras absolutas,&nbsp;<a href=\"https:\/\/www.google.com\/url?sa=t&amp;rct=j&amp;q=&amp;esrc=s&amp;source=web&amp;cd=&amp;cad=rja&amp;uact=8&amp;ved=2ahUKEwiugujly531AhWxSPEDHZ_gAZIQFnoECAUQAQ&amp;url=https%3A%2F%2Fcadenaser.com%2Ftag%2Feuropa%2Fa%2F&amp;usg=AOvVaw2NJHVijZGBxq8hQ38PpYSj\" rel=\"noreferrer noopener\" target=\"_blank\">Europa<\/a>&nbsp;fue el continente con m\u00e1s contagios registrados en la semana estudiada (5,3 millones) y m\u00e1s muertes (22.000), mientras que en Am\u00e9rica se reportaron 3,2 millones de positivos y 10.000 fallecimientos Al actual ritmo Europa, con 103 millones de casos desde el inicio de la pandemia, pronto superar\u00e1 a Am\u00e9rica (104 millones) en contagios confirmados de COVID-19. En \u00c1frica, el continente donde primero se detect\u00f3 la variante \u00f3micron, los casos s\u00f3lo aumentaron un 7 % la semana pasada, el menor porcentaje por regiones, aunque los fallecimientos subieron un 22 % (1.100 en los siete d\u00edas estudiados).<\/p>\n\n\n\n<p>En el resto de regiones hubo descensos en los fallecimientos, incluyendo el sur de Asia, donde las muertes bajaron un 7 % pese al fuerte crecimiento del 78 % en los nuevos contagios.<\/p>\n\n\n\n<p>El informe epidemiol\u00f3gico no ofreci\u00f3 datos sobre la presencia de las distintas variantes del coronavirus en los nuevos contagios, aunque en algunos pa\u00edses ya se reporta que la cepa \u00f3micron es la dominante. Se han administrado en el mundo m\u00e1s de 9.300 millones de vacunas anticovid, con las que un 59 % de la poblaci\u00f3n mundial ha recibido al menos una dosis, aunque el porcentaje baja al 8,8 % en el caso de los pa\u00edses de bajos ingresos, la mayor\u00eda situados en el continente africano.<\/p>\n\n\n\n<h2 class=\"wp-block-heading\">La OMS asegura que las vacunas funcionan contra todas las variantes<\/h2>\n\n\n\n<p>Las vacunas existentes contra la COVID-19 \u00abfuncionan contra todas las variantes que circulan actualmente\u00bb, asegur\u00f3 hoy la jefa de la c\u00e9lula anticovid de la Organizaci\u00f3n Mundial de la Salud (OMS), Maria Van Kerkhove, ante el auge de la cepa \u00f3micron, que ha contagiado a muchas personas vacunadas.<\/p>\n\n\n\n<p>Pese a que la variante \u00f3micron parece reducir la capacidad de neutralizaci\u00f3n de las vacunas, lo que explica estas infecciones de vacunados, estos f\u00e1rmacos \u00absiguen siendo muy efectivos para evitar formas graves de la enfermedad y reducir los fallecimientos\u00bb, asegur\u00f3 la experta estadounidense en rueda de prensa.<\/p>\n\n\n\n<p>Preguntada sobre si la ciudadan\u00eda debe aumentar sus medidas de prevenci\u00f3n ante el alto n\u00famero de contagios en todo el mundo, Van Kerkhove recomend\u00f3 los mismos gestos que se han generalizado de 2020 \u00abcon el fin de reducir el riesgo de exposici\u00f3n\u00bb.<\/p>\n\n\n\n<p>La experta record\u00f3 en este sentido la necesidad de mantener la distancia f\u00edsica con otras personas, el evitar las reuniones de gente en lugares mal ventilados, e insisti\u00f3 especialmente en \u00abllevar mascarillas apropiadas\u00bb y de forma correcta.<\/p>\n\n\n\n<p>\u00abLlevar la mascarilla por debajo de la nariz o en la barbilla es in\u00fatil y te da una falsa sensaci\u00f3n de seguridad\u00bb, alert\u00f3 Van Kerkhove, quien pidi\u00f3 a los casos positivos que se a\u00edslen, hagan esfuerzos para no transmitir el virus y alerten a sus contactos de que han contra\u00eddo COVID-19.<\/p>\n\n\n\n<p>\u00abB\u00e1sicamente, pedimos a todos que hagan su aportaci\u00f3n\u00bb, afirm\u00f3 la experta, quien reconoci\u00f3 que \u00abes asombroso lo r\u00e1pido que se transmite esta variante, pero cualquier otra tambi\u00e9n lo podr\u00eda hacer en similares situaciones\u00bb. El director de Emergencias Sanitarias de la OMS, Mike Ryan, a\u00f1adi\u00f3 que una de las mejores protecciones en la actual ola de contagios es \u00abvacunarse cuando se tenga acceso a dosis\u00bb.<\/p>\n\n\n\n<h2 class=\"wp-block-heading\">Cr\u00edticas de la OMS a los pa\u00edses que ponen la cuarta dosis<\/h2>\n\n\n\n<p>El director general de la Organizaci\u00f3n Mundial de la Salud (OMS), Tedros Adhanom Ghebreyesus, ha criticado a los pa\u00edses que est\u00e1n procediendo a administrar una cuarta dosis de la vacuna contra la Covid-19 y ha pedido \u00abacabar con la desigualdad del a\u00f1o pasado\u00bb.<\/p>\n\n\n\n<p>\u00abA la velocidad actual, 109 pa\u00edses en el mundo no podr\u00e1n cumplir la meta de tener al 70 por ciento de su poblaci\u00f3n vacunada para mediados de 2022. La esencia de la disparidad es que algunos pa\u00edses est\u00e1n procediendo a una cuarta vacunaci\u00f3n, mientras que otros ni siquiera han podido vacunar a sus trabajadores sanitarios\u00bb, ha denunciado Tedros, para a\u00f1adir que \u00abdebemos zanjar las desigualdades del a\u00f1o pasado\u00bb.<\/p>\n\n\n\n<p>\u00abRefuerzo tras refuerzo, estos pocos pa\u00edses no le pondr\u00e1n fin a la pandemia mientras haya millones de personas sin inmunizar en el resto del mundo\u00bb, ha recordado el director general de la OMS. \u00abDebemos encontrar otra forma de proceder a corto plazo, compartiendo las vacunas que se producen, aunque este no fue el caso de 2021\u00bb, ha lamentado.<\/p>\n\n\n\n<p>Con motivo del nuevo a\u00f1o, Tedros ha llamado a los l\u00edderes mundiales a \u00abcomenzar de nuevo\u00bb y a comprometerse con la campa\u00f1a de vacunar al 70 por ciento de la poblaci\u00f3n mundial para julio de 2022. Asimismo, ha pedido garantizar que los tratamientos innovadores est\u00e9n disponibles en todos los pa\u00edses. \u00abPara dejar atr\u00e1s la parte m\u00e1s aguda de la pandemia, las herramientas altamente efectivas deben ser compartidas con todos los pa\u00edses del mundo\u00bb, ha reiterado.<\/p>\n\n\n\n<p>\u00abLa desigualdad vacunal mata y destruye empleos, y socava la recuperaci\u00f3n econ\u00f3mica\u00bb, ha sentenciado Tedros, que ha recordado que, mientras no se consiga la equidad, seguir\u00e1n apareciendo nuevas variantes en pa\u00edses con bajas tasas de vacunaci\u00f3n.<\/p>\n\n\n\n<p>Fuente: https:\/\/cadenaser.com\/ser\/2022\/01\/06\/ciencia\/1641487415_043179.html<\/p>\n","protected":false},"excerpt":{"rendered":"<p>Aseguran que las vacunas funcionan contra todas las variantes y critican a los pa\u00edses que est\u00e1n poniendo la cuarta dosis [&hellip;]<\/p>\n","protected":false},"author":1,"featured_media":18899,"comment_status":"open","ping_status":"open","sticky":false,"template":"","format":"standard","meta":{"site-sidebar-layout":"default","site-content-layout":"","ast-site-content-layout":"default","site-content-style":"default","site-sidebar-style":"default","ast-global-header-display":"","ast-banner-title-visibility":"","ast-main-header-display":"","ast-hfb-above-header-display":"","ast-hfb-below-header-display":"","ast-hfb-mobile-header-display":"","site-post-title":"","ast-breadcrumbs-content":"","ast-featured-img":"","footer-sml-layout":"","theme-transparent-header-meta":"","adv-header-id-meta":"","stick-header-meta":"","header-above-stick-meta":"","header-main-stick-meta":"","header-below-stick-meta":"","astra-migrate-meta-layouts":"default","ast-page-background-enabled":"default","ast-page-background-meta":{"desktop":{"background-color":"var(--ast-global-color-4)","background-image":"","background-repeat":"repeat","background-position":"center center","background-size":"auto","background-attachment":"scroll","background-type":"","background-media":"","overlay-type":"","overlay-color":"","overlay-opacity":"","overlay-gradient":""},"tablet":{"background-color":"","background-image":"","background-repeat":"repeat","background-position":"center center","background-size":"auto","background-attachment":"scroll","background-type":"","background-media":"","overlay-type":"","overlay-color":"","overlay-opacity":"","overlay-gradient":""},"mobile":{"background-color":"","background-image":"","background-repeat":"repeat","background-position":"center center","background-size":"auto","background-attachment":"scroll","background-type":"","background-media":"","overlay-type":"","overlay-color":"","overlay-opacity":"","overlay-gradient":""}},"ast-content-background-meta":{"desktop":{"background-color":"var(--ast-global-color-5)","background-image":"","background-repeat":"repeat","background-position":"center center","background-size":"auto","background-attachment":"scroll","background-type":"","background-media":"","overlay-type":"","overlay-color":"","overlay-opacity":"","overlay-gradient":""},"tablet":{"background-color":"var(--ast-global-color-5)","background-image":"","background-repeat":"repeat","background-position":"center center","background-size":"auto","background-attachment":"scroll","background-type":"","background-media":"","overlay-type":"","overlay-color":"","overlay-opacity":"","overlay-gradient":""},"mobile":{"background-color":"var(--ast-global-color-5)","background-image":"","background-repeat":"repeat","background-position":"center center","background-size":"auto","background-attachment":"scroll","background-type":"","background-media":"","overlay-type":"","overlay-color":"","overlay-opacity":"","overlay-gradient":""}},"footnotes":""},"categories":[8],"tags":[38,5593,507],"class_list":["post-18898","post","type-post","status-publish","format-standard","has-post-thumbnail","hentry","category-noticias","tag-covid-19","tag-omicron","tag-oms"],"_links":{"self":[{"href":"https:\/\/losperiodistas.com.mx\/portal\/wp-json\/wp\/v2\/posts\/18898","targetHints":{"allow":["GET"]}}],"collection":[{"href":"https:\/\/losperiodistas.com.mx\/portal\/wp-json\/wp\/v2\/posts"}],"about":[{"href":"https:\/\/losperiodistas.com.mx\/portal\/wp-json\/wp\/v2\/types\/post"}],"author":[{"embeddable":true,"href":"https:\/\/losperiodistas.com.mx\/portal\/wp-json\/wp\/v2\/users\/1"}],"replies":[{"embeddable":true,"href":"https:\/\/losperiodistas.com.mx\/portal\/wp-json\/wp\/v2\/comments?post=18898"}],"version-history":[{"count":1,"href":"https:\/\/losperiodistas.com.mx\/portal\/wp-json\/wp\/v2\/posts\/18898\/revisions"}],"predecessor-version":[{"id":18900,"href":"https:\/\/losperiodistas.com.mx\/portal\/wp-json\/wp\/v2\/posts\/18898\/revisions\/18900"}],"wp:featuredmedia":[{"embeddable":true,"href":"https:\/\/losperiodistas.com.mx\/portal\/wp-json\/wp\/v2\/media\/18899"}],"wp:attachment":[{"href":"https:\/\/losperiodistas.com.mx\/portal\/wp-json\/wp\/v2\/media?parent=18898"}],"wp:term":[{"taxonomy":"category","embeddable":true,"href":"https:\/\/losperiodistas.com.mx\/portal\/wp-json\/wp\/v2\/categories?post=18898"},{"taxonomy":"post_tag","embeddable":true,"href":"https:\/\/losperiodistas.com.mx\/portal\/wp-json\/wp\/v2\/tags?post=18898"}],"curies":[{"name":"wp","href":"https:\/\/api.w.org\/{rel}","templated":true}]}}