{"id":18895,"date":"2022-01-07T07:10:07","date_gmt":"2022-01-07T13:10:07","guid":{"rendered":"http:\/\/losperiodistas.com.mx\/portal\/?p=18895"},"modified":"2022-01-07T07:10:08","modified_gmt":"2022-01-07T13:10:08","slug":"no-ceder-a-las-obligaciones-financieras-el-bien-comun-es-la-prioridad-vatican-news","status":"publish","type":"post","link":"https:\/\/losperiodistas.com.mx\/portal\/no-ceder-a-las-obligaciones-financieras-el-bien-comun-es-la-prioridad-vatican-news\/","title":{"rendered":"No ceder a las obligaciones financieras, el bien com\u00fan es la prioridad | Vatican News"},"content":{"rendered":"\n<p style=\"font-size:18px\"><em>Al recibir en audiencia a un grupo de empresarios procedentes de Francia, que viajaron en peregrinaci\u00f3n a Roma, el Papa Francisco los invit\u00f3 a que tengan \u201cel olor de las ovejas\u201d y a interesarse por la vida de sus propios colaboradores, preocup\u00e1ndose por sus dificultades y esperanzas, puesto que \u00aba autoridad es servicio\u00bb<\/em><\/p>\n\n\n\n<p><\/p>\n\n\n\n<figure class=\"wp-block-image size-large\"><img fetchpriority=\"high\" decoding=\"async\" width=\"1024\" height=\"577\" src=\"https:\/\/losperiodistas.com.mx\/portal\/wp-content\/uploads\/2022\/01\/Captura-de-Pantalla-2022-01-07-a-las-7.01.19-1024x577.jpg\" alt=\"\" class=\"wp-image-18896\" srcset=\"https:\/\/losperiodistas.com.mx\/portal\/wp-content\/uploads\/2022\/01\/Captura-de-Pantalla-2022-01-07-a-las-7.01.19-1024x577.jpg 1024w, https:\/\/losperiodistas.com.mx\/portal\/wp-content\/uploads\/2022\/01\/Captura-de-Pantalla-2022-01-07-a-las-7.01.19-300x169.jpg 300w, https:\/\/losperiodistas.com.mx\/portal\/wp-content\/uploads\/2022\/01\/Captura-de-Pantalla-2022-01-07-a-las-7.01.19-768x433.jpg 768w, https:\/\/losperiodistas.com.mx\/portal\/wp-content\/uploads\/2022\/01\/Captura-de-Pantalla-2022-01-07-a-las-7.01.19.jpg 1494w\" sizes=\"(max-width: 1024px) 100vw, 1024px\" \/><figcaption>Audiencia del Papa a los empresarios procedentes de Francia <\/figcaption><\/figure>\n\n\n\n<p><\/p>\n\n\n\n<p class=\"has-vivid-cyan-blue-color has-text-color has-medium-font-size\">VATICAN NEWS<\/p>\n\n\n\n<p>Llam\u00e1ndolos \u201cqueridos amigos\u201d el Santo Padre dio su bienvenida, despu\u00e9s de mediod\u00eda en la Sala Clementina del Palacio Apost\u00f3lico y tras pedir disculpas por su retraso, a una delegaci\u00f3n de noventa empresarios de Francia con motivo de su peregrinaci\u00f3n a Roma sobre el tema del \u201cbien com\u00fan\u201d. Tras agradecer las palabras del arzobispo Dominique Rey, obispo de Fr\u00e9jus-Toulon que acompa\u00f1a a este grupo, el Papa dijo que le parece muy bello y valeroso que, \u201cen el mundo actual, a menudo marcado por el individualismo, la indiferencia e incluso la marginaci\u00f3n de las personas m\u00e1s vulnerables, algunos empresarios y l\u00edderes empresariales tengan en su coraz\u00f3n el servicio de todos y no s\u00f3lo de los intereses privados o de los c\u00edrculos restringidos\u201d.<\/p>\n\n\n\n<p>Francisco aprovech\u00f3 la ocasi\u00f3n para compartir algunas ense\u00f1anzas del Evangelio a fin de \u201cayudarlos a desarrollar su papel de l\u00edderes seg\u00fan el coraz\u00f3n de Dios\u201d.<\/p>\n\n\n\n<h2 class=\"wp-block-heading\"><strong>Ideal y realidad<\/strong><\/h2>\n\n\n\n<p>Tomando dos binomios, dos pares de conceptos \u201cque parecen estar siempre en tensi\u00f3n, pero que el cristiano, ayudado por la gracia, puede unificar en su propia vida\u201d, el Pont\u00edfice se refiri\u00f3 a los temas de: \u201cideal y realidad; autoridad y servicio\u201d.<\/p>\n\n\n\n<p>Relatando que hace unos d\u00edas evocaba ese \u00abchoque\u201d que todo cristiano experimenta a menudo \u201centre el ideal que sue\u00f1a y la realidad que encuentra\u201d, el Papa, refiri\u00e9ndose a la Virgen Mar\u00eda \u2013 quien se vio \u201cobligada a dar a luz al Hijo de Dios en la pobreza de un establo\u201d \u2013 aludi\u00f3 glosando su homil\u00eda del primer d\u00eda del a\u00f1o dijo: \u201cEsperamos que todo vaya bien y despu\u00e9s llega un problema inesperado, como un rayo. Y se produce un choque doloroso entre las expectativas y la realidad\u00bb. Por lo tanto:<\/p>\n\n\n\n<figure class=\"wp-block-pullquote\"><blockquote><p>\u201cLa b\u00fasqueda del bien com\u00fan es para ustedes un motivo de preocupaci\u00f3n, un ideal en el marco de sus responsabilidades profesionales. Por lo tanto, el bien com\u00fan es ciertamente un elemento determinante en su discernimiento y de sus elecciones como como dirigentes, pero debe ajustarse a las obligaciones impuestas por los sistemas econ\u00f3micos y financieros vigentes, que a menudo no tienen en cuenta los principios evang\u00e9licos de la justicia social y de la caridad\u201d<\/p><\/blockquote><\/figure>\n\n\n\n<p>De ah\u00ed que el Papa haya dicho que se imagina que su tarea les pese, y que su conciencia \u201centre en conflicto\u201d cuando el ideal de justicia y de bien com\u00fan que querr\u00edan alcanzar no ha podido realizarse, y que \u201cla dura realidad\u201d se les presente como una \u201cfalta, un retroceso, un remordimiento, un choque\u201d. Por esta raz\u00f3n afirm\u00f3 Francisco\u201d<\/p>\n\n\n\n<figure class=\"wp-block-pullquote\"><blockquote><p>\u201cEs importante que puedan superar esto y vivirlo con fe, para poder perseverar y no desanimarse\u201d<\/p><\/blockquote><\/figure>\n\n\n\n<p>De hecho, Mar\u00eda, prosigui\u00f3 diciendo el Pont\u00edfice, ante el \u00abesc\u00e1ndalo del pesebre\u00bb, no se desanim\u00f3 ni rebel\u00f3, sino que \u201creaccion\u00f3 custodiando y meditando en su coraz\u00f3n, demostrando una fe adulta, que se fortalece con la prueba\u201d.<\/p>\n\n\n\n<h2 class=\"wp-block-heading\"><strong>Autoridad y servicio<\/strong><\/h2>\n\n\n\n<p>El segundo binomio al que se refiri\u00f3 el Obispo de Roma fue el de \u201cautoridad y servicio\u201d. En este punto el Papa record\u00f3 que \u201cla misi\u00f3n del dirigente cristiano se asemeja, en muchos aspectos, a la del pastor, del que Jes\u00fas es el modelo, y que sabe ir delante del reba\u00f1o para indicar el camino, sabe estar en el medio para ver lo que ocurre all\u00ed, y tambi\u00e9n sabe estar detr\u00e1s, para asegurarse de que nadie pierde el contacto\u201d.<\/p>\n\n\n\n<h2 class=\"wp-block-heading\"><strong>Olor a oveja<\/strong><\/h2>\n\n\n\n<p>El Papa destac\u00f3 que a menudo exhortpo a los sacerdotes y a los obispos a tener \u201cel olor de las ovejas, a sumergirse en la realidad de cuantos les han sido encomendados, conocerlos, hacerse cercanos a ellos. \u00a1Creo que este consejo tambi\u00e9n se aplica a ustedes!\u201d, les dijo. Y a\u00f1adi\u00f3:<\/p>\n\n\n\n<figure class=\"wp-block-pullquote\"><blockquote><p>\u201cPor lo tanto, los animo a estar cerca de quienes colaboran con ustedes a todos los niveles: a interesarse por sus vidas, a darse cuenta de sus dificultades, de los sufrimientos, de las inquietudes, pero tambi\u00e9n de sus alegr\u00edas, de los proyectos y de las esperanzas\u201d<\/p><\/blockquote><\/figure>\n\n\n\n<h2 class=\"wp-block-heading\"><strong>Cada parte del cuerpo es importante<\/strong><\/h2>\n\n\n\n<p>\u00abEjercer la autoridad como un servicio requiere compartirla\u00bb, subray\u00f3 el Papa. \u00abEst\u00e1n invitados \u2013 les dijo \u2013 a poner en pr\u00e1ctica la subsidiariedad con la que se valora la autonom\u00eda y la capacidad de iniciativa de todos, especialmente de los \u00faltimos\u00bb, porque todas las partes de un cuerpo son necesarias, incluso las que parecen \u00abm\u00e1s d\u00e9biles y menos importantes\u00bb. As\u00ed, \u00abel dirigente cristiano est\u00e1 llamado a considerar con atenci\u00f3n el lugar asignado a todas las personas de su empresa, incluidas aquellas cuyas funciones podr\u00edan parecer de menor importancia\u00bb.<\/p>\n\n\n\n<figure class=\"wp-block-pullquote\"><blockquote><p>\u201cIncluso si el ejercicio de la autoridad requiere tomar decisiones valerosas, y a veces en primera persona, la subsidiariedad permite que cada uno dar lo mejor de s\u00ed mismo, sentirse part\u00edcipe, asumir su parte de responsabilidad y contribuir as\u00ed al bien del conjunto\u201d<\/p><\/blockquote><\/figure>\n\n\n\n<p>De ah\u00ed la exhortaci\u00f3n final del Pont\u00edfice a \u00abmantener la mirada fija en Jesucristo\u00bb con \u00abla oferta del trabajo diario\u00bb y a no dudar a \u00abinvocar al Esp\u00edritu Santo para que gu\u00ede sus decisiones\u00bb. Francisco se despidi\u00f3 con su bendici\u00f3n y pidi\u00e9ndoles que, por favor, no se olviden de rezar por \u00e9l.<a href=\"https:\/\/www.comunicazione.va\/en\/sostienici\/es.html\"><\/a><\/p>\n\n\n\n<p>Fuente: https:\/\/www.vaticannews.va\/es\/papa\/news\/2022-01\/no-ceder-a-las-obligaciones-financieras-el-bien-comun-es-la.html<\/p>\n","protected":false},"excerpt":{"rendered":"<p>Al recibir en audiencia a un grupo de empresarios procedentes de Francia, que viajaron en peregrinaci\u00f3n a Roma, el Papa [&hellip;]<\/p>\n","protected":false},"author":1,"featured_media":18896,"comment_status":"open","ping_status":"open","sticky":false,"template":"","format":"standard","meta":{"site-sidebar-layout":"default","site-content-layout":"","ast-site-content-layout":"default","site-content-style":"default","site-sidebar-style":"default","ast-global-header-display":"","ast-banner-title-visibility":"","ast-main-header-display":"","ast-hfb-above-header-display":"","ast-hfb-below-header-display":"","ast-hfb-mobile-header-display":"","site-post-title":"","ast-breadcrumbs-content":"","ast-featured-img":"","footer-sml-layout":"","theme-transparent-header-meta":"","adv-header-id-meta":"","stick-header-meta":"","header-above-stick-meta":"","header-main-stick-meta":"","header-below-stick-meta":"","astra-migrate-meta-layouts":"default","ast-page-background-enabled":"default","ast-page-background-meta":{"desktop":{"background-color":"var(--ast-global-color-4)","background-image":"","background-repeat":"repeat","background-position":"center center","background-size":"auto","background-attachment":"scroll","background-type":"","background-media":"","overlay-type":"","overlay-color":"","overlay-opacity":"","overlay-gradient":""},"tablet":{"background-color":"","background-image":"","background-repeat":"repeat","background-position":"center center","background-size":"auto","background-attachment":"scroll","background-type":"","background-media":"","overlay-type":"","overlay-color":"","overlay-opacity":"","overlay-gradient":""},"mobile":{"background-color":"","background-image":"","background-repeat":"repeat","background-position":"center center","background-size":"auto","background-attachment":"scroll","background-type":"","background-media":"","overlay-type":"","overlay-color":"","overlay-opacity":"","overlay-gradient":""}},"ast-content-background-meta":{"desktop":{"background-color":"var(--ast-global-color-5)","background-image":"","background-repeat":"repeat","background-position":"center center","background-size":"auto","background-attachment":"scroll","background-type":"","background-media":"","overlay-type":"","overlay-color":"","overlay-opacity":"","overlay-gradient":""},"tablet":{"background-color":"var(--ast-global-color-5)","background-image":"","background-repeat":"repeat","background-position":"center center","background-size":"auto","background-attachment":"scroll","background-type":"","background-media":"","overlay-type":"","overlay-color":"","overlay-opacity":"","overlay-gradient":""},"mobile":{"background-color":"var(--ast-global-color-5)","background-image":"","background-repeat":"repeat","background-position":"center center","background-size":"auto","background-attachment":"scroll","background-type":"","background-media":"","overlay-type":"","overlay-color":"","overlay-opacity":"","overlay-gradient":""}},"footnotes":""},"categories":[8],"tags":[190,196,6747],"class_list":["post-18895","post","type-post","status-publish","format-standard","has-post-thumbnail","hentry","category-noticias","tag-bien-comun","tag-papa-francisco","tag-subsidiariedad"],"_links":{"self":[{"href":"https:\/\/losperiodistas.com.mx\/portal\/wp-json\/wp\/v2\/posts\/18895","targetHints":{"allow":["GET"]}}],"collection":[{"href":"https:\/\/losperiodistas.com.mx\/portal\/wp-json\/wp\/v2\/posts"}],"about":[{"href":"https:\/\/losperiodistas.com.mx\/portal\/wp-json\/wp\/v2\/types\/post"}],"author":[{"embeddable":true,"href":"https:\/\/losperiodistas.com.mx\/portal\/wp-json\/wp\/v2\/users\/1"}],"replies":[{"embeddable":true,"href":"https:\/\/losperiodistas.com.mx\/portal\/wp-json\/wp\/v2\/comments?post=18895"}],"version-history":[{"count":1,"href":"https:\/\/losperiodistas.com.mx\/portal\/wp-json\/wp\/v2\/posts\/18895\/revisions"}],"predecessor-version":[{"id":18897,"href":"https:\/\/losperiodistas.com.mx\/portal\/wp-json\/wp\/v2\/posts\/18895\/revisions\/18897"}],"wp:featuredmedia":[{"embeddable":true,"href":"https:\/\/losperiodistas.com.mx\/portal\/wp-json\/wp\/v2\/media\/18896"}],"wp:attachment":[{"href":"https:\/\/losperiodistas.com.mx\/portal\/wp-json\/wp\/v2\/media?parent=18895"}],"wp:term":[{"taxonomy":"category","embeddable":true,"href":"https:\/\/losperiodistas.com.mx\/portal\/wp-json\/wp\/v2\/categories?post=18895"},{"taxonomy":"post_tag","embeddable":true,"href":"https:\/\/losperiodistas.com.mx\/portal\/wp-json\/wp\/v2\/tags?post=18895"}],"curies":[{"name":"wp","href":"https:\/\/api.w.org\/{rel}","templated":true}]}}