{"id":18892,"date":"2022-01-07T06:58:29","date_gmt":"2022-01-07T12:58:29","guid":{"rendered":"http:\/\/losperiodistas.com.mx\/portal\/?p=18892"},"modified":"2022-01-07T06:58:31","modified_gmt":"2022-01-07T12:58:31","slug":"efemerides-del-7-de-enero-que-paso-un-dia-como-hoy-adn-40","status":"publish","type":"post","link":"https:\/\/losperiodistas.com.mx\/portal\/efemerides-del-7-de-enero-que-paso-un-dia-como-hoy-adn-40\/","title":{"rendered":"Efem\u00e9rides del 7 de enero: Qu\u00e9 pas\u00f3 un d\u00eda como hoy | ADN 40"},"content":{"rendered":"\n<p style=\"font-size:18px\"><em>\u00bfSabes qu\u00e9 pas\u00f3 un d\u00eda como hoy? El 7 de enero se festeja \u2018D\u00eda Mundial del Sello Postal\u2019. Conoce las efem\u00e9rides de este d\u00eda.<\/em><\/p>\n\n\n\n<p><\/p>\n\n\n\n<figure class=\"wp-block-image size-large\"><img fetchpriority=\"high\" decoding=\"async\" width=\"968\" height=\"545\" src=\"https:\/\/losperiodistas.com.mx\/portal\/wp-content\/uploads\/2022\/01\/efem-enero-7.jpeg\" alt=\"\" class=\"wp-image-18893\" srcset=\"https:\/\/losperiodistas.com.mx\/portal\/wp-content\/uploads\/2022\/01\/efem-enero-7.jpeg 968w, https:\/\/losperiodistas.com.mx\/portal\/wp-content\/uploads\/2022\/01\/efem-enero-7-300x169.jpeg 300w, https:\/\/losperiodistas.com.mx\/portal\/wp-content\/uploads\/2022\/01\/efem-enero-7-768x432.jpeg 768w\" sizes=\"(max-width: 968px) 100vw, 968px\" \/><\/figure>\n\n\n\n<p><\/p>\n\n\n\n<p class=\"has-vivid-cyan-blue-color has-text-color has-medium-font-size\">ADN 40<\/p>\n\n\n\n<h2 class=\"wp-block-heading\">D\u00eda Mundial del Sello Postal<\/h2>\n\n\n\n<p>El&nbsp;<strong>7 de enero<\/strong>&nbsp;de cada a\u00f1o, se conmemora el \u2018D\u00eda Mundial del Sello Postal\u2019, ya que&nbsp;<strong>un d\u00eda como hoy<\/strong>, pero de 1831 naci\u00f3 Heinrich Stephan, personaje que organizo el sistema postal de Alemania y adem\u00e1s fue el fundador de la Uni\u00f3n Postal Universal (UPU).<\/p>\n\n\n\n<h2 class=\"wp-block-heading\">Efem\u00e9rides del 7 de enero de 2022<\/h2>\n\n\n\n<p>1610: En Italia, Galileo Galilei observa cuatro de las lunas de J\u00fapiter a trav\u00e9s de su telescopio.<\/p>\n\n\n\n<p>1789: En los Estados Unidos se realizan las primeras elecciones presidenciales, las cuales dan a George Washington como ganador.<\/p>\n\n\n\n<p>1791: En Francia, la Asamblea constituyente crea las patentes de invenci\u00f3n.<\/p>\n\n\n\n<p>1797: En el Congreso de Reggio (en la Emilia) se consagra la bandera tricolor italiana (verde, blanco y rojo).<\/p>\n\n\n\n<figure class=\"wp-block-image\"><img decoding=\"async\" src=\"https:\/\/tvazteca.brightspotcdn.com\/dims4\/default\/28a33fb\/2147483647\/strip\/true\/crop\/1200x675+0+0\/resize\/968x545!\/format\/jpg\/quality\/80\/?url=https%3A%2F%2Ftvazteca.brightspotcdn.com%2F99%2F07%2F5dbc70f6428f8300aa8fbc855289%2Fefemerides-7-de-enero-1.jpg\" alt=\"efem\u00e9rides 7 de enero 1.jpg\"\/><\/figure>\n\n\n\n<p>1894: W. K. Dickson recibe una patente por su invento, el filme de movimiento.<\/p>\n\n\n\n<p>1904: Se establece la se\u00f1al de auxilio CQD (que dos a\u00f1os despu\u00e9s se reemplazar\u00e1 por el SOS).<\/p>\n\n\n\n<p>1907: Se comete la matanza de obreros huelguistas en la f\u00e1brica de textiles de R\u00edo Blanco, Veracruz.<\/p>\n\n\n\n<p>1927: Se inaugura el servicio telef\u00f3nico comercial entre Londres y Nueva York.<\/p>\n\n\n\n<p>1927: El grupo de baloncesto&nbsp;<em>Harlem Globetrotters<\/em>&nbsp;juegan su primer partido.<\/p>\n\n\n\n<p>1929: Aparece<em>&nbsp;Tarz\u00e1n<\/em>, una de las primeras historietas de aventuras.<\/p>\n\n\n\n<p>1934: En los Estados Unidos, el dibujante Alex Raymond crea la historieta&nbsp;<em>Flash Gordon<\/em>.<\/p>\n\n\n\n<p>1950: La compositora y cantante Chabuca Granda compone el c\u00e9lebre vals \u201c<em>La Flor de la Canela<\/em>\u201d.<\/p>\n\n\n\n<p>1953: En los Estados Unidos, el presidente Harry Truman anuncia que su pa\u00eds ha desarrollado la bomba de hidr\u00f3geno.<\/p>\n\n\n\n<p>1953: En Bolivia fracasa un golpe de Estado de la derecha.<\/p>\n\n\n\n<p>1954: En Nueva York, la empresa de computadoras IBM muestra la primera m\u00e1quina traductora.<\/p>\n\n\n\n<figure class=\"wp-block-image\"><img decoding=\"async\" src=\"https:\/\/tvazteca.brightspotcdn.com\/dims4\/default\/6eff135\/2147483647\/strip\/true\/crop\/620x350+0+0\/resize\/968x546!\/format\/jpg\/quality\/80\/?url=https%3A%2F%2Ftvazteca.brightspotcdn.com%2Fbb%2Fd0%2Ff8e4822d42e1a93625915e3ee12a%2Fefemerides-7-de-enero-3.jpg\" alt=\"efem\u00e9rides 7 de enero 3.jpg\"\/><\/figure>\n\n\n\n<p>1959: Estados Unidos reconoce el nuevo gobierno cubano de Fidel Castro.<\/p>\n\n\n\n<p>1973: En el hotel Howard Johnson de Nueva Orleans (Luisiana), un tal Mark Essex mata a tiros a 10 personas y hiere a otras 13. La polic\u00eda le dispara hasta matarlo.<\/p>\n\n\n\n<p>1980: La c\u00e9lebre serie mexicana, El Chavo del 8 da su \u00faltima emisi\u00f3n.<\/p>\n\n\n\n<p>1986: Muere Juan Rulfo, escritor jalisciense y uno de los m\u00e1s influyentes escritores mexicanos del siglo XX, autor de&nbsp;<em>El Llano en llamas&nbsp;<\/em>y&nbsp;<em>Pedro P\u00e1ramo<\/em>.<\/p>\n\n\n\n<p>1992: La compa\u00f1\u00eda AT&amp;T presenta el videotel\u00e9fono.<\/p>\n\n\n\n<p>1996: La&nbsp;<a href=\"https:\/\/www.adn40.mx\/es-tendencia\/leon-marino-barco-orcas-gm-especial\" target=\"_blank\" rel=\"noreferrer noopener\">orca Keiko&nbsp;<\/a>es trasladada desde el parque&nbsp;<em>Reino Aventura&nbsp;<\/em>de la Ciudad de M\u00e9xico al&nbsp;<em>Oregon Coast Aquarium<\/em>&nbsp;(en Oreg\u00f3n).<\/p>\n\n\n\n<p>1999: En los Estados Unidos comienza el juicio contra Bill Clinton, el primero que se celebra contra un presidente en 130 a\u00f1os.<\/p>\n\n\n\n<figure class=\"wp-block-image\"><img decoding=\"async\" src=\"https:\/\/tvazteca.brightspotcdn.com\/dims4\/default\/39da3a4\/2147483647\/strip\/true\/crop\/800x533+0+0\/resize\/968x645!\/format\/jpg\/quality\/80\/?url=https%3A%2F%2Ftvazteca.brightspotcdn.com%2F0c%2F03%2Fda743f3e4f6e85d5ca529dceca2d%2Fefemerides-7-de-enero-4.jpg\" alt=\"efem\u00e9rides 7 de enero 4.jpg\"\/><\/figure>\n\n\n\n<p>2013: En Z\u00farich (Suiza), Lionel Messi gana su cuarto Bal\u00f3n de Oro por sobre Cristiano Ronaldo y Andr\u00e9s Iniesta.<\/p>\n\n\n\n<p>2015: En Francia, atentado contra el semanario sat\u00edrico&nbsp;<em>Charlie Hebdo<\/em>.<\/p>\n\n\n\n<p>2020: En Wuhan China se descubre el\u00a0<a href=\"https:\/\/www.adn40.mx\/salud\/vacunacion-de-refuerzo-covid-19-maestros-lhp\" target=\"_blank\" rel=\"noreferrer noopener\">COVID-19\u00a0<\/a>.<\/p>\n\n\n\n<p>Fuente: https:\/\/www.adn40.mx\/mexico\/efemerides-7-de-enero-gm-especial<\/p>\n","protected":false},"excerpt":{"rendered":"<p>\u00bfSabes qu\u00e9 pas\u00f3 un d\u00eda como hoy? El 7 de enero se festeja \u2018D\u00eda Mundial del Sello Postal\u2019. Conoce las [&hellip;]<\/p>\n","protected":false},"author":1,"featured_media":18893,"comment_status":"open","ping_status":"open","sticky":false,"template":"","format":"standard","meta":{"site-sidebar-layout":"default","site-content-layout":"","ast-site-content-layout":"default","site-content-style":"default","site-sidebar-style":"default","ast-global-header-display":"","ast-banner-title-visibility":"","ast-main-header-display":"","ast-hfb-above-header-display":"","ast-hfb-below-header-display":"","ast-hfb-mobile-header-display":"","site-post-title":"","ast-breadcrumbs-content":"","ast-featured-img":"","footer-sml-layout":"","theme-transparent-header-meta":"","adv-header-id-meta":"","stick-header-meta":"","header-above-stick-meta":"","header-main-stick-meta":"","header-below-stick-meta":"","astra-migrate-meta-layouts":"default","ast-page-background-enabled":"default","ast-page-background-meta":{"desktop":{"background-color":"var(--ast-global-color-4)","background-image":"","background-repeat":"repeat","background-position":"center center","background-size":"auto","background-attachment":"scroll","background-type":"","background-media":"","overlay-type":"","overlay-color":"","overlay-opacity":"","overlay-gradient":""},"tablet":{"background-color":"","background-image":"","background-repeat":"repeat","background-position":"center center","background-size":"auto","background-attachment":"scroll","background-type":"","background-media":"","overlay-type":"","overlay-color":"","overlay-opacity":"","overlay-gradient":""},"mobile":{"background-color":"","background-image":"","background-repeat":"repeat","background-position":"center center","background-size":"auto","background-attachment":"scroll","background-type":"","background-media":"","overlay-type":"","overlay-color":"","overlay-opacity":"","overlay-gradient":""}},"ast-content-background-meta":{"desktop":{"background-color":"var(--ast-global-color-5)","background-image":"","background-repeat":"repeat","background-position":"center center","background-size":"auto","background-attachment":"scroll","background-type":"","background-media":"","overlay-type":"","overlay-color":"","overlay-opacity":"","overlay-gradient":""},"tablet":{"background-color":"var(--ast-global-color-5)","background-image":"","background-repeat":"repeat","background-position":"center center","background-size":"auto","background-attachment":"scroll","background-type":"","background-media":"","overlay-type":"","overlay-color":"","overlay-opacity":"","overlay-gradient":""},"mobile":{"background-color":"var(--ast-global-color-5)","background-image":"","background-repeat":"repeat","background-position":"center center","background-size":"auto","background-attachment":"scroll","background-type":"","background-media":"","overlay-type":"","overlay-color":"","overlay-opacity":"","overlay-gradient":""}},"footnotes":""},"categories":[8],"tags":[5299,6744,6746,6745,6743],"class_list":["post-18892","post","type-post","status-publish","format-standard","has-post-thumbnail","hentry","category-noticias","tag-bill-clinton","tag-el-chavo-del-8","tag-ibm","tag-juan-rulfo","tag-sellos-postales"],"_links":{"self":[{"href":"https:\/\/losperiodistas.com.mx\/portal\/wp-json\/wp\/v2\/posts\/18892","targetHints":{"allow":["GET"]}}],"collection":[{"href":"https:\/\/losperiodistas.com.mx\/portal\/wp-json\/wp\/v2\/posts"}],"about":[{"href":"https:\/\/losperiodistas.com.mx\/portal\/wp-json\/wp\/v2\/types\/post"}],"author":[{"embeddable":true,"href":"https:\/\/losperiodistas.com.mx\/portal\/wp-json\/wp\/v2\/users\/1"}],"replies":[{"embeddable":true,"href":"https:\/\/losperiodistas.com.mx\/portal\/wp-json\/wp\/v2\/comments?post=18892"}],"version-history":[{"count":1,"href":"https:\/\/losperiodistas.com.mx\/portal\/wp-json\/wp\/v2\/posts\/18892\/revisions"}],"predecessor-version":[{"id":18894,"href":"https:\/\/losperiodistas.com.mx\/portal\/wp-json\/wp\/v2\/posts\/18892\/revisions\/18894"}],"wp:featuredmedia":[{"embeddable":true,"href":"https:\/\/losperiodistas.com.mx\/portal\/wp-json\/wp\/v2\/media\/18893"}],"wp:attachment":[{"href":"https:\/\/losperiodistas.com.mx\/portal\/wp-json\/wp\/v2\/media?parent=18892"}],"wp:term":[{"taxonomy":"category","embeddable":true,"href":"https:\/\/losperiodistas.com.mx\/portal\/wp-json\/wp\/v2\/categories?post=18892"},{"taxonomy":"post_tag","embeddable":true,"href":"https:\/\/losperiodistas.com.mx\/portal\/wp-json\/wp\/v2\/tags?post=18892"}],"curies":[{"name":"wp","href":"https:\/\/api.w.org\/{rel}","templated":true}]}}