{"id":18888,"date":"2022-01-07T06:54:03","date_gmt":"2022-01-07T12:54:03","guid":{"rendered":"http:\/\/losperiodistas.com.mx\/portal\/?p=18888"},"modified":"2022-01-07T06:54:05","modified_gmt":"2022-01-07T12:54:05","slug":"usuarios-de-la-ciclovia-hermanos-serdan-piden-darle-mantenimiento-y-no-destruirla-oem","status":"publish","type":"post","link":"https:\/\/losperiodistas.com.mx\/portal\/usuarios-de-la-ciclovia-hermanos-serdan-piden-darle-mantenimiento-y-no-destruirla-oem\/","title":{"rendered":"Usuarios de la ciclov\u00eda Hermanos Serd\u00e1n piden darle mantenimiento y no destruirla | OEM"},"content":{"rendered":"\n<p style=\"font-size:18px\"><em>La pista elevada es utilizada diariamente por corredores, ciclistas y peatones<\/em><\/p>\n\n\n\n<figure class=\"wp-block-image size-large\"><img fetchpriority=\"high\" decoding=\"async\" width=\"1024\" height=\"729\" src=\"https:\/\/losperiodistas.com.mx\/portal\/wp-content\/uploads\/2022\/01\/Captura-de-Pantalla-2022-01-07-a-las-6.45.19-1024x729.jpg\" alt=\"\" class=\"wp-image-18890\" srcset=\"https:\/\/losperiodistas.com.mx\/portal\/wp-content\/uploads\/2022\/01\/Captura-de-Pantalla-2022-01-07-a-las-6.45.19-1024x729.jpg 1024w, https:\/\/losperiodistas.com.mx\/portal\/wp-content\/uploads\/2022\/01\/Captura-de-Pantalla-2022-01-07-a-las-6.45.19-300x214.jpg 300w, https:\/\/losperiodistas.com.mx\/portal\/wp-content\/uploads\/2022\/01\/Captura-de-Pantalla-2022-01-07-a-las-6.45.19-768x547.jpg 768w, https:\/\/losperiodistas.com.mx\/portal\/wp-content\/uploads\/2022\/01\/Captura-de-Pantalla-2022-01-07-a-las-6.45.19.jpg 1494w\" sizes=\"(max-width: 1024px) 100vw, 1024px\" \/><\/figure>\n\n\n\n<p class=\"has-vivid-cyan-blue-color has-text-color has-medium-font-size\">EMILIO ARCE \/ EL SOL DE PUEBLA<\/p>\n\n\n\n<p>Usuarios de la<strong>&nbsp;ciclov\u00eda Hermanos Serd\u00e1n<\/strong>&nbsp;piden que en lugar de destruir la pista elevada<strong>&nbsp;le den mantenimiento<\/strong>&nbsp;ya que es utilizada diariamente por corredores, ciclistas e incluso personas que se trasladas de manera peatonal a diferentes puntos de ese bulevar.<\/p>\n\n\n\n<p>En un recorrido por el lugar se pudo constatar que a partir de la 7 de la ma\u00f1ana&nbsp;<strong>se incrementa el paso de corredores y ciclistas<\/strong>&nbsp;que recorren la ciclov\u00eda como parte de sus rutinas de ejercicio.<\/p>\n\n\n\n<p>Este mi\u00e9rcoles el gobernador\u00a0<strong>Miguel Barbosa Huerta dio a conocer que ten\u00eda un plan<\/strong>\u00a0para el mejoramiento del Bulevar Hermanos Serd\u00e1n que inclu\u00eda<strong>\u00a0retirar la ciclov\u00eda elevada<\/strong>\u00a0y utilizar las estructuras de acero que la sostienen para el mejoramiento de escuelas en el estado pero que su ejecuci\u00f3n depend\u00eda del aval del gobierno municipal de Puebla.<\/p>\n\n\n\n<p>\u201cTenemos todo un proyecto al respecto, pero eso lo vamos a ejecutar una vez teniendo&nbsp;<strong>una opini\u00f3n com\u00fan con el ayuntamiento<\/strong>, de otra forma tensionamos la vida p\u00fablica del municipio y yo no ser\u00e9 quien tensione la vida p\u00fablica en ninguno de los 217 municipios; pero me siento con la responsabilidad moral de que Puebla recupere sus bellezas que le fueron arrebatadas\u201d, expres\u00f3 el mandatario sobre el proyecto.<\/p>\n\n\n\n<h2 class=\"wp-block-heading\"><strong>TALA DE 235 \u00c1RBOLES PARA PISTA ELEVADA<\/strong><\/h2>\n\n\n\n<p>Para la construcci\u00f3n de la ciclopista elevada en 2016, el gobierno municipal que entonces estaba en funciones encabezado por Antonio Gali Fayad, autoriz\u00f3<strong>&nbsp;la tala de 235 \u00e1rboles del camell\u00f3n<\/strong>&nbsp;central del bulevar.<\/p>\n\n\n\n<p>Hoy en d\u00eda existen pinos en la parte inferior de la estructura que, a decir de los vecinos, no representan una afectaci\u00f3n para la vialidad debido a su tama\u00f1o, aunque reconocen que con la falta de mantenimiento&nbsp;<strong>podr\u00edan rebasar las trabes de acero<\/strong>&nbsp;por el paso del tiempo y su crecimiento natural.<\/p>\n\n\n\n<p>La obra tuvo un costo total de&nbsp;<strong>282 millones, 162 mil pesos<\/strong>&nbsp;y fue cuestionada por colectivos de movilidad como el Consejo Ciclista Poblano y A Pata Colectivo Peatonal, quienes calificaron como un ecocidio la tala de \u00e1rboles para la construcci\u00f3n de la pista elevada.<\/p>\n\n\n\n<p>Pese a las protestas la obra fue&nbsp;<strong>inaugurada el 16 de enero de 2017 p<\/strong>or el exgobernador Rafael Moreno Valle que en lugar de acto protocolario realiz\u00f3 un recorrido en bicicleta con Luis Banck Serrato, entonces alcalde de Puebla y el secretario de Infraestructura y Transportes Diego Corona Cremean.<\/p>\n\n\n\n<p>El&nbsp;<strong>se\u00f1or Alberto tiene 59 a\u00f1os<\/strong>&nbsp;y por lo menos desde hace tres corre en la ciclopista desde bulevar San Felipe hasta la avenida 15 de Mayo.<\/p>\n\n\n\n<p>\u201cPues para m\u00ed es&nbsp;<strong>un error gastar en destruir algo que ya est\u00e1,&nbsp;<\/strong>lo que costo construirla y ahora gastar en retirarla, no creo que este bien. Se necesita m\u00e1s bien que le inviertan en alumbrado, en las noches si est\u00e1 muy obscura\u201d, expres\u00f3.<\/p>\n\n\n\n<p>Descart\u00f3 problemas de inseguridad durante el d\u00eda ya que en sus recorridos diarios ha constatado que polic\u00edas municipales en bicicleta realizan rondines.<\/p>\n\n\n\n<p><strong>Alejandro Madrid&nbsp;<\/strong>utiliza tambi\u00e9n la ciclov\u00eda para ejercitarse y asegura que a pesar de la pandemia&nbsp;<strong>siempre ha encontrado gente corriendo o en bicicleta.<\/strong><\/p>\n\n\n\n<p>\u201cIncluso los estudiantes la utilizan cuando salen de la escuela, antes de la pandemia aqu\u00ed los ve\u00edas caminando se iban hacia la plaza o de plano para su casa, eran com\u00fan verlos aqu\u00ed\u201d, afirm\u00f3 Madrid y consider\u00f3 que la obra no afecta la vialidad.<\/p>\n\n\n\n<p>Desde su punto de vista<strong>&nbsp;la ciclopista es segura<\/strong>&nbsp;porque entre los mismos deportistas se cuidan y no hay v\u00edas de escape para los asaltantes, \u201ctendr\u00edan que correr mucho y tienen el riesgo de que los agarren\u201d, afirm\u00f3.<\/p>\n\n\n\n<h2 class=\"wp-block-heading\"><strong>FUNCIONAL PARA PEATONES, CA\u00d3TICA PARA CONDUCTORES<\/strong><\/h2>\n\n\n\n<p><strong>Jos\u00e9 Raymundo Cortes y su esposa Jaqueline<\/strong>&nbsp;utilizan la ciclov\u00eda pr\u00e1cticamente todos los d\u00edas, incluso s\u00e1bados y domingos ya que adem\u00e1s de correr por las ma\u00f1ana se trasladan a distintas actividades en bicicleta.<\/p>\n\n\n\n<p>\u201cEste es un espacio muy funcional, es abierto, seguro.&nbsp;<strong>Aqu\u00ed corremos todos los d\u00edas<\/strong>, cuando voy a dentista me voy en la bicicleta y utilizo la ciclov\u00eda, a mi hija la traigo andar en bicicleta, para nosotros es un espacio de convivencia familiar, vengo con mis hermanos y mi sobrinos tambi\u00e9n\u201d, afirm\u00f3 Jos\u00e9 Raymundo.<\/p>\n\n\n\n<p>Explic\u00f3 que \u00e9l y su esposa son maestros y que saben las<strong>&nbsp;carencias que hay en las escuelas<\/strong>&nbsp;pero que tambi\u00e9n este tipo de espacios son necesarios en la ciudad.<\/p>\n\n\n\n<p>Omar Ram\u00edrez no porta ropa deportiva pero asegura que utiliza la ciclopista tanto para hacer ejercicio como para ir a su trabajo.<\/p>\n\n\n\n<p>\u201cYo creo que&nbsp;<strong>deber\u00edan mejorar los accesos,<\/strong>&nbsp;para subir si es peligroso porque no hay pasos bien se\u00f1alizados, pero ya arriba es segura y c\u00f3moda\u201d, afirm\u00f3 y coincidi\u00f3 en la necesidad de darle mantenimiento a ciertas zonas, as\u00ed como salidas de agua para que no se inunde en la temporada de lluvias.<\/p>\n\n\n\n<p>En contraste, los automovilistas que circulan en la zona de la rotonda del bulevar Hermanos Serd\u00e1n con el bulevar Esteban de Antu\u00f1ano&nbsp;<strong>enfrentan un obst\u00e1culo por la rotonda&nbsp;<\/strong>que marca el final de la ciclov\u00eda.<\/p>\n\n\n\n<p>Las orillas de las banquetas pr\u00e1cticamente est\u00e1n destruidas debido a que frecuentemente&nbsp;<strong>camiones y autom\u00f3viles chocan con ellas.<\/strong><\/p>\n\n\n\n<p>\u201cPr\u00e1cticamente<strong>&nbsp;quitaron un carril y siempre hay accidentes<\/strong>&nbsp;porque es confuso para dar la vuelta, est\u00e1 mal hecha\u201d afirm\u00f3 Carlos Rodr\u00edguez, quien es chofer de una plataforma de transporte ejecutivo.<\/p>\n\n\n\n<p>Explic\u00f3 que los veh\u00edculos que utilizan el carril de extrema izquierda<strong>\u00a0invaden los carriles aleda\u00f1os<\/strong>\u00a0cuando pasan por dicha rotonda lo que genera incidentes viales todo el tiempo.<\/p>\n\n\n\n<p>Fuente: https:\/\/www.elsoldepuebla.com.mx\/local\/usuarios-de-la-ciclovia-hermanos-serdan-piden-darle-mantenimiento-y-no-destruirla-7699178.html<\/p>\n","protected":false},"excerpt":{"rendered":"<p>La pista elevada es utilizada diariamente por corredores, ciclistas y peatones EMILIO ARCE \/ EL SOL DE PUEBLA Usuarios de [&hellip;]<\/p>\n","protected":false},"author":1,"featured_media":18889,"comment_status":"open","ping_status":"open","sticky":false,"template":"","format":"standard","meta":{"site-sidebar-layout":"default","site-content-layout":"","ast-site-content-layout":"default","site-content-style":"default","site-sidebar-style":"default","ast-global-header-display":"","ast-banner-title-visibility":"","ast-main-header-display":"","ast-hfb-above-header-display":"","ast-hfb-below-header-display":"","ast-hfb-mobile-header-display":"","site-post-title":"","ast-breadcrumbs-content":"","ast-featured-img":"","footer-sml-layout":"","theme-transparent-header-meta":"","adv-header-id-meta":"","stick-header-meta":"","header-above-stick-meta":"","header-main-stick-meta":"","header-below-stick-meta":"","astra-migrate-meta-layouts":"default","ast-page-background-enabled":"default","ast-page-background-meta":{"desktop":{"background-color":"var(--ast-global-color-4)","background-image":"","background-repeat":"repeat","background-position":"center center","background-size":"auto","background-attachment":"scroll","background-type":"","background-media":"","overlay-type":"","overlay-color":"","overlay-opacity":"","overlay-gradient":""},"tablet":{"background-color":"","background-image":"","background-repeat":"repeat","background-position":"center center","background-size":"auto","background-attachment":"scroll","background-type":"","background-media":"","overlay-type":"","overlay-color":"","overlay-opacity":"","overlay-gradient":""},"mobile":{"background-color":"","background-image":"","background-repeat":"repeat","background-position":"center center","background-size":"auto","background-attachment":"scroll","background-type":"","background-media":"","overlay-type":"","overlay-color":"","overlay-opacity":"","overlay-gradient":""}},"ast-content-background-meta":{"desktop":{"background-color":"var(--ast-global-color-5)","background-image":"","background-repeat":"repeat","background-position":"center center","background-size":"auto","background-attachment":"scroll","background-type":"","background-media":"","overlay-type":"","overlay-color":"","overlay-opacity":"","overlay-gradient":""},"tablet":{"background-color":"var(--ast-global-color-5)","background-image":"","background-repeat":"repeat","background-position":"center center","background-size":"auto","background-attachment":"scroll","background-type":"","background-media":"","overlay-type":"","overlay-color":"","overlay-opacity":"","overlay-gradient":""},"mobile":{"background-color":"var(--ast-global-color-5)","background-image":"","background-repeat":"repeat","background-position":"center center","background-size":"auto","background-attachment":"scroll","background-type":"","background-media":"","overlay-type":"","overlay-color":"","overlay-opacity":"","overlay-gradient":""}},"footnotes":""},"categories":[8],"tags":[6742,6741,3424,6740],"class_list":["post-18888","post","type-post","status-publish","format-standard","has-post-thumbnail","hentry","category-noticias","tag-blvd-hermanos-serdan","tag-ciclovias","tag-puebla-ciudad","tag-tala-de-arboles"],"_links":{"self":[{"href":"https:\/\/losperiodistas.com.mx\/portal\/wp-json\/wp\/v2\/posts\/18888","targetHints":{"allow":["GET"]}}],"collection":[{"href":"https:\/\/losperiodistas.com.mx\/portal\/wp-json\/wp\/v2\/posts"}],"about":[{"href":"https:\/\/losperiodistas.com.mx\/portal\/wp-json\/wp\/v2\/types\/post"}],"author":[{"embeddable":true,"href":"https:\/\/losperiodistas.com.mx\/portal\/wp-json\/wp\/v2\/users\/1"}],"replies":[{"embeddable":true,"href":"https:\/\/losperiodistas.com.mx\/portal\/wp-json\/wp\/v2\/comments?post=18888"}],"version-history":[{"count":1,"href":"https:\/\/losperiodistas.com.mx\/portal\/wp-json\/wp\/v2\/posts\/18888\/revisions"}],"predecessor-version":[{"id":18891,"href":"https:\/\/losperiodistas.com.mx\/portal\/wp-json\/wp\/v2\/posts\/18888\/revisions\/18891"}],"wp:featuredmedia":[{"embeddable":true,"href":"https:\/\/losperiodistas.com.mx\/portal\/wp-json\/wp\/v2\/media\/18889"}],"wp:attachment":[{"href":"https:\/\/losperiodistas.com.mx\/portal\/wp-json\/wp\/v2\/media?parent=18888"}],"wp:term":[{"taxonomy":"category","embeddable":true,"href":"https:\/\/losperiodistas.com.mx\/portal\/wp-json\/wp\/v2\/categories?post=18888"},{"taxonomy":"post_tag","embeddable":true,"href":"https:\/\/losperiodistas.com.mx\/portal\/wp-json\/wp\/v2\/tags?post=18888"}],"curies":[{"name":"wp","href":"https:\/\/api.w.org\/{rel}","templated":true}]}}