{"id":18885,"date":"2022-01-07T06:43:18","date_gmt":"2022-01-07T12:43:18","guid":{"rendered":"http:\/\/losperiodistas.com.mx\/portal\/?p=18885"},"modified":"2022-01-07T06:43:20","modified_gmt":"2022-01-07T12:43:20","slug":"entre-1-y-4-pesos-mas-cuesta-a-los-consumidores-el-kilogramo-de-tortilla-ljo","status":"publish","type":"post","link":"https:\/\/losperiodistas.com.mx\/portal\/entre-1-y-4-pesos-mas-cuesta-a-los-consumidores-el-kilogramo-de-tortilla-ljo\/","title":{"rendered":"Entre 1 y 4 pesos m\u00e1s cuesta a los consumidores el kilogramo de tortilla | LJO"},"content":{"rendered":"\n<p><\/p>\n\n\n\n<figure class=\"wp-block-image size-large\"><img fetchpriority=\"high\" decoding=\"async\" width=\"1024\" height=\"677\" src=\"https:\/\/losperiodistas.com.mx\/portal\/wp-content\/uploads\/2022\/01\/Captura-de-Pantalla-2022-01-07-a-las-6.39.06-1024x677.png\" alt=\"\" class=\"wp-image-18886\" srcset=\"https:\/\/losperiodistas.com.mx\/portal\/wp-content\/uploads\/2022\/01\/Captura-de-Pantalla-2022-01-07-a-las-6.39.06-1024x677.png 1024w, https:\/\/losperiodistas.com.mx\/portal\/wp-content\/uploads\/2022\/01\/Captura-de-Pantalla-2022-01-07-a-las-6.39.06-300x198.png 300w, https:\/\/losperiodistas.com.mx\/portal\/wp-content\/uploads\/2022\/01\/Captura-de-Pantalla-2022-01-07-a-las-6.39.06-768x508.png 768w, https:\/\/losperiodistas.com.mx\/portal\/wp-content\/uploads\/2022\/01\/Captura-de-Pantalla-2022-01-07-a-las-6.39.06-1536x1015.png 1536w, https:\/\/losperiodistas.com.mx\/portal\/wp-content\/uploads\/2022\/01\/Captura-de-Pantalla-2022-01-07-a-las-6.39.06.png 1800w\" sizes=\"(max-width: 1024px) 100vw, 1024px\" \/><figcaption>Es Imagen<\/figcaption><\/figure>\n\n\n\n<p class=\"has-vivid-cyan-blue-color has-text-color has-medium-font-size\">PATRICIA GUTI\u00c9RREZ RODR\u00cdGUEZ \/ LA JORNADA DE ORIENTE<\/p>\n\n\n\n<p>El precio del kilogramo de tortilla ha comenzado a tener ajuste de un peso en promedio, pero en algunos casos ha sido de hasta cuatro pesos, llegando a situarse hasta en 20 pesos en algunas zonas de la ciudad de Puebla y en Iz\u00facar de Matamoros.&nbsp;<\/p>\n\n\n\n<p>Elvira Blanco S\u00e1nchez, representante en Puebla de la&nbsp;<a href=\"https:\/\/www.facebook.com\/C%C3%A1mara-Nacional-de-la-Industria-de-Producci%C3%B3n-de-Masa-y-Tortillas-1175875665928284\/\" target=\"_blank\" rel=\"noreferrer noopener\">C\u00e1mara Nacional<\/a>&nbsp;de la Industria de la Masa y de la Tortilla, declar\u00f3 v\u00eda telef\u00f3nica que algunos establecimientos aplicaron el incremento desde diciembre pasado.&nbsp;<\/p>\n\n\n\n<p>A\u00f1adi\u00f3 que algunos pasaron de 14 o 15 pesos a 16,\u00a0 lo que representa alza de 14.2 por ciento.\u00a0<\/p>\n\n\n\n<p>Pero en el caso del referido municipio mixteco, estaba en un promedio de 16 pesos y repentinamente, desde el 3 de enero de este a\u00f1o se elev\u00f3 25 puntos porcentuales.&nbsp;<\/p>\n\n\n\n<p>La dirigente indic\u00f3 que era obligatorio&nbsp;<a href=\"https:\/\/www.lajornadadeoriente.com.mx\/puebla\/pan-y-tortilla-atlixco-aumento-en-precio\/\" target=\"_blank\" rel=\"noreferrer noopener\">aplicar el aumento<\/a>&nbsp;debido a que en 2020 la tonelada de ma\u00edz les lleg\u00f3 a costar hasta 8 mil pesos.&nbsp;<\/p>\n\n\n\n<p>Actualmente, los agremiados a la agrupaci\u00f3n que representa lo han conseguido hasta en 6 mil 500 pesos con productores del Valle de Tecamachalco, pero a pie de campo.&nbsp;<\/p>\n\n\n\n<p>Es decir, que deben encargarse de ir por el grano hasta los terrenos de cultivo, comprar costales para envasarlo, cargarlo, trasladarlo y desc\u00e1rgalo en las tortiller\u00edas.&nbsp;<\/p>\n\n\n\n<blockquote class=\"wp-block-quote is-layout-flow wp-block-quote-is-layout-flow\"><p>\u201cVuelve a pasar lo mismo porque traerlo para ac\u00e1 implica el gasto del transporte, el costal (el saco)\u00a0 est\u00e1 entre cuatro y cinco pesos, y luego pagarle al que lo cribe, pagarle al que lo suba, al que lo baje. Aunque sea unos 100 o 200 pesos (menos) en tonelada para nosotros es bueno\u201d, explic\u00f3.<\/p><\/blockquote>\n\n\n\n<p>A\u00f1adi\u00f3 que tambi\u00e9n, aunque el gobierno fij\u00f3 tope de precios al gas, el costo para los industriales de la masa sigue siendo elevado y no pueden trasladar siempre el aumento a los consumidores.&nbsp;<\/p>\n\n\n\n<p><a href=\"https:\/\/www.lajornadadeoriente.com.mx\/tlaxcala\/sube-14-a-16-pesos-kilo-tortilla-zacatelco-chiautempan-carit\/\" target=\"_blank\" rel=\"noreferrer noopener\">De igual forma<\/a>, el papel para envolver las tortillas se ha encarecido, anteriormente les costaba entre 500 y 600 pesos la paca y actualmente est\u00e1 hasta en 730 pesos.&nbsp;<\/p>\n\n\n\n<p>En tanto que el bote de cal les costaba hace dos a\u00f1os 180 pesos el bote con 20 kilos y ahora est\u00e1 entre 380 y 400 pesos.&nbsp;<\/p>\n\n\n\n<p>Elvira Blanco coment\u00f3 que otros gastos que se les han elevado, son los productos de limpieza que ocupan tanto para las instalaciones como para los molinos y m\u00e1quinas.<\/p>\n\n\n\n<p>Subray\u00f3 que todas las tortiller\u00edas que hayan aumentado el precio de su producto, deben contar con facturas y comprobantes de pago, para que en caso de visita de personal de la Profeco, puedan demostrar que el alza est\u00e1 justificada.<\/p>\n\n\n\n<p>Por otra parte, coment\u00f3 que el cierre de 2022 tuvieron un repunte de 10 por ciento en ventas, debido a los festejos navide\u00f1os y de fin de a\u00f1o. Sin embargo, report\u00f3 que en los primeros d\u00edas de enero, en esa misma proporci\u00f3n volvieron a caer.<\/p>\n\n\n\n<p>\u201cS\u00ed se alzaron un poquito, que ahorita en estos d\u00edas como que ha vuelto a bajar otra vez, me quiero suponer que es por la cuesta de enero y que se componga por mediados de enero\u201d, dijo.<\/p>\n\n\n\n<p>La representante indic\u00f3 que a lo largo de 2021 no pudieron retomar los niveles de comercializaci\u00f3n previos a la epidemia de Covid\u201319 y actualmente se encuentran al 40 por ciento.<\/p>\n\n\n\n<p>No obstante, coment\u00f3 que tienen buenas expectativas para este a\u00f1o, toda vez que se espera que el regreso de m\u00e1s alumnos a clases presenciales y el aumento en la movilidad eleven el consumo de tortillas.<\/p>\n\n\n\n<p>Por \u00faltimo, indic\u00f3 que cualquier industrial puede acercarse a la c\u00e1mara que representa para poder adquirir su ma\u00edz directamente de los productores poblanos.<\/p>\n\n\n\n<p>Fuente: https:\/\/www.lajornadadeoriente.com.mx\/puebla\/1-y-4-pesos-mas-kilo-de-tortilla\/<\/p>\n","protected":false},"excerpt":{"rendered":"<p>PATRICIA GUTI\u00c9RREZ RODR\u00cdGUEZ \/ LA JORNADA DE ORIENTE El precio del kilogramo de tortilla ha comenzado a tener ajuste de [&hellip;]<\/p>\n","protected":false},"author":1,"featured_media":18886,"comment_status":"open","ping_status":"open","sticky":false,"template":"","format":"standard","meta":{"site-sidebar-layout":"default","site-content-layout":"","ast-site-content-layout":"default","site-content-style":"default","site-sidebar-style":"default","ast-global-header-display":"","ast-banner-title-visibility":"","ast-main-header-display":"","ast-hfb-above-header-display":"","ast-hfb-below-header-display":"","ast-hfb-mobile-header-display":"","site-post-title":"","ast-breadcrumbs-content":"","ast-featured-img":"","footer-sml-layout":"","theme-transparent-header-meta":"","adv-header-id-meta":"","stick-header-meta":"","header-above-stick-meta":"","header-main-stick-meta":"","header-below-stick-meta":"","astra-migrate-meta-layouts":"default","ast-page-background-enabled":"default","ast-page-background-meta":{"desktop":{"background-color":"var(--ast-global-color-4)","background-image":"","background-repeat":"repeat","background-position":"center center","background-size":"auto","background-attachment":"scroll","background-type":"","background-media":"","overlay-type":"","overlay-color":"","overlay-opacity":"","overlay-gradient":""},"tablet":{"background-color":"","background-image":"","background-repeat":"repeat","background-position":"center center","background-size":"auto","background-attachment":"scroll","background-type":"","background-media":"","overlay-type":"","overlay-color":"","overlay-opacity":"","overlay-gradient":""},"mobile":{"background-color":"","background-image":"","background-repeat":"repeat","background-position":"center center","background-size":"auto","background-attachment":"scroll","background-type":"","background-media":"","overlay-type":"","overlay-color":"","overlay-opacity":"","overlay-gradient":""}},"ast-content-background-meta":{"desktop":{"background-color":"var(--ast-global-color-5)","background-image":"","background-repeat":"repeat","background-position":"center center","background-size":"auto","background-attachment":"scroll","background-type":"","background-media":"","overlay-type":"","overlay-color":"","overlay-opacity":"","overlay-gradient":""},"tablet":{"background-color":"var(--ast-global-color-5)","background-image":"","background-repeat":"repeat","background-position":"center center","background-size":"auto","background-attachment":"scroll","background-type":"","background-media":"","overlay-type":"","overlay-color":"","overlay-opacity":"","overlay-gradient":""},"mobile":{"background-color":"var(--ast-global-color-5)","background-image":"","background-repeat":"repeat","background-position":"center center","background-size":"auto","background-attachment":"scroll","background-type":"","background-media":"","overlay-type":"","overlay-color":"","overlay-opacity":"","overlay-gradient":""}},"footnotes":""},"categories":[8],"tags":[6738,6739,6737],"class_list":["post-18885","post","type-post","status-publish","format-standard","has-post-thumbnail","hentry","category-noticias","tag-alza-precios","tag-camara-nacional-de-la-industria-de-la-masa-y-de-la-tortilla","tag-tortillas"],"_links":{"self":[{"href":"https:\/\/losperiodistas.com.mx\/portal\/wp-json\/wp\/v2\/posts\/18885","targetHints":{"allow":["GET"]}}],"collection":[{"href":"https:\/\/losperiodistas.com.mx\/portal\/wp-json\/wp\/v2\/posts"}],"about":[{"href":"https:\/\/losperiodistas.com.mx\/portal\/wp-json\/wp\/v2\/types\/post"}],"author":[{"embeddable":true,"href":"https:\/\/losperiodistas.com.mx\/portal\/wp-json\/wp\/v2\/users\/1"}],"replies":[{"embeddable":true,"href":"https:\/\/losperiodistas.com.mx\/portal\/wp-json\/wp\/v2\/comments?post=18885"}],"version-history":[{"count":1,"href":"https:\/\/losperiodistas.com.mx\/portal\/wp-json\/wp\/v2\/posts\/18885\/revisions"}],"predecessor-version":[{"id":18887,"href":"https:\/\/losperiodistas.com.mx\/portal\/wp-json\/wp\/v2\/posts\/18885\/revisions\/18887"}],"wp:featuredmedia":[{"embeddable":true,"href":"https:\/\/losperiodistas.com.mx\/portal\/wp-json\/wp\/v2\/media\/18886"}],"wp:attachment":[{"href":"https:\/\/losperiodistas.com.mx\/portal\/wp-json\/wp\/v2\/media?parent=18885"}],"wp:term":[{"taxonomy":"category","embeddable":true,"href":"https:\/\/losperiodistas.com.mx\/portal\/wp-json\/wp\/v2\/categories?post=18885"},{"taxonomy":"post_tag","embeddable":true,"href":"https:\/\/losperiodistas.com.mx\/portal\/wp-json\/wp\/v2\/tags?post=18885"}],"curies":[{"name":"wp","href":"https:\/\/api.w.org\/{rel}","templated":true}]}}