{"id":18882,"date":"2022-01-07T06:35:02","date_gmt":"2022-01-07T12:35:02","guid":{"rendered":"http:\/\/losperiodistas.com.mx\/portal\/?p=18882"},"modified":"2022-01-07T06:35:04","modified_gmt":"2022-01-07T12:35:04","slug":"llega-cuarta-ola-covid-a-puebla-y-hospitales-ya-vuelven-a-llenarse-e-consulta","status":"publish","type":"post","link":"https:\/\/losperiodistas.com.mx\/portal\/llega-cuarta-ola-covid-a-puebla-y-hospitales-ya-vuelven-a-llenarse-e-consulta\/","title":{"rendered":"Llega cuarta ola covid a Puebla y hospitales ya vuelven a llenarse | E-Consulta"},"content":{"rendered":"\n<p><\/p>\n\n\n\n<figure class=\"wp-block-image size-large\"><img fetchpriority=\"high\" decoding=\"async\" width=\"1024\" height=\"686\" src=\"https:\/\/losperiodistas.com.mx\/portal\/wp-content\/uploads\/2022\/01\/Captura-de-Pantalla-2022-01-07-a-las-6.32.58-1024x686.png\" alt=\"\" class=\"wp-image-18883\" srcset=\"https:\/\/losperiodistas.com.mx\/portal\/wp-content\/uploads\/2022\/01\/Captura-de-Pantalla-2022-01-07-a-las-6.32.58-1024x686.png 1024w, https:\/\/losperiodistas.com.mx\/portal\/wp-content\/uploads\/2022\/01\/Captura-de-Pantalla-2022-01-07-a-las-6.32.58-300x201.png 300w, https:\/\/losperiodistas.com.mx\/portal\/wp-content\/uploads\/2022\/01\/Captura-de-Pantalla-2022-01-07-a-las-6.32.58-768x514.png 768w, https:\/\/losperiodistas.com.mx\/portal\/wp-content\/uploads\/2022\/01\/Captura-de-Pantalla-2022-01-07-a-las-6.32.58.png 1180w\" sizes=\"(max-width: 1024px) 100vw, 1024px\" \/><\/figure>\n\n\n\n<p><\/p>\n\n\n\n<p class=\"has-vivid-cyan-blue-color has-text-color has-medium-font-size\">MARIBEL VEL\u00c1ZQUEZ \/ E-CONSULTA<\/p>\n\n\n\n<p>El gobierno de Puebla reconoci\u00f3 oficialmente este jueves que la cuarta ola de covid-19 lleg\u00f3 a la entidad, al registrar 190 nuevos contagios en un d\u00eda<\/p>\n\n\n\n<p>El gobierno de Puebla reconoci\u00f3 oficialmente este jueves que&nbsp;<strong>la cuarta ola de covid-19 lleg\u00f3 a la entidad<\/strong>, aunque todav\u00eda no se vacuna con al menos una dosis al 100 por ciento de las personas mayores de edad, ya hay contagios con la variante \u00d3micron y cuatro hospitales registran un repunte en&nbsp;<strong>su nivel de ocupaci\u00f3n<\/strong>&nbsp;de camas con respiraci\u00f3n asistida.<\/p>\n\n\n\n<p>A inicios de octubre de 2021 el presidente\u00a0<strong>Andr\u00e9s Manuel L\u00f3pez Obrador<\/strong>\u00a0asegur\u00f3 que el 100 por ciento de las personas adultas tendr\u00edan\u00a0<strong>al menos una vacuna<\/strong>\u00a0ese mismo mes, sin embargo, a tres meses de ese anuncio la meta no se ha cumplido.<\/p>\n\n\n\n<p>El martes el secretario de Salud del estado,&nbsp;<strong>Jos\u00e9 Antonio Mart\u00ednez Garc\u00eda<\/strong>, inform\u00f3 que el avance de la vacunaci\u00f3n con al menos una dosis a\u00fan era del<strong>&nbsp;95.54 por ciento<\/strong>&nbsp;de las personas mayores de edad.<\/p>\n\n\n\n<p>A su vez el Sistema de Informaci\u00f3n de la Red IRAG comunic\u00f3 que ya&nbsp;<strong>no hay camas con ventilador<\/strong>&nbsp;mec\u00e1nico en el&nbsp;<strong>Hospital General de Teziutl\u00e1n<\/strong>, ya que con corte al d\u00eda de ayer mi\u00e9rcoles 5 de enero todas estaban ocupadas.<\/p>\n\n\n\n<p>La&nbsp;<strong>Unidad Materno Infantil<\/strong>&nbsp;tiene una ocupaci\u00f3n&nbsp;<strong>del 68 por ciento<\/strong>; el Hospital Regional del Instituto de Seguridad y Servicios Sociales de los Trabajadores del Estado (ISSSTE) estaba al 40 por ciento y el&nbsp;<strong>Hospital General de Zona 20&nbsp;<\/strong>del Instituto Mexicano del Seguro Social (IMSS) al 7 por ciento.<\/p>\n\n\n\n<p>En Unidades de Cuidados Intensivos, la mayor ocupaci\u00f3n de camas con ventilador se presenta en la&nbsp;<strong>Unidad Materno Infantil,&nbsp;<\/strong>con el 54 por ciento y el&nbsp;<strong>Hospital General de Cholula<\/strong>, con 11 por ciento.<\/p>\n\n\n\n<p>La entidad tambi\u00e9n se enfrenta al avance de la variante de&nbsp;<strong>\u00d3micron<\/strong>, pues en diciembre a nivel federal se confirmaron&nbsp;<strong>los primeros cuatros casos<\/strong>&nbsp;en la entidad, aunque el gobierno estatal sostuvo que solo eran tres.<\/p>\n\n\n\n<p>La&nbsp;<strong>Organizaci\u00f3n Mundial de la Salud<\/strong>&nbsp;(OMS) advirti\u00f3 que esta variante se caracteriza por ser&nbsp;<strong>m\u00e1s contagiosa&nbsp;<\/strong>en comparaci\u00f3n con las cepas anteriores.<\/p>\n\n\n\n<p>Este jueves la Secretar\u00eda de Salud dio a conocer que Puebla&nbsp;<strong>acumula 124 mil 141 casos&nbsp;<\/strong>de covid-19 desde que inici\u00f3 la pandemia, adem\u00e1s en las \u00faltimas 24 horas se detectaron&nbsp;<strong>190 casos activos.<\/strong><\/p>\n\n\n\n<p><strong>Defunciones<\/strong><\/p>\n\n\n\n<p>Desde el inicio de la pandemia y hasta el 5 de enero de este a\u00f1o,&nbsp;<strong>16 mil 418 personas han fallecido<\/strong>&nbsp;por la enfermedad, de acuerdo con la&nbsp;<strong>Secretar\u00eda de Salud<\/strong>&nbsp;(SSA) estatal.<\/p>\n\n\n\n<p>De las personas infectadas, el 46 por ciento&nbsp;<strong>eran del g\u00e9nero femenino<\/strong>&nbsp;y el 54 por ciento del masculino.<\/p>\n\n\n\n<p>El virus causante de la pandemia ha tenido presencia&nbsp;<strong>en 209 de los 217 municipios<\/strong>&nbsp;de la entidad, a pr\u00e1cticamente dos a\u00f1os de que se detect\u00f3 el primer caso.<\/p>\n\n\n\n<p>La Secretar\u00eda de Salud federal tiene cifras diferentes y muestra que Puebla&nbsp;<strong>acumula 15 mil 738 defunciones<\/strong>, lo cual podr\u00eda estar relacionado a que los cortes de informaci\u00f3n se hacen en distintos tiempos entre autoridades estatales y federales.<\/p>\n\n\n\n<p>En sus estad\u00edsticas detalla adem\u00e1s que el&nbsp;<strong>91.48 por ciento de las defunciones<\/strong>&nbsp;ocurrieron en hospitales, mientras que el 8.52 por ciento en viviendas.<\/p>\n\n\n\n<p>La comorbilidad m\u00e1s frecuente entre quienes fallecieron&nbsp;<strong>fue la hipertensi\u00f3n<\/strong>, pues el 36.7 por ciento de difuntos ten\u00edan este problema. Otras complicaciones comunes fueron&nbsp;<strong>diabetes, obesidad y problemas renales.<\/strong><\/p>\n\n\n\n<p><strong>Covid-19 por grupos de poblaci\u00f3n<\/strong><\/p>\n\n\n\n<p>Al corte del 31 de octubre la entidad ten\u00eda entre&nbsp;<strong>815 y mil 156 embarazadas con covid-19 y&nbsp;<\/strong>39 fallecieron.<\/p>\n\n\n\n<p>La SSA federal tambi\u00e9n dio a conocer que&nbsp;<strong>tres migrantes hab\u00edan muerto en<\/strong>&nbsp;<strong>Puebla<\/strong>&nbsp;por la pandemia, al corte del 8 de noviembre. El Sistema Estatal de Protecci\u00f3n Integral de Ni\u00f1as, Ni\u00f1os y Adolescentes (Sipinna) contabiliz\u00f3&nbsp;<strong>82 defunciones de menores&nbsp;<\/strong>por covid-19, la mayor\u00eda en la capital poblana.<\/p>\n\n\n\n<p><strong>Lleg\u00f3 la cuarta ola<\/strong><\/p>\n\n\n\n<p>Esta ma\u00f1ana el secretario de Salud,&nbsp;<strong>Jos\u00e9 Antonio Mart\u00ednez Garc\u00eda<\/strong>, declar\u00f3 que para estos d\u00edas del a\u00f1o ya se ten\u00eda previsto&nbsp;<strong>el inicio de la cuarta ola de covid-19<\/strong>&nbsp;en la entidad, pero en los siguientes 10 o 13 d\u00edas se prev\u00e9 que las estad\u00edsticas&nbsp;<strong>crezcan todav\u00eda m\u00e1s.<\/strong><\/p>\n\n\n\n<p>La expectativa es que cada vez haya m\u00e1s contagios, pero sin que tengan la necesidad de ser hospitalizados gracias al\u00a0<strong>impacto de la vacuna<\/strong>, pues este aspecto provoca el colapso de los sistemas de salud y tambi\u00e9n se espera una\u00a0<strong>disminuci\u00f3n en la mortalidad<\/strong>.<\/p>\n\n\n\n<p>Fuente: https:\/\/www.e-consulta.com\/nota\/2022-01-06\/salud\/llega-cuarta-ola-covid-puebla-y-hospitales-ya-vuelven-llenarse<\/p>\n","protected":false},"excerpt":{"rendered":"<p>MARIBEL VEL\u00c1ZQUEZ \/ E-CONSULTA El gobierno de Puebla reconoci\u00f3 oficialmente este jueves que la cuarta ola de covid-19 lleg\u00f3 a [&hellip;]<\/p>\n","protected":false},"author":1,"featured_media":18883,"comment_status":"open","ping_status":"open","sticky":false,"template":"","format":"standard","meta":{"site-sidebar-layout":"default","site-content-layout":"","ast-site-content-layout":"default","site-content-style":"default","site-sidebar-style":"default","ast-global-header-display":"","ast-banner-title-visibility":"","ast-main-header-display":"","ast-hfb-above-header-display":"","ast-hfb-below-header-display":"","ast-hfb-mobile-header-display":"","site-post-title":"","ast-breadcrumbs-content":"","ast-featured-img":"","footer-sml-layout":"","theme-transparent-header-meta":"","adv-header-id-meta":"","stick-header-meta":"","header-above-stick-meta":"","header-main-stick-meta":"","header-below-stick-meta":"","astra-migrate-meta-layouts":"default","ast-page-background-enabled":"default","ast-page-background-meta":{"desktop":{"background-color":"var(--ast-global-color-4)","background-image":"","background-repeat":"repeat","background-position":"center center","background-size":"auto","background-attachment":"scroll","background-type":"","background-media":"","overlay-type":"","overlay-color":"","overlay-opacity":"","overlay-gradient":""},"tablet":{"background-color":"","background-image":"","background-repeat":"repeat","background-position":"center center","background-size":"auto","background-attachment":"scroll","background-type":"","background-media":"","overlay-type":"","overlay-color":"","overlay-opacity":"","overlay-gradient":""},"mobile":{"background-color":"","background-image":"","background-repeat":"repeat","background-position":"center center","background-size":"auto","background-attachment":"scroll","background-type":"","background-media":"","overlay-type":"","overlay-color":"","overlay-opacity":"","overlay-gradient":""}},"ast-content-background-meta":{"desktop":{"background-color":"var(--ast-global-color-5)","background-image":"","background-repeat":"repeat","background-position":"center center","background-size":"auto","background-attachment":"scroll","background-type":"","background-media":"","overlay-type":"","overlay-color":"","overlay-opacity":"","overlay-gradient":""},"tablet":{"background-color":"var(--ast-global-color-5)","background-image":"","background-repeat":"repeat","background-position":"center center","background-size":"auto","background-attachment":"scroll","background-type":"","background-media":"","overlay-type":"","overlay-color":"","overlay-opacity":"","overlay-gradient":""},"mobile":{"background-color":"var(--ast-global-color-5)","background-image":"","background-repeat":"repeat","background-position":"center center","background-size":"auto","background-attachment":"scroll","background-type":"","background-media":"","overlay-type":"","overlay-color":"","overlay-opacity":"","overlay-gradient":""}},"footnotes":""},"categories":[8],"tags":[6736,5593],"class_list":["post-18882","post","type-post","status-publish","format-standard","has-post-thumbnail","hentry","category-noticias","tag-cuarta-ola-covid","tag-omicron"],"_links":{"self":[{"href":"https:\/\/losperiodistas.com.mx\/portal\/wp-json\/wp\/v2\/posts\/18882","targetHints":{"allow":["GET"]}}],"collection":[{"href":"https:\/\/losperiodistas.com.mx\/portal\/wp-json\/wp\/v2\/posts"}],"about":[{"href":"https:\/\/losperiodistas.com.mx\/portal\/wp-json\/wp\/v2\/types\/post"}],"author":[{"embeddable":true,"href":"https:\/\/losperiodistas.com.mx\/portal\/wp-json\/wp\/v2\/users\/1"}],"replies":[{"embeddable":true,"href":"https:\/\/losperiodistas.com.mx\/portal\/wp-json\/wp\/v2\/comments?post=18882"}],"version-history":[{"count":1,"href":"https:\/\/losperiodistas.com.mx\/portal\/wp-json\/wp\/v2\/posts\/18882\/revisions"}],"predecessor-version":[{"id":18884,"href":"https:\/\/losperiodistas.com.mx\/portal\/wp-json\/wp\/v2\/posts\/18882\/revisions\/18884"}],"wp:featuredmedia":[{"embeddable":true,"href":"https:\/\/losperiodistas.com.mx\/portal\/wp-json\/wp\/v2\/media\/18883"}],"wp:attachment":[{"href":"https:\/\/losperiodistas.com.mx\/portal\/wp-json\/wp\/v2\/media?parent=18882"}],"wp:term":[{"taxonomy":"category","embeddable":true,"href":"https:\/\/losperiodistas.com.mx\/portal\/wp-json\/wp\/v2\/categories?post=18882"},{"taxonomy":"post_tag","embeddable":true,"href":"https:\/\/losperiodistas.com.mx\/portal\/wp-json\/wp\/v2\/tags?post=18882"}],"curies":[{"name":"wp","href":"https:\/\/api.w.org\/{rel}","templated":true}]}}