{"id":18866,"date":"2022-01-06T09:35:08","date_gmt":"2022-01-06T15:35:08","guid":{"rendered":"http:\/\/losperiodistas.com.mx\/portal\/?p=18866"},"modified":"2022-01-06T09:35:09","modified_gmt":"2022-01-06T15:35:09","slug":"amlo-acepto-que-la-inflacion-supero-a-la-registrada-en-los-sexenios-de-pena-y-calderon-infobae","status":"publish","type":"post","link":"https:\/\/losperiodistas.com.mx\/portal\/amlo-acepto-que-la-inflacion-supero-a-la-registrada-en-los-sexenios-de-pena-y-calderon-infobae\/","title":{"rendered":"AMLO acept\u00f3 que la inflaci\u00f3n super\u00f3 a la registrada en los sexenios de Pe\u00f1a y Calder\u00f3n | Infobae"},"content":{"rendered":"\n<p style=\"font-size:18px\"><em>El mandatario neg\u00f3 que el peso mexicano se haya depreciado en su administraci\u00f3n, a pesar del azote del COVID-19 a la econom\u00eda mundial<\/em><\/p>\n\n\n\n<p><\/p>\n\n\n\n<figure class=\"wp-block-image size-large\"><img fetchpriority=\"high\" decoding=\"async\" width=\"1024\" height=\"683\" src=\"https:\/\/losperiodistas.com.mx\/portal\/wp-content\/uploads\/2022\/01\/Captura-de-Pantalla-2022-01-06-a-las-9.31.27-1024x683.jpg\" alt=\"\" class=\"wp-image-18867\" srcset=\"https:\/\/losperiodistas.com.mx\/portal\/wp-content\/uploads\/2022\/01\/Captura-de-Pantalla-2022-01-06-a-las-9.31.27-1024x683.jpg 1024w, https:\/\/losperiodistas.com.mx\/portal\/wp-content\/uploads\/2022\/01\/Captura-de-Pantalla-2022-01-06-a-las-9.31.27-300x200.jpg 300w, https:\/\/losperiodistas.com.mx\/portal\/wp-content\/uploads\/2022\/01\/Captura-de-Pantalla-2022-01-06-a-las-9.31.27-768x512.jpg 768w, https:\/\/losperiodistas.com.mx\/portal\/wp-content\/uploads\/2022\/01\/Captura-de-Pantalla-2022-01-06-a-las-9.31.27-1536x1024.jpg 1536w, https:\/\/losperiodistas.com.mx\/portal\/wp-content\/uploads\/2022\/01\/Captura-de-Pantalla-2022-01-06-a-las-9.31.27.jpg 2028w\" sizes=\"(max-width: 1024px) 100vw, 1024px\" \/><figcaption>M\u00e9xico registr\u00f3 una inflaci\u00f3n del 7.37% para noviembre del 2021, seg\u00fan datos del INEGI. (Foto: REUTERS \/ Luis Cort\u00e9s)<\/figcaption><\/figure>\n\n\n\n<p class=\"has-vivid-cyan-blue-color has-text-color has-medium-font-size\">INFOBAE<\/p>\n\n\n\n<p>El presidente,&nbsp;<a href=\"https:\/\/www.infobae.com\/tag\/amlo\/\" target=\"_blank\" rel=\"noreferrer noopener\"><strong>Andr\u00e9s Manuel L\u00f3pez Obrador (AMLO)<\/strong><\/a><strong>,&nbsp;<\/strong>acept\u00f3 que la&nbsp;<strong>hist\u00f3rica&nbsp;<\/strong><a href=\"https:\/\/www.infobae.com\/america\/mexico\/2021\/11\/25\/inflacion-por-que-suben-los-precios-y-cuales-son-los-productos-que-van-a-la-alza\/\" target=\"_blank\" rel=\"noreferrer noopener\"><strong>inflaci\u00f3n<\/strong><\/a>de su Gobierno<strong>&nbsp;super\u00f3&nbsp;<\/strong>a las registradas en los sexenios de los expresidentes&nbsp;<strong>Enrique Pe\u00f1a Nieto<\/strong>&nbsp;y&nbsp;<strong>Felipe Calder\u00f3n.<\/strong><\/p>\n\n\n\n<blockquote class=\"wp-block-quote is-layout-flow wp-block-quote-is-layout-flow\"><p>\u201cEsto es nuestro desaf\u00edo: la inflaci\u00f3n. En los \u00faltimos tiempos se nos subi\u00f3 m\u00e1s que en lo m\u00e1s alto de Pe\u00f1a y Calder\u00f3n\u201d.<\/p><\/blockquote>\n\n\n\n<p>De acuerdo con la informaci\u00f3n del Instituto Nacional de Geograf\u00eda y Estad\u00edstica (<strong>INEGI<\/strong>), la cifra reportada con el exmandatario pri\u00edsta fue de&nbsp;<strong>6.77%<\/strong>, mientras que en la administraci\u00f3n del panista disminuy\u00f3 a&nbsp;<strong>6.53%.<\/strong><\/p>\n\n\n\n<p>No obstante, el tabasque\u00f1o aclar\u00f3 que el&nbsp;<a href=\"https:\/\/www.infobae.com\/america\/mexico\/2021\/12\/09\/inflacion-se-elevo-a-737-anual-el-mayor-aumento-desde-2001\/\" target=\"_blank\" rel=\"noreferrer noopener\"><strong>7.37%<\/strong><\/a><strong>&nbsp;de inflaci\u00f3n anual&nbsp;<\/strong>registrada hasta&nbsp;<strong>noviembre del 2021<\/strong>&nbsp;fue producto de&nbsp;<strong>\u201cun fen\u00f3meno externo\u201d<\/strong>&nbsp;derivado de la pandemia por&nbsp;<a href=\"https:\/\/www.infobae.com\/america\/mexico\/2022\/01\/04\/covid-19-mexico-es-el-pais-con-mayor-mortalidad-por-cada-100-casos-en-el-mundo\/\" target=\"_blank\" rel=\"noreferrer noopener\">COVID-19<\/a>.<\/p>\n\n\n\n<p>\u201cDepende de muchos factores externos que se originaron con la\u00a0<strong>pandemia<\/strong>. Toda la afectaci\u00f3n a la actividad productiva, los incrementos de precios (&#8230;) Tambi\u00e9n m\u00e1s demanda porque se inyectaron fondos, sobretodo en Estados Unidos:\u00a0<strong>m\u00e1s dinero circulante y menos oferta<\/strong>\u201d, declar\u00f3 en su conferencia de prensa matutina.<\/p>\n\n\n\n<p><img decoding=\"async\" height=\"1280\" width=\"1898\" srcset=\"https:\/\/www.infobae.com\/new-resizer\/Sdb-tE_F_us0gnn_OYUPeEFWf3E=\/420x280\/filters:format(webp):quality(85)\/cloudfront-us-east-1.images.arcpublishing.com\/infobae\/E32Y3UZJIZC5NPXRSR42FH433E.jpeg 420w,https:\/\/www.infobae.com\/new-resizer\/vV4OLgRDOFi34dMHzBrnDeRxg4w=\/768x512\/filters:format(webp):quality(85)\/cloudfront-us-east-1.images.arcpublishing.com\/infobae\/E32Y3UZJIZC5NPXRSR42FH433E.jpeg 768w,https:\/\/www.infobae.com\/new-resizer\/YUhGKmIXIVutkM3MuwU3uJSmZNs=\/992x661\/filters:format(webp):quality(85)\/cloudfront-us-east-1.images.arcpublishing.com\/infobae\/E32Y3UZJIZC5NPXRSR42FH433E.jpeg 992w,https:\/\/www.infobae.com\/new-resizer\/SPcnHpW4VJTPy_hCfRf-xwEtWOY=\/1200x800\/filters:format(webp):quality(85)\/cloudfront-us-east-1.images.arcpublishing.com\/infobae\/E32Y3UZJIZC5NPXRSR42FH433E.jpeg 1200w,https:\/\/www.infobae.com\/new-resizer\/TNGbTTzTTgH1etAi0FAuDnLaNL8=\/1440x960\/filters:format(webp):quality(85)\/cloudfront-us-east-1.images.arcpublishing.com\/infobae\/E32Y3UZJIZC5NPXRSR42FH433E.jpeg 1440w\" alt=\"AMLO neg\u00f3 que el peso mexicano se haya depreciado. (Foto: Crisanta Espinosa Aguilar \/Cuartoscuro.com)\" src=\"https:\/\/www.infobae.com\/new-resizer\/Sdb-tE_F_us0gnn_OYUPeEFWf3E=\/420x280\/filters:format(webp):quality(85)\/cloudfront-us-east-1.images.arcpublishing.com\/infobae\/E32Y3UZJIZC5NPXRSR42FH433E.jpeg%20420w\">AMLO neg\u00f3 que el peso mexicano se haya depreciado. (Foto: Crisanta Espinosa Aguilar \/Cuartoscuro.com)<\/p>\n\n\n\n<p>A pesar de ello, el Jefe del Ejecutivo asegur\u00f3 que el&nbsp;<strong>peso mexicano&nbsp;<\/strong>no se ha depreciado &#8211; o no en gran medida &#8211; durante los primeros tres a\u00f1os de su administraci\u00f3n.<\/p>\n\n\n\n<p>A\u00fan con tambaleo que la econom\u00eda mexicana y mundial sufri\u00f3 a ra\u00edz del nuevo coronavirus, el mandatario presumi\u00f3 que la \u00fanica depreciaci\u00f3n figurada de noviembre del 2018 a diciembre del 2021 fue del&nbsp;<strong>0.8%.<\/strong><\/p>\n\n\n\n<blockquote class=\"wp-block-quote is-layout-flow wp-block-quote-is-layout-flow\"><p>\u201cNo ha habido depreciaci\u00f3n de la moneda. No se ve\u00eda desde hace mucho tiempo (&#8230;) Este es un buen resultado\u201d.<\/p><\/blockquote>\n\n\n\n<p><em>Informaci\u00f3n en desarrollo&#8230;<\/em><\/p>\n\n\n\n<p>Fuente: https:\/\/www.infobae.com\/america\/mexico\/2022\/01\/06\/amlo-acepto-que-la-inflacion-supero-a-las-registradas-en-los-sexenios-de-pena-y-calderon\/<\/p>\n","protected":false},"excerpt":{"rendered":"<p>El mandatario neg\u00f3 que el peso mexicano se haya depreciado en su administraci\u00f3n, a pesar del azote del COVID-19 a [&hellip;]<\/p>\n","protected":false},"author":1,"featured_media":18867,"comment_status":"open","ping_status":"open","sticky":false,"template":"","format":"standard","meta":{"site-sidebar-layout":"default","site-content-layout":"","ast-site-content-layout":"default","site-content-style":"default","site-sidebar-style":"default","ast-global-header-display":"","ast-banner-title-visibility":"","ast-main-header-display":"","ast-hfb-above-header-display":"","ast-hfb-below-header-display":"","ast-hfb-mobile-header-display":"","site-post-title":"","ast-breadcrumbs-content":"","ast-featured-img":"","footer-sml-layout":"","theme-transparent-header-meta":"","adv-header-id-meta":"","stick-header-meta":"","header-above-stick-meta":"","header-main-stick-meta":"","header-below-stick-meta":"","astra-migrate-meta-layouts":"default","ast-page-background-enabled":"default","ast-page-background-meta":{"desktop":{"background-color":"var(--ast-global-color-4)","background-image":"","background-repeat":"repeat","background-position":"center center","background-size":"auto","background-attachment":"scroll","background-type":"","background-media":"","overlay-type":"","overlay-color":"","overlay-opacity":"","overlay-gradient":""},"tablet":{"background-color":"","background-image":"","background-repeat":"repeat","background-position":"center center","background-size":"auto","background-attachment":"scroll","background-type":"","background-media":"","overlay-type":"","overlay-color":"","overlay-opacity":"","overlay-gradient":""},"mobile":{"background-color":"","background-image":"","background-repeat":"repeat","background-position":"center center","background-size":"auto","background-attachment":"scroll","background-type":"","background-media":"","overlay-type":"","overlay-color":"","overlay-opacity":"","overlay-gradient":""}},"ast-content-background-meta":{"desktop":{"background-color":"var(--ast-global-color-5)","background-image":"","background-repeat":"repeat","background-position":"center center","background-size":"auto","background-attachment":"scroll","background-type":"","background-media":"","overlay-type":"","overlay-color":"","overlay-opacity":"","overlay-gradient":""},"tablet":{"background-color":"var(--ast-global-color-5)","background-image":"","background-repeat":"repeat","background-position":"center center","background-size":"auto","background-attachment":"scroll","background-type":"","background-media":"","overlay-type":"","overlay-color":"","overlay-opacity":"","overlay-gradient":""},"mobile":{"background-color":"var(--ast-global-color-5)","background-image":"","background-repeat":"repeat","background-position":"center center","background-size":"auto","background-attachment":"scroll","background-type":"","background-media":"","overlay-type":"","overlay-color":"","overlay-opacity":"","overlay-gradient":""}},"footnotes":""},"categories":[8],"tags":[653,4537],"class_list":["post-18866","post","type-post","status-publish","format-standard","has-post-thumbnail","hentry","category-noticias","tag-inegi","tag-inflacion-mexico"],"_links":{"self":[{"href":"https:\/\/losperiodistas.com.mx\/portal\/wp-json\/wp\/v2\/posts\/18866","targetHints":{"allow":["GET"]}}],"collection":[{"href":"https:\/\/losperiodistas.com.mx\/portal\/wp-json\/wp\/v2\/posts"}],"about":[{"href":"https:\/\/losperiodistas.com.mx\/portal\/wp-json\/wp\/v2\/types\/post"}],"author":[{"embeddable":true,"href":"https:\/\/losperiodistas.com.mx\/portal\/wp-json\/wp\/v2\/users\/1"}],"replies":[{"embeddable":true,"href":"https:\/\/losperiodistas.com.mx\/portal\/wp-json\/wp\/v2\/comments?post=18866"}],"version-history":[{"count":1,"href":"https:\/\/losperiodistas.com.mx\/portal\/wp-json\/wp\/v2\/posts\/18866\/revisions"}],"predecessor-version":[{"id":18868,"href":"https:\/\/losperiodistas.com.mx\/portal\/wp-json\/wp\/v2\/posts\/18866\/revisions\/18868"}],"wp:featuredmedia":[{"embeddable":true,"href":"https:\/\/losperiodistas.com.mx\/portal\/wp-json\/wp\/v2\/media\/18867"}],"wp:attachment":[{"href":"https:\/\/losperiodistas.com.mx\/portal\/wp-json\/wp\/v2\/media?parent=18866"}],"wp:term":[{"taxonomy":"category","embeddable":true,"href":"https:\/\/losperiodistas.com.mx\/portal\/wp-json\/wp\/v2\/categories?post=18866"},{"taxonomy":"post_tag","embeddable":true,"href":"https:\/\/losperiodistas.com.mx\/portal\/wp-json\/wp\/v2\/tags?post=18866"}],"curies":[{"name":"wp","href":"https:\/\/api.w.org\/{rel}","templated":true}]}}