{"id":18784,"date":"2022-01-05T01:54:48","date_gmt":"2022-01-05T07:54:48","guid":{"rendered":"http:\/\/losperiodistas.com.mx\/portal\/?p=18784"},"modified":"2022-01-05T03:43:17","modified_gmt":"2022-01-05T09:43:17","slug":"la-agenda-de-genero-en-2022","status":"publish","type":"post","link":"https:\/\/losperiodistas.com.mx\/portal\/la-agenda-de-genero-en-2022\/","title":{"rendered":"La Agenda de G\u00e9nero en 2022"},"content":{"rendered":"\n<p><\/p>\n\n\n\n<p><\/p>\n\n\n\n<p class=\"has-vivid-cyan-blue-color has-text-color\" style=\"font-size:26px\"><strong><em>Por Laura Liliam Garc\u00eda L\u00f3pez<\/em><\/strong><\/p>\n\n\n\n<p>La agenda de g\u00e9nero en 2022 tiene que empoderar la Igualdad Salarial, Aborto, Sociedad del Cuidado, Familia, Paridad Judicial y Feminicidio.<\/p>\n\n\n\n<p><strong>La Agenda de G\u00e9nero, <\/strong>es la hoja de ruta para avanzar hacia el reconocimiento de todos los <strong>derechos de las mujeres<\/strong>, en el que se enlista un plan de acci\u00f3n, medidas legislativas, mecanismos de negociaci\u00f3n y pol\u00edticas p\u00fablicas para incorporar un sistema de g\u00e9nero en la <strong>agenda p\u00fablica<\/strong>, para lograr la igualdad de g\u00e9nero, el empoderamiento femenino y eliminar las desigualdades y violencias en todas las esferas.<\/p>\n\n\n\n<p>Cada a\u00f1o se dise\u00f1a una <strong>Agenda de g\u00e9nero<\/strong>, con temas actuales, inaplazables y trascendentes que contienen demandas sociales, civiles y pol\u00edticas que coloca a las mujeres en el centro como un compromiso institucional, para reconocer las pol\u00edticas de igualdad y de transversalizaci\u00f3n de la perspectiva de g\u00e9nero en la sociedad, para cerrar la brecha.<\/p>\n\n\n\n<p>La ONU ha dise\u00f1ado un <strong>Plan Estrat\u00e9gico para 2022, <\/strong>una agenda de ruta para las mujeres muy a fin a la Agenda 2030, en el que propone trabajar con 4 \u00e1reas tem\u00e1ticas para aplicar a los sistemas globales como medidas urgentes, para lograr la igualdad de g\u00e9nero y el empoderamiento de las mujeres.<\/p>\n\n\n\n<ol class=\"wp-block-list\" type=\"1\"><li><strong>Gobernanza y participaci\u00f3n en la vida p\u00fablica<\/strong><\/li><li><strong>Empoderamiento econ\u00f3mico<\/strong><\/li><li><strong>Eliminaci\u00f3n de la violencia contra las mujeres y ni\u00f1as<\/strong><\/li><li><strong>Las mujeres, la paz y la seguridad, acci\u00f3n humanitaria y reducci\u00f3n de riesgo de desastres<\/strong><\/li><\/ol>\n\n\n\n<p><strong>La Agenda 2030<\/strong> y la Agenda de G\u00e9nero de cada pa\u00eds se tienen que centralizar como un mecanismo de seguimiento global y regional, en el que se defina una armonizaci\u00f3n del sistema normativo traducido en pol\u00edticas con perspectiva de g\u00e9nero, incluyendo metas y medios de implementaci\u00f3n, as\u00ed como la articulaci\u00f3n y sinergias de acciones de derechos de las mujeres para construir <strong>una Agenda de igualdad de g\u00e9nero.<\/strong><\/p>\n\n\n\n<p>El movimiento feminista, los gobiernos y los organismos internacionales tienen que adoptar <strong>la Agenda de G\u00e9nero <\/strong>a\u00f1o con a\u00f1o, con el prop\u00f3sito firme de alcanzar los puntos estrat\u00e9gicos de la agenda.&nbsp; Es un hecho innegable que el <strong>feminismo<\/strong> empuja con fuerza para hacer cumplir y valer estos fines con una serie de activades durante todo el a\u00f1o, lo que incluye el D\u00eda internacional de la mujer, la marcha del 8M y un d\u00eda sin nosotras del 9M, entre otras actividades.<\/p>\n\n\n\n<p>La agenda tiene como fin incorporar al &nbsp;<strong>feminismo<\/strong> en la agenda p\u00fablica, para simbolizar &nbsp;los logros, conquistas y avances de los derechos de las mujeres, por lo que tiene sentido programar la conmemoraci\u00f3n d\u00eda de la mujer, d\u00eda de la madre, d\u00eda de la ni\u00f1a, d\u00eda de la mujer y la ciencia, el d\u00eda contra el c\u00e1ncer de mama, el d\u00eda internacional para la eliminaci\u00f3n de la violencia, el d\u00eda del voto femenino, d\u00eda del orgasmo, d\u00eda de acci\u00f3n global por el acceso al aborto legal y seguro, d\u00eda de la igualdad salarial, etc.<\/p>\n\n\n\n<p><strong>La agenda de g\u00e9nero<\/strong> tiene el firme prop\u00f3sito de poner en el radar los temas pendientes de los derechos de las mujeres para conseguir avances en su bienestar social, pol\u00edtico, econ\u00f3mico, religioso, salud, educaci\u00f3n, trabajo, libertad, justicia y paz, para que las mujeres sean m\u00e1s competitivas y alcanzar la igualdad sustantiva en todo.<\/p>\n\n\n\n<p><strong>\u201cSi las mujeres tuvieran igualdad de oportunidades para desarrollar todo su potencial, el mundo ser\u00eda m\u00e1s justo, m\u00e1s pr\u00f3spero y equitativo\u201d <\/strong>as\u00ed lo sostiene Kristalina Georgieva exdirectora del Banco Mundial y directora actual del Fondo Monetario Internacional, por lo que es imperante dar paso a construir una efectiva agenda de g\u00e9nero.<\/p>\n\n\n\n<p>La construcci\u00f3n de la Agenda 2022, tiene que incluir por protocolo <strong>los compromisos<\/strong> m\u00e1s importantes para el avance hacia la igualdad de g\u00e9nero, en el que se atiendan los principios constitucionales de igualdad y no discriminaci\u00f3n, paridad, progresividad, seguridad jur\u00eddica, igualdad de trato y oportunidades, igualdad retributiva, etc.,&nbsp; a efecto de considerarlos en la agenda p\u00fablica y agenda legislativa.<\/p>\n\n\n\n<ol class=\"wp-block-list\" type=\"1\"><li><strong>Igualdad salarial<\/strong>, es preciso legislar en materia de igualdad econ\u00f3mica y trabajo \u201cun salario equitativo e&nbsp;<em>igual por<\/em>&nbsp;trabajo de&nbsp;<em>igual valor\u201d, as\u00ed como <\/em>reconocer el pago del trabajo no remunerado y trabajo digno y seguro.<\/li><li><strong>La Sociedad del cuidado, <\/strong>la salud, la seguridad humana y el <strong>sistema de cuidados<\/strong> est\u00e1n orientados a la sostenibilidad de la vida, por lo que se deben implementar medias legales y acciones afirmativas desde la perspectiva de g\u00e9nero, para transitar hacia sociedades m\u00e1s igualitarias y en recuperaci\u00f3n de la pandemia.<\/li><li><strong>La familia<\/strong> como derecho humano, presentar una agenda de pol\u00edticas para poner fin a la desigualdad de g\u00e9nero en las familias. As\u00ed como legislar sobre prohibici\u00f3n de <strong>Matrimonio Infantil<\/strong>, venta de ni\u00f1as, pornograf\u00eda infantil, explotaci\u00f3n y trabajo infantil, todas estas pr\u00e1cticas son violaciones a los derechos de las ni\u00f1as y ni\u00f1os.<\/li><li><strong>Aborto legal<\/strong>, es imprescindible ya no postergar el reconocimiento de los derechos sexuales y reproductivos de las mujeres. Los Congresos Locales tienen que aprobar el aborto legal, seguro y gratuito en todo el pa\u00eds, lo que incluye el Congreso de Puebla. <strong>Embarazo adolescente<\/strong>, es un tema pendiente tambi\u00e9n en la agenda, considerando que M\u00e9xico es el primer lugar en embarazos en adolescentes.<\/li><li><strong>Paridad educativa y violencia escolar<\/strong>, conformar un modelo educativo paritarista en las instituciones educativas es una tarea pendiente, para equilibrar la paridad en las direcciones y \u00f3rganos educativos, as\u00ed como implementar un modelo \u00fanico de protocolo de todo tipo de violencia escolar que incluya bullying, ciberibullyng, acoso escolar, violencia digital, violencia en el noviazgo, hostigamiento escolar y discriminaci\u00f3n escolar.<\/li><li><strong>Feminicidio<\/strong>, para fortalecer una pol\u00edtica de combate a la violencia de g\u00e9nero, se tienen que homologar a nivel nacional la tipificaci\u00f3n del delito del feminicidio y actualizar la declaratoria de Alerta de g\u00e9nero en todo el pa\u00eds como un mecanismo eficaz.<\/li><li><strong>Paridad Judicial,<\/strong> es impostergable consolidar la paridad en el poder judicial, la reforma constitucional de paridad entre g\u00e9neros, ya la reconoce en el art\u00edculo 94 constitucional, por lo que se requiere que los congresos locales armonicen la Ley org\u00e1nica del poder judicial y se de apertura a la #ParidadEnTodo. En la actualidad tenemos acciones afirmativas con Legislaturas paritarias y gabinetes paritarios, falta por legitimar la paridad juridicial.<\/li><li><strong>Presupuestos con perspectiva de g\u00e9nero<\/strong>, se requiere de acciones reales y compromiso pol\u00edtico para activar programas de empoderamiento econ\u00f3mico de las mujeres y canalizar recursos para la atenci\u00f3n de la violencia de g\u00e9nero.<\/li><li><strong>Mujeres migrantes, ind\u00edgenas y rurales<\/strong>, es imperante reconocer las desigualdades y asimetr\u00edas culturales, econ\u00f3micas y pol\u00edticas de las mujeres de estos tres sectores y dar seriedad a la situaci\u00f3n que requiere, mediante el activismo y el reconocimiento jur\u00eddico de sus derechos en sus instituciones.<\/li><li><strong>Municipios en igualdad de g\u00e9nero<\/strong>, es el tema para dar apertura a transversalizar una agenda de pol\u00edticas p\u00fablicas de g\u00e9nero en los municipios y para empoderar a las mujeres lideres en los gobiernos locales.<\/li><\/ol>\n\n\n\n<p><strong>La agenda de g\u00e9nero en este a\u00f1o <\/strong>tiene ser m\u00e1s feminista, m\u00e1s medi\u00e1tica y entrar en debate con los temas legislativos pendientes, ya que a nivel mundial a las mujeres solo se les reconocen tres cuartas partes de los derechos legales que tienen los hombres, por lo que hay que entrar al centro de la agenda pol\u00edtica. \u00a0<\/p>\n\n\n\n<p>@liliangarciax7<\/p>\n","protected":false},"excerpt":{"rendered":"<p>Por Laura Liliam Garc\u00eda L\u00f3pez La agenda de g\u00e9nero en 2022 tiene que empoderar la Igualdad Salarial, Aborto, Sociedad del [&hellip;]<\/p>\n","protected":false},"author":1,"featured_media":18785,"comment_status":"open","ping_status":"open","sticky":false,"template":"","format":"standard","meta":{"site-sidebar-layout":"default","site-content-layout":"","ast-site-content-layout":"default","site-content-style":"default","site-sidebar-style":"default","ast-global-header-display":"","ast-banner-title-visibility":"","ast-main-header-display":"","ast-hfb-above-header-display":"","ast-hfb-below-header-display":"","ast-hfb-mobile-header-display":"","site-post-title":"","ast-breadcrumbs-content":"","ast-featured-img":"","footer-sml-layout":"","theme-transparent-header-meta":"","adv-header-id-meta":"","stick-header-meta":"","header-above-stick-meta":"","header-main-stick-meta":"","header-below-stick-meta":"","astra-migrate-meta-layouts":"default","ast-page-background-enabled":"default","ast-page-background-meta":{"desktop":{"background-color":"var(--ast-global-color-4)","background-image":"","background-repeat":"repeat","background-position":"center center","background-size":"auto","background-attachment":"scroll","background-type":"","background-media":"","overlay-type":"","overlay-color":"","overlay-opacity":"","overlay-gradient":""},"tablet":{"background-color":"","background-image":"","background-repeat":"repeat","background-position":"center center","background-size":"auto","background-attachment":"scroll","background-type":"","background-media":"","overlay-type":"","overlay-color":"","overlay-opacity":"","overlay-gradient":""},"mobile":{"background-color":"","background-image":"","background-repeat":"repeat","background-position":"center center","background-size":"auto","background-attachment":"scroll","background-type":"","background-media":"","overlay-type":"","overlay-color":"","overlay-opacity":"","overlay-gradient":""}},"ast-content-background-meta":{"desktop":{"background-color":"var(--ast-global-color-5)","background-image":"","background-repeat":"repeat","background-position":"center center","background-size":"auto","background-attachment":"scroll","background-type":"","background-media":"","overlay-type":"","overlay-color":"","overlay-opacity":"","overlay-gradient":""},"tablet":{"background-color":"var(--ast-global-color-5)","background-image":"","background-repeat":"repeat","background-position":"center center","background-size":"auto","background-attachment":"scroll","background-type":"","background-media":"","overlay-type":"","overlay-color":"","overlay-opacity":"","overlay-gradient":""},"mobile":{"background-color":"var(--ast-global-color-5)","background-image":"","background-repeat":"repeat","background-position":"center center","background-size":"auto","background-attachment":"scroll","background-type":"","background-media":"","overlay-type":"","overlay-color":"","overlay-opacity":"","overlay-gradient":""}},"footnotes":""},"categories":[8,22],"tags":[4873],"class_list":["post-18784","post","type-post","status-publish","format-standard","has-post-thumbnail","hentry","category-noticias","category-opinion-invitada","tag-agenda-de-genero-puebla"],"_links":{"self":[{"href":"https:\/\/losperiodistas.com.mx\/portal\/wp-json\/wp\/v2\/posts\/18784","targetHints":{"allow":["GET"]}}],"collection":[{"href":"https:\/\/losperiodistas.com.mx\/portal\/wp-json\/wp\/v2\/posts"}],"about":[{"href":"https:\/\/losperiodistas.com.mx\/portal\/wp-json\/wp\/v2\/types\/post"}],"author":[{"embeddable":true,"href":"https:\/\/losperiodistas.com.mx\/portal\/wp-json\/wp\/v2\/users\/1"}],"replies":[{"embeddable":true,"href":"https:\/\/losperiodistas.com.mx\/portal\/wp-json\/wp\/v2\/comments?post=18784"}],"version-history":[{"count":1,"href":"https:\/\/losperiodistas.com.mx\/portal\/wp-json\/wp\/v2\/posts\/18784\/revisions"}],"predecessor-version":[{"id":18786,"href":"https:\/\/losperiodistas.com.mx\/portal\/wp-json\/wp\/v2\/posts\/18784\/revisions\/18786"}],"wp:featuredmedia":[{"embeddable":true,"href":"https:\/\/losperiodistas.com.mx\/portal\/wp-json\/wp\/v2\/media\/18785"}],"wp:attachment":[{"href":"https:\/\/losperiodistas.com.mx\/portal\/wp-json\/wp\/v2\/media?parent=18784"}],"wp:term":[{"taxonomy":"category","embeddable":true,"href":"https:\/\/losperiodistas.com.mx\/portal\/wp-json\/wp\/v2\/categories?post=18784"},{"taxonomy":"post_tag","embeddable":true,"href":"https:\/\/losperiodistas.com.mx\/portal\/wp-json\/wp\/v2\/tags?post=18784"}],"curies":[{"name":"wp","href":"https:\/\/api.w.org\/{rel}","templated":true}]}}