{"id":18779,"date":"2022-01-05T01:53:08","date_gmt":"2022-01-05T07:53:08","guid":{"rendered":"http:\/\/losperiodistas.com.mx\/portal\/?p=18779"},"modified":"2022-01-05T03:00:48","modified_gmt":"2022-01-05T09:00:48","slug":"efemerides-del-5-de-enero-que-paso-un-dia-como-hoy-adn-40","status":"publish","type":"post","link":"https:\/\/losperiodistas.com.mx\/portal\/efemerides-del-5-de-enero-que-paso-un-dia-como-hoy-adn-40\/","title":{"rendered":"Efem\u00e9rides del 5 de enero: Qu\u00e9 pas\u00f3 un d\u00eda como hoy | ADN 40"},"content":{"rendered":"\n<p style=\"font-size:18px\"><em>\u00bfSabes qu\u00e9 pas\u00f3 un d\u00eda como hoy? El 5 de enero de 1543, el fraile espa\u00f1ol Bartolom\u00e9 de las Casas lleg\u00f3 a M\u00e9xico. Conoce las efem\u00e9rides de este d\u00eda.<\/em><\/p>\n\n\n\n<p><\/p>\n\n\n\n<figure class=\"wp-block-image size-large\"><img fetchpriority=\"high\" decoding=\"async\" width=\"968\" height=\"726\" src=\"https:\/\/losperiodistas.com.mx\/portal\/wp-content\/uploads\/2022\/01\/efem-enero-5.jpeg\" alt=\"\" class=\"wp-image-18780\" srcset=\"https:\/\/losperiodistas.com.mx\/portal\/wp-content\/uploads\/2022\/01\/efem-enero-5.jpeg 968w, https:\/\/losperiodistas.com.mx\/portal\/wp-content\/uploads\/2022\/01\/efem-enero-5-300x225.jpeg 300w, https:\/\/losperiodistas.com.mx\/portal\/wp-content\/uploads\/2022\/01\/efem-enero-5-768x576.jpeg 768w\" sizes=\"(max-width: 968px) 100vw, 968px\" \/><\/figure>\n\n\n\n<p><\/p>\n\n\n\n<p class=\"has-vivid-cyan-blue-color has-text-color has-medium-font-size\">ADN 40<\/p>\n\n\n\n<h2 class=\"wp-block-heading\">Qu\u00e9 se conmemora cada 5 de enero<\/h2>\n\n\n\n<p>En el d\u00eda previo al festejo de Reyes Magos, en muchas regiones de habla hispana, se celebra \u2018La Cabalgata de Reyes Magos\u2019. Un desfile de carrozas t\u00edpico en el que los Reyes Magos (Melchor, Gaspar y Baltasar) pasean en carros.<\/p>\n\n\n\n<h2 class=\"wp-block-heading\">Efem\u00e9rides del 5 de enero de 2022<\/h2>\n\n\n\n<p>1500: Mil\u00e1n es reconquistada por Ludovico Sforza.<\/p>\n\n\n\n<p>1543: En el puerto de San Francisco de Campeche (M\u00e9xico) desembarca el fraile espa\u00f1ol Bartolom\u00e9 de las Casas, quien se distinguir\u00e1 como historiador y defensor de los abor\u00edgenes de la Nueva Espa\u00f1a.<\/p>\n\n\n\n<p>1757: Luis XV de Francia sobrevive a un intento de asesinato de Robert Fran\u00e7ois Damiens, quien fue la \u00faltima persona ejecutada en Francia con la tradicional pena capital utilizada para los regicidas.<\/p>\n\n\n\n<p><br>1759: En los Estados Unidos, George Washington se casa con Martha Dandridge Custis.<\/p>\n\n\n\n<figure class=\"wp-block-image\"><img decoding=\"async\" src=\"https:\/\/tvazteca.brightspotcdn.com\/dims4\/default\/657211f\/2147483647\/strip\/true\/crop\/615x408+0+0\/resize\/968x642!\/format\/jpg\/quality\/80\/?url=https%3A%2F%2Ftvazteca.brightspotcdn.com%2Fe9%2F5a%2Fa609f0fb47b195dcc2b3a3a70534%2Fefemerides-del-5-de-enero-2.jpg\" alt=\"efem\u00e9rides del 5 de enero 2.jpg\"\/><\/figure>\n\n\n\n<p>1822: Se anexan espont\u00e1neamente a M\u00e9xico las provincias de Guatemala, Honduras y Nicaragua.<\/p>\n\n\n\n<p>1883: Muere Ezequiel Montes, pol\u00edtico y diplom\u00e1tico liberal, que colabor\u00f3 en el gobierno del presidente Benito Ju\u00e1rez.<\/p>\n\n\n\n<p>1895: En Francia, el oficial Alfred Dreyfus es degradado y sentenciado a cadena perpetua en la Isla del Diablo.<\/p>\n\n\n\n<p>1909: Colombia reconoce la separaci\u00f3n e independencia de Panam\u00e1.<\/p>\n\n\n\n<p>1919: En Alemania se funda el Partido Obrero Alem\u00e1n, que posteriormente se convertir\u00eda en el partido nazi.<\/p>\n\n\n\n<p>1925: En los Estados Unidos, Nellie Tayloe Ross se convierte en la primera mujer que gobierna un estado.<\/p>\n\n\n\n<p>1933: En San Francisco (California) empieza la construcci\u00f3n del Puente Golden Gate.<\/p>\n\n\n\n<p>1934: Abelardo L. Rodr\u00edguez, presidente interino de M\u00e9xico, instaura el salario m\u00ednimo en el pa\u00eds.<\/p>\n\n\n\n<p>1940: En los Estados Unidos, la Comisi\u00f3n Federal de Comunicaciones demuestra por primera vez la radiodifusi\u00f3n por FM.<\/p>\n\n\n\n<p>1955: Se crea oficialmente la Copa de Campeones de Europa.<\/p>\n\n\n\n<figure class=\"wp-block-image\"><img decoding=\"async\" src=\"https:\/\/tvazteca.brightspotcdn.com\/dims4\/default\/d981d87\/2147483647\/strip\/true\/crop\/904x742+0+0\/resize\/968x795!\/format\/jpg\/quality\/80\/?url=https%3A%2F%2Ftvazteca.brightspotcdn.com%2Fc5%2F3d%2Ff6782a2e4d44bd31e34c10dbb816%2Fefemerides-del-5-de-enero-3.jpg\" alt=\"efem\u00e9rides del 5 de enero 3.jpg\"\/><\/figure>\n\n\n\n<p>1968: En Checoslovaquia llega al poder Alexander Dub\u010dek, dando comienzo a la Primavera de Praga.<\/p>\n\n\n\n<p>1978: En Espa\u00f1a se aprueba la preautonom\u00eda de Euskadi (el&nbsp;<a href=\"https:\/\/www.adn40.mx\/cultura\/netflix-estrenos-gm-especial\" target=\"_blank\" rel=\"noreferrer noopener\">Pa\u00eds Vasco&nbsp;<\/a>).<\/p>\n\n\n\n<p>1985: En un hospital de Par\u00eds (Francia) nacen los primeros trillizos europeos concebidos por medio de la fecundaci\u00f3n in vitro.<\/p>\n\n\n\n<p>1997: Los rusos anuncian su repliegue de Chechenia.<\/p>\n\n\n\n<p>2002: En Jap\u00f3n, cient\u00edficos anuncian la creaci\u00f3n del primer ojo artificial.<\/p>\n\n\n\n<p>2005: En Monte Palomar (Estados Unidos), los astr\u00f3nomos Michael E. Brown, Chad Trujillo, y David Lincoln Rabinowitz descubren el&nbsp;<a href=\"https:\/\/www.adn40.mx\/ciencia\/nota\/notas\/2021-01-23-09-12\/ceres-planeta-enano-podria-sostener-vida-humana-estudio-especial\" target=\"_blank\" rel=\"noreferrer noopener\">planeta enano&nbsp;<\/a>Eris, el m\u00e1s lejano del sistema solar.<\/p>\n\n\n\n<p>2016: En Caracas, la oposici\u00f3n toma la Asamblea Nacional de Venezuela.<\/p>\n\n\n\n<p>Fuente: https:\/\/www.adn40.mx\/mexico\/efemerides-5-de-enero-gm-especial<\/p>\n","protected":false},"excerpt":{"rendered":"<p>\u00bfSabes qu\u00e9 pas\u00f3 un d\u00eda como hoy? El 5 de enero de 1543, el fraile espa\u00f1ol Bartolom\u00e9 de las Casas [&hellip;]<\/p>\n","protected":false},"author":1,"featured_media":18780,"comment_status":"open","ping_status":"open","sticky":false,"template":"","format":"standard","meta":{"site-sidebar-layout":"default","site-content-layout":"","ast-site-content-layout":"default","site-content-style":"default","site-sidebar-style":"default","ast-global-header-display":"","ast-banner-title-visibility":"","ast-main-header-display":"","ast-hfb-above-header-display":"","ast-hfb-below-header-display":"","ast-hfb-mobile-header-display":"","site-post-title":"","ast-breadcrumbs-content":"","ast-featured-img":"","footer-sml-layout":"","theme-transparent-header-meta":"","adv-header-id-meta":"","stick-header-meta":"","header-above-stick-meta":"","header-main-stick-meta":"","header-below-stick-meta":"","astra-migrate-meta-layouts":"default","ast-page-background-enabled":"default","ast-page-background-meta":{"desktop":{"background-color":"var(--ast-global-color-4)","background-image":"","background-repeat":"repeat","background-position":"center center","background-size":"auto","background-attachment":"scroll","background-type":"","background-media":"","overlay-type":"","overlay-color":"","overlay-opacity":"","overlay-gradient":""},"tablet":{"background-color":"","background-image":"","background-repeat":"repeat","background-position":"center center","background-size":"auto","background-attachment":"scroll","background-type":"","background-media":"","overlay-type":"","overlay-color":"","overlay-opacity":"","overlay-gradient":""},"mobile":{"background-color":"","background-image":"","background-repeat":"repeat","background-position":"center center","background-size":"auto","background-attachment":"scroll","background-type":"","background-media":"","overlay-type":"","overlay-color":"","overlay-opacity":"","overlay-gradient":""}},"ast-content-background-meta":{"desktop":{"background-color":"var(--ast-global-color-5)","background-image":"","background-repeat":"repeat","background-position":"center center","background-size":"auto","background-attachment":"scroll","background-type":"","background-media":"","overlay-type":"","overlay-color":"","overlay-opacity":"","overlay-gradient":""},"tablet":{"background-color":"var(--ast-global-color-5)","background-image":"","background-repeat":"repeat","background-position":"center center","background-size":"auto","background-attachment":"scroll","background-type":"","background-media":"","overlay-type":"","overlay-color":"","overlay-opacity":"","overlay-gradient":""},"mobile":{"background-color":"var(--ast-global-color-5)","background-image":"","background-repeat":"repeat","background-position":"center center","background-size":"auto","background-attachment":"scroll","background-type":"","background-media":"","overlay-type":"","overlay-color":"","overlay-opacity":"","overlay-gradient":""}},"footnotes":""},"categories":[8],"tags":[6702,6700,6703,6701],"class_list":["post-18779","post","type-post","status-publish","format-standard","has-post-thumbnail","hentry","category-noticias","tag-campeche","tag-fecundacion-in-vitro","tag-fray-bartolome-de-las-casas","tag-salario-minimo-mexico"],"_links":{"self":[{"href":"https:\/\/losperiodistas.com.mx\/portal\/wp-json\/wp\/v2\/posts\/18779","targetHints":{"allow":["GET"]}}],"collection":[{"href":"https:\/\/losperiodistas.com.mx\/portal\/wp-json\/wp\/v2\/posts"}],"about":[{"href":"https:\/\/losperiodistas.com.mx\/portal\/wp-json\/wp\/v2\/types\/post"}],"author":[{"embeddable":true,"href":"https:\/\/losperiodistas.com.mx\/portal\/wp-json\/wp\/v2\/users\/1"}],"replies":[{"embeddable":true,"href":"https:\/\/losperiodistas.com.mx\/portal\/wp-json\/wp\/v2\/comments?post=18779"}],"version-history":[{"count":1,"href":"https:\/\/losperiodistas.com.mx\/portal\/wp-json\/wp\/v2\/posts\/18779\/revisions"}],"predecessor-version":[{"id":18781,"href":"https:\/\/losperiodistas.com.mx\/portal\/wp-json\/wp\/v2\/posts\/18779\/revisions\/18781"}],"wp:featuredmedia":[{"embeddable":true,"href":"https:\/\/losperiodistas.com.mx\/portal\/wp-json\/wp\/v2\/media\/18780"}],"wp:attachment":[{"href":"https:\/\/losperiodistas.com.mx\/portal\/wp-json\/wp\/v2\/media?parent=18779"}],"wp:term":[{"taxonomy":"category","embeddable":true,"href":"https:\/\/losperiodistas.com.mx\/portal\/wp-json\/wp\/v2\/categories?post=18779"},{"taxonomy":"post_tag","embeddable":true,"href":"https:\/\/losperiodistas.com.mx\/portal\/wp-json\/wp\/v2\/tags?post=18779"}],"curies":[{"name":"wp","href":"https:\/\/api.w.org\/{rel}","templated":true}]}}