{"id":18759,"date":"2022-01-05T01:40:39","date_gmt":"2022-01-05T07:40:39","guid":{"rendered":"http:\/\/losperiodistas.com.mx\/portal\/?p=18759"},"modified":"2022-01-05T03:02:44","modified_gmt":"2022-01-05T09:02:44","slug":"cfe-respondio-a-the-economist-sobre-reforma-electrica-aborda-la-iniciativa-de-amlo-con-un-prejuicio-liberal","status":"publish","type":"post","link":"https:\/\/losperiodistas.com.mx\/portal\/cfe-respondio-a-the-economist-sobre-reforma-electrica-aborda-la-iniciativa-de-amlo-con-un-prejuicio-liberal\/","title":{"rendered":"CFE respondi\u00f3 a The Economist sobre reforma el\u00e9ctrica: \u201cAborda la iniciativa de AMLO con un prejuicio liberal\u201d | Infobae"},"content":{"rendered":"\n<p style=\"font-size:18px\"><em>La revista brit\u00e1nica consider\u00f3 que la propuesta de reforma del presidente L\u00f3pez Obrador es una grave amenaza para la econom\u00eda y el estado de derecho en el pa\u00eds<\/em><\/p>\n\n\n\n<figure class=\"wp-block-image size-large\"><img fetchpriority=\"high\" decoding=\"async\" width=\"1024\" height=\"622\" src=\"https:\/\/losperiodistas.com.mx\/portal\/wp-content\/uploads\/2022\/01\/Captura-de-Pantalla-2022-01-05-a-las-2.14.11-1024x622.png\" alt=\"\" class=\"wp-image-18760\" srcset=\"https:\/\/losperiodistas.com.mx\/portal\/wp-content\/uploads\/2022\/01\/Captura-de-Pantalla-2022-01-05-a-las-2.14.11-1024x622.png 1024w, https:\/\/losperiodistas.com.mx\/portal\/wp-content\/uploads\/2022\/01\/Captura-de-Pantalla-2022-01-05-a-las-2.14.11-300x182.png 300w, https:\/\/losperiodistas.com.mx\/portal\/wp-content\/uploads\/2022\/01\/Captura-de-Pantalla-2022-01-05-a-las-2.14.11-768x466.png 768w, https:\/\/losperiodistas.com.mx\/portal\/wp-content\/uploads\/2022\/01\/Captura-de-Pantalla-2022-01-05-a-las-2.14.11.png 1518w\" sizes=\"(max-width: 1024px) 100vw, 1024px\" \/><figcaption>La CFE respondi\u00f3 a la publicaci\u00f3n de la revista brit\u00e1nica The Economist (Foto: EFE\/Mario Guzm\u00e1n)<\/figcaption><\/figure>\n\n\n\n<p><\/p>\n\n\n\n<p class=\"has-vivid-cyan-blue-color has-text-color has-medium-font-size\">INFOBAE<\/p>\n\n\n\n<p>La&nbsp;<a href=\"https:\/\/www.infobae.com\/tag\/cfe\/\" target=\"_blank\" rel=\"noreferrer noopener\"><strong>Comisi\u00f3n Federal de Electricidad<\/strong><\/a><strong>&nbsp;(CFE)<\/strong>, encabezada por&nbsp;<strong>Manuel Bartlett<\/strong>, respondi\u00f3 a la publicaci\u00f3n de la revista brit\u00e1nica<a href=\"https:\/\/www.infobae.com\/america\/mexico\/2022\/01\/04\/the-economist-critico-la-reforma-electrica-de-amlo-aseguro-que-danaria-la-economia-y-el-estado-de-derecho\/\" target=\"_blank\" rel=\"noreferrer noopener\"><em><strong>The Economist<\/strong><\/em><\/a>,que realiz\u00f3 una fuerte cr\u00edtica en contra del plan del gobierno mexicano para que la dependencia tenga el control de m\u00e1s de la mitad de la generaci\u00f3n de energ\u00eda el\u00e9ctrica en el pa\u00eds.<\/p>\n\n\n\n<p>A trav\u00e9s de un comunicado,&nbsp;<strong>Luis Bravo Navarro<\/strong>,coordinador de comunicaci\u00f3n corporativa de la CFE, se\u00f1al\u00f3 que la nota titulada \u201cLas reformas energ\u00e9ticas de M\u00e9xico da\u00f1ar\u00e1n la econom\u00eda y el estado de derecho\u201d,&nbsp;<strong>se suma a las publicaciones que abordan la iniciativa del presidente<\/strong>&nbsp;<a href=\"https:\/\/www.infobae.com\/tag\/amlo\/\" target=\"_blank\" rel=\"noreferrer noopener\">Andr\u00e9s Manuel L\u00f3pez Obrador<\/a>&nbsp;(AMLO)&nbsp;<strong>con un \u201cprejuicio liberal\u201d.<\/strong><\/p>\n\n\n\n<blockquote class=\"wp-block-quote is-layout-flow wp-block-quote-is-layout-flow\"><p>\u201cPara ellas el \u00fanico camino de una econom\u00eda saludable es dejar en manos del mercado y la iniciativa privada el devenir de una naci\u00f3n\u201d<\/p><\/blockquote>\n\n\n\n<p>El coordinador de comunicaci\u00f3n record\u00f3 que la nota consider\u00f3 que la&nbsp;<a href=\"https:\/\/www.infobae.com\/tag\/reforma-electrica\/\" target=\"_blank\" rel=\"noreferrer noopener\">propuesta de reforma del mandatario federal<\/a>&nbsp;es&nbsp;<strong>una grave amenaza para la econom\u00eda y el estado de derecho&nbsp;<\/strong>en el pa\u00eds, ya que \u201char\u00edan que la electricidad fuera m\u00e1s sucia y m\u00e1s cara\u201d.<img decoding=\"async\" alt=\"La CFE se\u00f1al\u00f3 que la nota se suma a las publicaciones que abordan la iniciativa del presidente con un \u201cprejuicio liberal\u201d (Foto: EFE\/LUIS TEJIDO)\n\" src=\"https:\/\/www.infobae.com\/new-resizer\/IZIEZv-aU-z9DBoLisQB-XRCQHY=\/420x280\/filters:format(webp):quality(85)\/cloudfront-us-east-1.images.arcpublishing.com\/infobae\/M4USMBYWM5EWFP6QSDC2BJ7OEM.jpg%20420w\" height=\"3648\" width=\"5472\" srcset=\"https:\/\/www.infobae.com\/new-resizer\/IZIEZv-aU-z9DBoLisQB-XRCQHY=\/420x280\/filters:format(webp):quality(85)\/cloudfront-us-east-1.images.arcpublishing.com\/infobae\/M4USMBYWM5EWFP6QSDC2BJ7OEM.jpg 420w,https:\/\/www.infobae.com\/new-resizer\/IPNXJEsmgcxdKmeV-x2ELmXoB7s=\/768x512\/filters:format(webp):quality(85)\/cloudfront-us-east-1.images.arcpublishing.com\/infobae\/M4USMBYWM5EWFP6QSDC2BJ7OEM.jpg 768w,https:\/\/www.infobae.com\/new-resizer\/1UWmyuUeSYAi1L72LsYenaEEQFk=\/992x661\/filters:format(webp):quality(85)\/cloudfront-us-east-1.images.arcpublishing.com\/infobae\/M4USMBYWM5EWFP6QSDC2BJ7OEM.jpg 992w,https:\/\/www.infobae.com\/new-resizer\/GgCg9kZlhCtSzefFWU7-vE2Bbvc=\/1200x800\/filters:format(webp):quality(85)\/cloudfront-us-east-1.images.arcpublishing.com\/infobae\/M4USMBYWM5EWFP6QSDC2BJ7OEM.jpg 1200w,https:\/\/www.infobae.com\/new-resizer\/dXR1ldyxSM4YwfhzSvsn6wKFZmI=\/1440x960\/filters:format(webp):quality(85)\/cloudfront-us-east-1.images.arcpublishing.com\/infobae\/M4USMBYWM5EWFP6QSDC2BJ7OEM.jpg 1440w\">La CFE se\u00f1al\u00f3 que la nota se suma a las publicaciones que abordan la iniciativa del presidente con un \u201cprejuicio liberal\u201d (Foto: EFE\/LUIS TEJIDO)<\/p>\n\n\n\n<p>Asimismo, afirm\u00f3 que diversos medios insisten en que anular los contratos actuales atenta contra el estado de derecho, sin embargo, \u201c<strong>omiten que los contratos que no tendr\u00e1n vigencia<\/strong>, en cuanto se apruebe la reforma,&nbsp;<strong>son aquellos que se utilizan para aprovecharse de la red de transmisi\u00f3n<\/strong>&nbsp;y distribuci\u00f3n de la CFE para no pagar lo que deber\u00edan\u201d.<\/p>\n\n\n\n<p>En este sentido, Bravo Navarro sostuvo que con la reforma&nbsp;<strong>se realizar\u00e1n nuevos contratos para establecer alianzas<\/strong>&nbsp;con la iniciativa privada, adem\u00e1s de fomentar la generaci\u00f3n de energ\u00eda \u201cde una forma justa y en beneficio de los habitantes de M\u00e9xico\u201d.<\/p>\n\n\n\n<blockquote class=\"wp-block-quote is-layout-flow wp-block-quote-is-layout-flow\"><p>\u201cSi una empresa opera legalmente para producir energ\u00eda no debe temer por la reforma\u201d<\/p><\/blockquote>\n\n\n\n<p>La dependencia, a trav\u00e9s del funcionario, tambi\u00e9n aclar\u00f3 que la iniciativa del presidente&nbsp;<strong>no propone energ\u00eda m\u00e1s cara ni sucia<\/strong>, como \u201clas personas en contra de la reforma reducen en una frase como si se tratara de un eslogan\u201d.<img decoding=\"async\" alt=\"La dependencia tambi\u00e9n aclar\u00f3 que la iniciativa del presidente no propone energ\u00eda m\u00e1s cara ni sucia (Foto: REUTERS \/ Daniel Becerril\/ archivo)\" src=\"https:\/\/www.infobae.com\/new-resizer\/JFFpkx5T6Rh0E1RUUXGzIL8nNkw=\/420x280\/filters:format(webp):quality(85)\/cloudfront-us-east-1.images.arcpublishing.com\/infobae\/QLBFTQDWSBNWUGBIDKZOQFNUDQ.jpg%20420w\" height=\"533\" width=\"800\" srcset=\"https:\/\/www.infobae.com\/new-resizer\/JFFpkx5T6Rh0E1RUUXGzIL8nNkw=\/420x280\/filters:format(webp):quality(85)\/cloudfront-us-east-1.images.arcpublishing.com\/infobae\/QLBFTQDWSBNWUGBIDKZOQFNUDQ.jpg 420w,https:\/\/www.infobae.com\/new-resizer\/oyTRYYrbPsGKqaRErO6hfLtv5o4=\/768x512\/filters:format(webp):quality(85)\/cloudfront-us-east-1.images.arcpublishing.com\/infobae\/QLBFTQDWSBNWUGBIDKZOQFNUDQ.jpg 768w,https:\/\/www.infobae.com\/new-resizer\/5tDh7Yh4DalRMQy6x7l3ZKhN2CI=\/992x661\/filters:format(webp):quality(85)\/cloudfront-us-east-1.images.arcpublishing.com\/infobae\/QLBFTQDWSBNWUGBIDKZOQFNUDQ.jpg 992w,https:\/\/www.infobae.com\/new-resizer\/oYayAw4Gjiy7UE0tIqINM4KkJ5Q=\/1200x800\/filters:format(webp):quality(85)\/cloudfront-us-east-1.images.arcpublishing.com\/infobae\/QLBFTQDWSBNWUGBIDKZOQFNUDQ.jpg 1200w,https:\/\/www.infobae.com\/new-resizer\/tWuHiUdDdLV2MNvLIYVDsvqinA8=\/1440x960\/filters:format(webp):quality(85)\/cloudfront-us-east-1.images.arcpublishing.com\/infobae\/QLBFTQDWSBNWUGBIDKZOQFNUDQ.jpg 1440w\">La dependencia tambi\u00e9n aclar\u00f3 que la iniciativa del presidente no propone energ\u00eda m\u00e1s cara ni sucia (Foto: REUTERS \/ Daniel Becerril\/ archivo)<\/p>\n\n\n\n<p>Como ejemplo, resalt\u00f3 que&nbsp;<strong>en 2021, del total de energ\u00eda que inyect\u00f3 a la red, 38.45% fue limpia<\/strong>, y del total de energ\u00eda limpia que entre privados y la dependencia inyectaron a la red, el 55% fue producida por la CFE.<\/p>\n\n\n\n<p>Finalmente, Luis Bravoexplic\u00f3 que como parte de la transici\u00f3n que se desea implementar en M\u00e9xico,&nbsp;<strong>la CFE construir\u00e1 la planta solar m\u00e1s importante de Am\u00e9rica Latina,<\/strong>&nbsp;que impactar\u00e1 directamente en 4 millones de personas, adem\u00e1s de dar mantenimiento a sus centrales hidroel\u00e9ctricas con el fin de producir m\u00e1s energ\u00eda limpia.<\/p>\n\n\n\n<p>\u201c<strong>Estas acciones se sumar\u00e1n a la convicci\u00f3n de no construir una planta de carb\u00f3n m\u00e1s<\/strong>. Es importante mencionar que la CFE solamente cuenta con 3 plantas de carb\u00f3n mientras otras naciones generan energ\u00eda con un n\u00famero significativamente m\u00e1s alto: China con 946, Estados Unidos con 286, o India con 253\u2033, concluy\u00f3.<img loading=\"lazy\" decoding=\"async\" alt=\"Luis Bravo explic\u00f3 que como parte de la transici\u00f3n que se desea implementar en M\u00e9xico, la CFE construir\u00e1 la planta solar m\u00e1s importante de Am\u00e9rica Latina (Foto: Cuartoscuro)\" src=\"https:\/\/www.infobae.com\/new-resizer\/OMl86H8BxC1Q3lzaAgA44lZ5mLU=\/420x236\/filters:format(webp):quality(85)\/cloudfront-us-east-1.images.arcpublishing.com\/infobae\/H7YAU3XJ2FDILPQWA3JLZXR67Y.jpg%20420w\" height=\"1080\" width=\"1920\" srcset=\"https:\/\/www.infobae.com\/new-resizer\/OMl86H8BxC1Q3lzaAgA44lZ5mLU=\/420x236\/filters:format(webp):quality(85)\/cloudfront-us-east-1.images.arcpublishing.com\/infobae\/H7YAU3XJ2FDILPQWA3JLZXR67Y.jpg 420w,https:\/\/www.infobae.com\/new-resizer\/uBwpYKW4iXtroxQHpvNjxZ3iEek=\/768x432\/filters:format(webp):quality(85)\/cloudfront-us-east-1.images.arcpublishing.com\/infobae\/H7YAU3XJ2FDILPQWA3JLZXR67Y.jpg 768w,https:\/\/www.infobae.com\/new-resizer\/5-Pvot8UCkAs9FvOb9pJtdgT5qk=\/992x558\/filters:format(webp):quality(85)\/cloudfront-us-east-1.images.arcpublishing.com\/infobae\/H7YAU3XJ2FDILPQWA3JLZXR67Y.jpg 992w,https:\/\/www.infobae.com\/new-resizer\/nBD32zO9BIKo4O8lH7gvDxt0log=\/1200x675\/filters:format(webp):quality(85)\/cloudfront-us-east-1.images.arcpublishing.com\/infobae\/H7YAU3XJ2FDILPQWA3JLZXR67Y.jpg 1200w,https:\/\/www.infobae.com\/new-resizer\/u5xAtcEM3K5LBgcMU4gg-tMtSQ8=\/1440x810\/filters:format(webp):quality(85)\/cloudfront-us-east-1.images.arcpublishing.com\/infobae\/H7YAU3XJ2FDILPQWA3JLZXR67Y.jpg 1440w\">Luis Bravo explic\u00f3 que como parte de la transici\u00f3n que se desea implementar en M\u00e9xico, la CFE construir\u00e1 la planta solar m\u00e1s importante de Am\u00e9rica Latina (Foto: Cuartoscuro)<\/p>\n\n\n\n<p>Y es que en su art\u00edculo publicado el pasado 3 de enero, la revista asegur\u00f3 que si se aprueba la reforma el\u00e9ctrica,&nbsp;<strong>M\u00e9xico no podr\u00eda capitalizar la oportunidad de atraer inversiones<\/strong>&nbsp;debido a la falta de energ\u00eda barata.<\/p>\n\n\n\n<p>Record\u00f3 que&nbsp;<strong>la liberalizaci\u00f3n del mercado el\u00e9ctrico con la reforma del 2013 fue un \u00e9xito enorme<\/strong>&nbsp;al conseguir a trav\u00e9s de las subastas el\u00e9ctricas los precios m\u00e1s bajos, y ayud\u00f3 a impulsar el crecimiento de la industria mexicana, especialmente de las maquiladoras, o plantas manufactureras de propiedad extranjera.<\/p>\n\n\n\n<blockquote class=\"wp-block-quote is-layout-flow wp-block-quote-is-layout-flow\"><p>\u201cEn su forma actual, al menos, har\u00eda que la electricidad sea m\u00e1s sucia y m\u00e1s cara, al tiempo que da\u00f1a la confianza de los inversionistas y socava a las instituciones encargadas de mantener a raya a un gobierno arrogante\u201d<\/p><\/blockquote>\n\n\n\n<p>Fuente: https:\/\/www.infobae.com\/america\/mexico\/2022\/01\/05\/cfe-respondio-a-the-economist-sobre-reforma-electrica-su-unico-camino-es-el-devenir-de-la-nacion\/<\/p>\n","protected":false},"excerpt":{"rendered":"<p>La revista brit\u00e1nica consider\u00f3 que la propuesta de reforma del presidente L\u00f3pez Obrador es una grave amenaza para la econom\u00eda [&hellip;]<\/p>\n","protected":false},"author":1,"featured_media":18760,"comment_status":"open","ping_status":"open","sticky":false,"template":"","format":"standard","meta":{"site-sidebar-layout":"default","site-content-layout":"","ast-site-content-layout":"default","site-content-style":"default","site-sidebar-style":"default","ast-global-header-display":"","ast-banner-title-visibility":"","ast-main-header-display":"","ast-hfb-above-header-display":"","ast-hfb-below-header-display":"","ast-hfb-mobile-header-display":"","site-post-title":"","ast-breadcrumbs-content":"","ast-featured-img":"","footer-sml-layout":"","theme-transparent-header-meta":"","adv-header-id-meta":"","stick-header-meta":"","header-above-stick-meta":"","header-main-stick-meta":"","header-below-stick-meta":"","astra-migrate-meta-layouts":"default","ast-page-background-enabled":"default","ast-page-background-meta":{"desktop":{"background-color":"var(--ast-global-color-4)","background-image":"","background-repeat":"repeat","background-position":"center center","background-size":"auto","background-attachment":"scroll","background-type":"","background-media":"","overlay-type":"","overlay-color":"","overlay-opacity":"","overlay-gradient":""},"tablet":{"background-color":"","background-image":"","background-repeat":"repeat","background-position":"center center","background-size":"auto","background-attachment":"scroll","background-type":"","background-media":"","overlay-type":"","overlay-color":"","overlay-opacity":"","overlay-gradient":""},"mobile":{"background-color":"","background-image":"","background-repeat":"repeat","background-position":"center center","background-size":"auto","background-attachment":"scroll","background-type":"","background-media":"","overlay-type":"","overlay-color":"","overlay-opacity":"","overlay-gradient":""}},"ast-content-background-meta":{"desktop":{"background-color":"var(--ast-global-color-5)","background-image":"","background-repeat":"repeat","background-position":"center center","background-size":"auto","background-attachment":"scroll","background-type":"","background-media":"","overlay-type":"","overlay-color":"","overlay-opacity":"","overlay-gradient":""},"tablet":{"background-color":"var(--ast-global-color-5)","background-image":"","background-repeat":"repeat","background-position":"center center","background-size":"auto","background-attachment":"scroll","background-type":"","background-media":"","overlay-type":"","overlay-color":"","overlay-opacity":"","overlay-gradient":""},"mobile":{"background-color":"var(--ast-global-color-5)","background-image":"","background-repeat":"repeat","background-position":"center center","background-size":"auto","background-attachment":"scroll","background-type":"","background-media":"","overlay-type":"","overlay-color":"","overlay-opacity":"","overlay-gradient":""}},"footnotes":""},"categories":[8],"tags":[34,274,4485],"class_list":["post-18759","post","type-post","status-publish","format-standard","has-post-thumbnail","hentry","category-noticias","tag-cfe","tag-manuel-bartlett","tag-reforma-electrica"],"_links":{"self":[{"href":"https:\/\/losperiodistas.com.mx\/portal\/wp-json\/wp\/v2\/posts\/18759","targetHints":{"allow":["GET"]}}],"collection":[{"href":"https:\/\/losperiodistas.com.mx\/portal\/wp-json\/wp\/v2\/posts"}],"about":[{"href":"https:\/\/losperiodistas.com.mx\/portal\/wp-json\/wp\/v2\/types\/post"}],"author":[{"embeddable":true,"href":"https:\/\/losperiodistas.com.mx\/portal\/wp-json\/wp\/v2\/users\/1"}],"replies":[{"embeddable":true,"href":"https:\/\/losperiodistas.com.mx\/portal\/wp-json\/wp\/v2\/comments?post=18759"}],"version-history":[{"count":2,"href":"https:\/\/losperiodistas.com.mx\/portal\/wp-json\/wp\/v2\/posts\/18759\/revisions"}],"predecessor-version":[{"id":18783,"href":"https:\/\/losperiodistas.com.mx\/portal\/wp-json\/wp\/v2\/posts\/18759\/revisions\/18783"}],"wp:featuredmedia":[{"embeddable":true,"href":"https:\/\/losperiodistas.com.mx\/portal\/wp-json\/wp\/v2\/media\/18760"}],"wp:attachment":[{"href":"https:\/\/losperiodistas.com.mx\/portal\/wp-json\/wp\/v2\/media?parent=18759"}],"wp:term":[{"taxonomy":"category","embeddable":true,"href":"https:\/\/losperiodistas.com.mx\/portal\/wp-json\/wp\/v2\/categories?post=18759"},{"taxonomy":"post_tag","embeddable":true,"href":"https:\/\/losperiodistas.com.mx\/portal\/wp-json\/wp\/v2\/tags?post=18759"}],"curies":[{"name":"wp","href":"https:\/\/api.w.org\/{rel}","templated":true}]}}