{"id":18753,"date":"2022-01-05T01:46:08","date_gmt":"2022-01-05T07:46:08","guid":{"rendered":"http:\/\/losperiodistas.com.mx\/portal\/?p=18753"},"modified":"2022-01-05T02:05:35","modified_gmt":"2022-01-05T08:05:35","slug":"marcelo-ebrard-es-el-mejor-evaluado-del-gabinete-el-financiero","status":"publish","type":"post","link":"https:\/\/losperiodistas.com.mx\/portal\/marcelo-ebrard-es-el-mejor-evaluado-del-gabinete-el-financiero\/","title":{"rendered":"Marcelo Ebrard es el mejor evaluado del gabinete | El Financiero"},"content":{"rendered":"\n<p style=\"font-size:18px\"><em>El canciller se ubica 10 puntos por arriba del 43 por ciento que obtienen, en promedio, los 18 titulares de las secretar\u00edas de Estado<\/em><\/p>\n\n\n\n<p><\/p>\n\n\n\n<figure class=\"wp-block-image size-large\"><img fetchpriority=\"high\" decoding=\"async\" width=\"800\" height=\"533\" src=\"https:\/\/losperiodistas.com.mx\/portal\/wp-content\/uploads\/2022\/01\/JARB2VB7E5GWHP3GCITRWVYA6I.jpeg\" alt=\"\" class=\"wp-image-18754\" srcset=\"https:\/\/losperiodistas.com.mx\/portal\/wp-content\/uploads\/2022\/01\/JARB2VB7E5GWHP3GCITRWVYA6I.jpeg 800w, https:\/\/losperiodistas.com.mx\/portal\/wp-content\/uploads\/2022\/01\/JARB2VB7E5GWHP3GCITRWVYA6I-300x200.jpeg 300w, https:\/\/losperiodistas.com.mx\/portal\/wp-content\/uploads\/2022\/01\/JARB2VB7E5GWHP3GCITRWVYA6I-768x512.jpeg 768w\" sizes=\"(max-width: 800px) 100vw, 800px\" \/><figcaption><strong>Marcelo Ebrard\u00a0<\/strong>Marcelo Ebrard, el secretario de estado mejor evaluado\u00a0(Presidencia.)<\/figcaption><\/figure>\n\n\n\n<p><\/p>\n\n\n\n<p class=\"has-vivid-cyan-blue-color has-text-color has-medium-font-size\">ALEJANDRO MORENO \/ EL FINANCIERO<\/p>\n\n\n\n<p>El secretario de Relaciones Exteriores, Marcelo&nbsp;<strong>Ebrard<\/strong>, destaca en la calificaci\u00f3n que la ciudadan\u00eda otorga a 18 titulares de secretar\u00edas de Estado del gobierno del presidente Andr\u00e9s Manuel L\u00f3pez Obrador por su labor, seg\u00fan revela una&nbsp;<strong>encuesta&nbsp;<\/strong>nacional de EL FINANCIERO.<\/p>\n\n\n\n<p>De acuerdo con el estudio,&nbsp;<strong>Ebrard&nbsp;<\/strong>obtiene 53 por ciento de&nbsp;<strong>opini\u00f3n favorable<\/strong>, 10 puntos por arriba del 43 por ciento que obtienen, en promedio, las y los 18 titulares de las secretar\u00edas de Estado.<\/p>\n\n\n\n<p><strong>Ebrard\u00a0<\/strong>es el \u00fanico que supera la marca de 50 por ciento de opiniones positivas a su trabajo. En segundo lugar, aparece el secretario de Marina, Jos\u00e9 Rafael Ojeda Dur\u00e1n, con 49 por ciento de opini\u00f3n favorable. Delfina G\u00f3mez, secretar\u00eda de Educaci\u00f3n, y Roc\u00edo Nahle, secretaria de Energ\u00eda, obtienen 48 y 47 por ciento de\u00a0<strong>opiniones favorables<\/strong>\u00a0a su trabajo, respectivamente, ubic\u00e1ndose en tercer y cuarto sitio. En el caso de G\u00f3mez, el 30 por ciento de los entrevistados dio una nota negativa a su trabajo, una de las m\u00e1s altas registradas por el sondeo.<\/p>\n\n\n\n<p><a href=\"https:\/\/www.elfinanciero.com.mx\/nacional\/2022\/01\/04\/cierra-amlo-el-2021-con-67-por-ciento-de-aprobacion\/\"><\/a><a href=\"https:\/\/www.elfinanciero.com.mx\/nacional\/2022\/01\/04\/cierra-amlo-el-2021-con-67-por-ciento-de-aprobacion\/\">AMLO registra en diciembre su mejor nivel de aprobaci\u00f3n del 2021<\/a><\/p>\n\n\n\n<hr class=\"wp-block-separator\"\/>\n\n\n\n<p>La titular de Econom\u00eda, Tatiana Clouthier, obtuvo 45 por ciento de opini\u00f3n favorable, mientras que Jorge Alcocer, en Salud, capt\u00f3 el 44 por ciento. Ligeramente por debajo de ellos aparecen dos secretarios con 42 por ciento de opini\u00f3n positiva: el titular de la Defensa Nacional, Luis Cresencio Sandoval, y el de Bienestar, Javier May Rodr\u00edguez.<\/p>\n\n\n\n<p>Con 41 por ciento de&nbsp;<strong>opini\u00f3n favorable<\/strong>&nbsp;a su trabajo empatan los titulares de siete secretar\u00edas: Alejandra Fraustro, en Cultura; Miguel Torruco, en Turismo; Luisa Mar\u00eda Alcalde, en Trabajo y Previsi\u00f3n Social; Jorge Arganis D\u00edaz Leal, en Comunicaciones y Transportes; Mar\u00eda Luisa Albores, en Medio Ambiente; Rogelio Ram\u00edrez de la O, en Hacienda, y Rosa Icela Rodr\u00edguez, en Seguridad y Protecci\u00f3n Ciudadana.<\/p>\n\n\n\n<p>Con el 40 por ciento de opiniones favorables aparecen Rom\u00e1n Meyer Falc\u00f3n, de Desarrollo Agrario, Territorial y Urbano; Ad\u00e1n Augusto L\u00f3pez, de Gobernaci\u00f3n, y V\u00edctor Villalobos, de Agricultura.<\/p>\n\n\n\n<p>Seg\u00fan el sondeo, todos los titulares de las secretar\u00edas de Estado obtienen m\u00e1s puntos a favor que en contra, promediando 43 por ciento de opini\u00f3n favorable, 26 por ciento de opini\u00f3n desfavorable, 10 por ciento de opiniones neutrales y 21 por ciento de desconocimiento.<\/p>\n\n\n\n<figure class=\"wp-block-image\"><img decoding=\"async\" src=\"https:\/\/www.elfinanciero.com.mx\/resizer\/yk-x6edIRvmZafTAal7WPhRP20o=\/1440x0\/filters:format(jpg):quality(70)\/cloudfront-us-east-1.images.arcpublishing.com\/elfinanciero\/VIFKRPTJ2JE2TCB2HRXOUVHVRI.jpg\" alt=\"\"\/><figcaption><strong>Encuesta Evaluaci\u00f3n Secretarios\u00a0<\/strong>Marcelo Ebrard es el secretario de estado mejor evaluado\u00a0(Especial)<\/figcaption><\/figure>\n\n\n\n<p>Fuente: https:\/\/www.elfinanciero.com.mx\/nacional\/2022\/01\/05\/ebrard-con-53-por-ciento-el-mejor-evaluado-del-gabinete\/<\/p>\n","protected":false},"excerpt":{"rendered":"<p>El canciller se ubica 10 puntos por arriba del 43 por ciento que obtienen, en promedio, los 18 titulares de [&hellip;]<\/p>\n","protected":false},"author":1,"featured_media":18754,"comment_status":"open","ping_status":"open","sticky":false,"template":"","format":"standard","meta":{"site-sidebar-layout":"default","site-content-layout":"","ast-site-content-layout":"default","site-content-style":"default","site-sidebar-style":"default","ast-global-header-display":"","ast-banner-title-visibility":"","ast-main-header-display":"","ast-hfb-above-header-display":"","ast-hfb-below-header-display":"","ast-hfb-mobile-header-display":"","site-post-title":"","ast-breadcrumbs-content":"","ast-featured-img":"","footer-sml-layout":"","theme-transparent-header-meta":"","adv-header-id-meta":"","stick-header-meta":"","header-above-stick-meta":"","header-main-stick-meta":"","header-below-stick-meta":"","astra-migrate-meta-layouts":"default","ast-page-background-enabled":"default","ast-page-background-meta":{"desktop":{"background-color":"var(--ast-global-color-4)","background-image":"","background-repeat":"repeat","background-position":"center center","background-size":"auto","background-attachment":"scroll","background-type":"","background-media":"","overlay-type":"","overlay-color":"","overlay-opacity":"","overlay-gradient":""},"tablet":{"background-color":"","background-image":"","background-repeat":"repeat","background-position":"center center","background-size":"auto","background-attachment":"scroll","background-type":"","background-media":"","overlay-type":"","overlay-color":"","overlay-opacity":"","overlay-gradient":""},"mobile":{"background-color":"","background-image":"","background-repeat":"repeat","background-position":"center center","background-size":"auto","background-attachment":"scroll","background-type":"","background-media":"","overlay-type":"","overlay-color":"","overlay-opacity":"","overlay-gradient":""}},"ast-content-background-meta":{"desktop":{"background-color":"var(--ast-global-color-5)","background-image":"","background-repeat":"repeat","background-position":"center center","background-size":"auto","background-attachment":"scroll","background-type":"","background-media":"","overlay-type":"","overlay-color":"","overlay-opacity":"","overlay-gradient":""},"tablet":{"background-color":"var(--ast-global-color-5)","background-image":"","background-repeat":"repeat","background-position":"center center","background-size":"auto","background-attachment":"scroll","background-type":"","background-media":"","overlay-type":"","overlay-color":"","overlay-opacity":"","overlay-gradient":""},"mobile":{"background-color":"var(--ast-global-color-5)","background-image":"","background-repeat":"repeat","background-position":"center center","background-size":"auto","background-attachment":"scroll","background-type":"","background-media":"","overlay-type":"","overlay-color":"","overlay-opacity":"","overlay-gradient":""}},"footnotes":""},"categories":[8],"tags":[6683,645,6684],"class_list":["post-18753","post","type-post","status-publish","format-standard","has-post-thumbnail","hentry","category-noticias","tag-evaluacion-gabinete","tag-marcelo-ebrard","tag-mexico-gobierno"],"_links":{"self":[{"href":"https:\/\/losperiodistas.com.mx\/portal\/wp-json\/wp\/v2\/posts\/18753","targetHints":{"allow":["GET"]}}],"collection":[{"href":"https:\/\/losperiodistas.com.mx\/portal\/wp-json\/wp\/v2\/posts"}],"about":[{"href":"https:\/\/losperiodistas.com.mx\/portal\/wp-json\/wp\/v2\/types\/post"}],"author":[{"embeddable":true,"href":"https:\/\/losperiodistas.com.mx\/portal\/wp-json\/wp\/v2\/users\/1"}],"replies":[{"embeddable":true,"href":"https:\/\/losperiodistas.com.mx\/portal\/wp-json\/wp\/v2\/comments?post=18753"}],"version-history":[{"count":1,"href":"https:\/\/losperiodistas.com.mx\/portal\/wp-json\/wp\/v2\/posts\/18753\/revisions"}],"predecessor-version":[{"id":18755,"href":"https:\/\/losperiodistas.com.mx\/portal\/wp-json\/wp\/v2\/posts\/18753\/revisions\/18755"}],"wp:featuredmedia":[{"embeddable":true,"href":"https:\/\/losperiodistas.com.mx\/portal\/wp-json\/wp\/v2\/media\/18754"}],"wp:attachment":[{"href":"https:\/\/losperiodistas.com.mx\/portal\/wp-json\/wp\/v2\/media?parent=18753"}],"wp:term":[{"taxonomy":"category","embeddable":true,"href":"https:\/\/losperiodistas.com.mx\/portal\/wp-json\/wp\/v2\/categories?post=18753"},{"taxonomy":"post_tag","embeddable":true,"href":"https:\/\/losperiodistas.com.mx\/portal\/wp-json\/wp\/v2\/tags?post=18753"}],"curies":[{"name":"wp","href":"https:\/\/api.w.org\/{rel}","templated":true}]}}