{"id":18750,"date":"2022-01-05T01:48:06","date_gmt":"2022-01-05T07:48:06","guid":{"rendered":"http:\/\/losperiodistas.com.mx\/portal\/?p=18750"},"modified":"2022-01-05T02:00:43","modified_gmt":"2022-01-05T08:00:43","slug":"eduardo-rivera-y-liliana-ortiz-encabezan-desfile-conmemorativo-de-dia-de-reyes","status":"publish","type":"post","link":"https:\/\/losperiodistas.com.mx\/portal\/eduardo-rivera-y-liliana-ortiz-encabezan-desfile-conmemorativo-de-dia-de-reyes\/","title":{"rendered":"Eduardo Rivera y Liliana Ortiz encabezan desfile conmemorativo de D\u00eda de Reyes"},"content":{"rendered":"\n<p style=\"font-size:18px\"><em>Una noche llena de magia y color se vivi\u00f3 en las calles de la ciudad, en compa\u00f1\u00eda de miles de asistentes<\/em><\/p>\n\n\n\n<p><\/p>\n\n\n\n<figure class=\"wp-block-image size-large\"><img fetchpriority=\"high\" decoding=\"async\" width=\"600\" height=\"400\" src=\"https:\/\/losperiodistas.com.mx\/portal\/wp-content\/uploads\/2022\/01\/c7c3db012701cc0706423520c706efbc_XL.jpeg\" alt=\"\" class=\"wp-image-18751\" srcset=\"https:\/\/losperiodistas.com.mx\/portal\/wp-content\/uploads\/2022\/01\/c7c3db012701cc0706423520c706efbc_XL.jpeg 600w, https:\/\/losperiodistas.com.mx\/portal\/wp-content\/uploads\/2022\/01\/c7c3db012701cc0706423520c706efbc_XL-300x200.jpeg 300w\" sizes=\"(max-width: 600px) 100vw, 600px\" \/><figcaption>Ayuntamiento de Puebla<\/figcaption><\/figure>\n\n\n\n<p><\/p>\n\n\n\n<p class=\"has-vivid-cyan-blue-color has-text-color has-medium-font-size\">REDACCI\u00d3N<\/p>\n\n\n\n<p>Eduardo Rivera P\u00e9rez, alcalde de la capital poblana, y Liliana Ortiz P\u00e9rez, Presidenta Honoraria del Sistema Municipal DIF (SMDIF) encabezaron el Desfile de D\u00eda de Reyes, celebraci\u00f3n que llev\u00f3 experiencias de j\u00fabilo y diversi\u00f3n a las familias asistentes.<\/p>\n\n\n\n<p>\u00abLas ni\u00f1as y los ni\u00f1os de Puebla son nuestra inspiraci\u00f3n, la raz\u00f3n de nuestro esfuerzo como padres de familia y tambi\u00e9n del Gobierno Municipal\u00bb, refiri\u00f3 Rivera P\u00e9rez tras reconocer el esfuerzo del SMDIF y Telcel por llenar de color las calles de la ciudad.<\/p>\n\n\n\n<p>En este desfile, Melchor, Gaspar y Baltasar convivieron con miles de asistentes, quienes disfrutaron de la m\u00fasica, coreograf\u00edas, espect\u00e1culos de fuegos pirot\u00e9cnicos y carros aleg\u00f3ricos.<\/p>\n\n\n\n<p>Eduardo Rivera y Liliana Ortiz junto con las ni\u00f1as y los ni\u00f1os depositaron su carta en el buz\u00f3n de los Reyes Magos, ubicado en el Parque Ju\u00e1rez.<\/p>\n\n\n\n<p>Con estas actividades, el Ayuntamiento de Puebla ratifica su compromiso por impulsar la integraci\u00f3n social, el disfrute en familia y el sano esparcimiento, especialmente, para que se comparta la magia de la temporada.<\/p>\n\n\n\n<p>Fuente: https:\/\/www.pueblacapital.gob.mx\/noticias\/noticias-destacadas\/item\/15613-eduardo-rivera-y-liliana-ortiz-encabezan-desfile-conmemorativo-de-dia-de-reyes<\/p>\n","protected":false},"excerpt":{"rendered":"<p>Una noche llena de magia y color se vivi\u00f3 en las calles de la ciudad, en compa\u00f1\u00eda de miles de [&hellip;]<\/p>\n","protected":false},"author":1,"featured_media":18751,"comment_status":"open","ping_status":"open","sticky":false,"template":"","format":"standard","meta":{"site-sidebar-layout":"default","site-content-layout":"","ast-site-content-layout":"default","site-content-style":"default","site-sidebar-style":"default","ast-global-header-display":"","ast-banner-title-visibility":"","ast-main-header-display":"","ast-hfb-above-header-display":"","ast-hfb-below-header-display":"","ast-hfb-mobile-header-display":"","site-post-title":"","ast-breadcrumbs-content":"","ast-featured-img":"","footer-sml-layout":"","theme-transparent-header-meta":"","adv-header-id-meta":"","stick-header-meta":"","header-above-stick-meta":"","header-main-stick-meta":"","header-below-stick-meta":"","astra-migrate-meta-layouts":"default","ast-page-background-enabled":"default","ast-page-background-meta":{"desktop":{"background-color":"var(--ast-global-color-4)","background-image":"","background-repeat":"repeat","background-position":"center center","background-size":"auto","background-attachment":"scroll","background-type":"","background-media":"","overlay-type":"","overlay-color":"","overlay-opacity":"","overlay-gradient":""},"tablet":{"background-color":"","background-image":"","background-repeat":"repeat","background-position":"center center","background-size":"auto","background-attachment":"scroll","background-type":"","background-media":"","overlay-type":"","overlay-color":"","overlay-opacity":"","overlay-gradient":""},"mobile":{"background-color":"","background-image":"","background-repeat":"repeat","background-position":"center center","background-size":"auto","background-attachment":"scroll","background-type":"","background-media":"","overlay-type":"","overlay-color":"","overlay-opacity":"","overlay-gradient":""}},"ast-content-background-meta":{"desktop":{"background-color":"var(--ast-global-color-5)","background-image":"","background-repeat":"repeat","background-position":"center center","background-size":"auto","background-attachment":"scroll","background-type":"","background-media":"","overlay-type":"","overlay-color":"","overlay-opacity":"","overlay-gradient":""},"tablet":{"background-color":"var(--ast-global-color-5)","background-image":"","background-repeat":"repeat","background-position":"center center","background-size":"auto","background-attachment":"scroll","background-type":"","background-media":"","overlay-type":"","overlay-color":"","overlay-opacity":"","overlay-gradient":""},"mobile":{"background-color":"var(--ast-global-color-5)","background-image":"","background-repeat":"repeat","background-position":"center center","background-size":"auto","background-attachment":"scroll","background-type":"","background-media":"","overlay-type":"","overlay-color":"","overlay-opacity":"","overlay-gradient":""}},"footnotes":""},"categories":[8],"tags":[6682,4041],"class_list":["post-18750","post","type-post","status-publish","format-standard","has-post-thumbnail","hentry","category-noticias","tag-desfile-de-reyes","tag-rivera-perez-eduardo"],"_links":{"self":[{"href":"https:\/\/losperiodistas.com.mx\/portal\/wp-json\/wp\/v2\/posts\/18750","targetHints":{"allow":["GET"]}}],"collection":[{"href":"https:\/\/losperiodistas.com.mx\/portal\/wp-json\/wp\/v2\/posts"}],"about":[{"href":"https:\/\/losperiodistas.com.mx\/portal\/wp-json\/wp\/v2\/types\/post"}],"author":[{"embeddable":true,"href":"https:\/\/losperiodistas.com.mx\/portal\/wp-json\/wp\/v2\/users\/1"}],"replies":[{"embeddable":true,"href":"https:\/\/losperiodistas.com.mx\/portal\/wp-json\/wp\/v2\/comments?post=18750"}],"version-history":[{"count":1,"href":"https:\/\/losperiodistas.com.mx\/portal\/wp-json\/wp\/v2\/posts\/18750\/revisions"}],"predecessor-version":[{"id":18752,"href":"https:\/\/losperiodistas.com.mx\/portal\/wp-json\/wp\/v2\/posts\/18750\/revisions\/18752"}],"wp:featuredmedia":[{"embeddable":true,"href":"https:\/\/losperiodistas.com.mx\/portal\/wp-json\/wp\/v2\/media\/18751"}],"wp:attachment":[{"href":"https:\/\/losperiodistas.com.mx\/portal\/wp-json\/wp\/v2\/media?parent=18750"}],"wp:term":[{"taxonomy":"category","embeddable":true,"href":"https:\/\/losperiodistas.com.mx\/portal\/wp-json\/wp\/v2\/categories?post=18750"},{"taxonomy":"post_tag","embeddable":true,"href":"https:\/\/losperiodistas.com.mx\/portal\/wp-json\/wp\/v2\/tags?post=18750"}],"curies":[{"name":"wp","href":"https:\/\/api.w.org\/{rel}","templated":true}]}}