{"id":18736,"date":"2022-01-04T19:16:53","date_gmt":"2022-01-05T01:16:53","guid":{"rendered":"http:\/\/losperiodistas.com.mx\/portal\/?p=18736"},"modified":"2022-01-04T19:16:57","modified_gmt":"2022-01-05T01:16:57","slug":"con-augusta-pan-no-es-oposicion-sino-comparsa-de-barbosa-huerta-e-consulta","status":"publish","type":"post","link":"https:\/\/losperiodistas.com.mx\/portal\/con-augusta-pan-no-es-oposicion-sino-comparsa-de-barbosa-huerta-e-consulta\/","title":{"rendered":"Con Augusta PAN no es oposici\u00f3n, sino comparsa de Barbosa: Huerta | E-Consulta"},"content":{"rendered":"\n<p style=\"font-size:18px\"><em>La expresidenta del PAN critic\u00f3 que la nueva dirigencia no tiene estrategia pol\u00edtica ni un proyecto para 2024<\/em><\/p>\n\n\n\n<p><\/p>\n\n\n\n<figure class=\"wp-block-image size-large\"><img fetchpriority=\"high\" decoding=\"async\" width=\"1024\" height=\"673\" src=\"https:\/\/losperiodistas.com.mx\/portal\/wp-content\/uploads\/2022\/01\/Captura-de-Pantalla-2022-01-04-a-las-19.12.10-1024x673.png\" alt=\"\" class=\"wp-image-18737\" srcset=\"https:\/\/losperiodistas.com.mx\/portal\/wp-content\/uploads\/2022\/01\/Captura-de-Pantalla-2022-01-04-a-las-19.12.10-1024x673.png 1024w, https:\/\/losperiodistas.com.mx\/portal\/wp-content\/uploads\/2022\/01\/Captura-de-Pantalla-2022-01-04-a-las-19.12.10-300x197.png 300w, https:\/\/losperiodistas.com.mx\/portal\/wp-content\/uploads\/2022\/01\/Captura-de-Pantalla-2022-01-04-a-las-19.12.10-768x505.png 768w, https:\/\/losperiodistas.com.mx\/portal\/wp-content\/uploads\/2022\/01\/Captura-de-Pantalla-2022-01-04-a-las-19.12.10.png 1168w\" sizes=\"(max-width: 1024px) 100vw, 1024px\" \/><figcaption>Foto \/ Agencia Enfoque<br><\/figcaption><\/figure>\n\n\n\n<p class=\"has-vivid-cyan-blue-color has-text-color has-medium-font-size\">MARIANA SALINAS \/ E-CONSULTA<\/p>\n\n\n\n<p>La exdirigente estatal de Partido Acci\u00f3n Nacional (PAN) en Puebla,&nbsp;<strong>Genoveva Huerta Villegas<\/strong>, advirti\u00f3 que con la llegada de&nbsp;<strong>Augusta D\u00edaz de Rivera<\/strong>&nbsp;a la dirigencia se ha olvidado el papel de oposici\u00f3n y ahora el partido es \u201ccomparsa\u201d del gobernador&nbsp;<strong>Luis Miguel Barbosa Huerta<\/strong>, por lo que reiter\u00f3 que contin\u00faa su plan de&nbsp;<strong>anular los resultados de la contienda<\/strong>&nbsp;interna donde perdi\u00f3 la reelecci\u00f3n.<\/p>\n\n\n\n<p>\u201cTenemos que ser oposici\u00f3n, pero hoy lamentablemente son comparsa del gobierno del estado\u201d, sentenci\u00f3 en entrevista con&nbsp;<strong>e-consulta<\/strong>, al se\u00f1alar que el alcalde de Puebla,&nbsp;<strong>Eduardo Rivera P\u00e9rez,<\/strong>&nbsp;tambi\u00e9n tiene afinidad con el mandatario morenista.<\/p>\n\n\n\n<p>Aunque hace unos d\u00edas la nueva dirigente anunci\u00f3 mesas de trabajo con presidentes municipales y diputados locales, Huerta Villegas asegur\u00f3 que \u00fanicamente se busca&nbsp;<strong>limar asperezas<\/strong>&nbsp;luego de que&nbsp;<strong>fallaron los acuerdos pol\u00edticos<\/strong>&nbsp;para lograr el cobro de Derecho de Alumbrado P\u00fablico (DAP) en Puebla, San Andr\u00e9s y San Pedro Cholula.<\/p>\n\n\n\n<p>El pasado 28 de diciembre Rivera P\u00e9rez conden\u00f3 la postura de legisladores panistas que&nbsp;<strong>votaron en contra del cobro de alumbrado<\/strong>&nbsp;en los tres municipios gobernados por alcaldes del PAN.<\/p>\n\n\n\n<p>Seis de los nueve integrantes de la bancada en el Congreso de Puebla votaron en contra, mientras que solo&nbsp;<strong>Eduardo Alc\u00e1ntara Montiel, Oswaldo Jim\u00e9nez y Karla Rodr\u00edguez Palacios<\/strong>&nbsp;emitieron su voto a favor de permitir la recaudaci\u00f3n en 144 municipios.<\/p>\n\n\n\n<p><strong>Insistir\u00e1 en anulaci\u00f3n<\/strong><\/p>\n\n\n\n<p>Por lo anterior Huerta Villegas advirti\u00f3 que contin\u00faan sus&nbsp;<strong>impugnaciones contra el proceso interno<\/strong>&nbsp;de 2021, en donde se renov\u00f3 el Comit\u00e9 Directivo Estatal (CDE) y gan\u00f3 la f\u00f3rmula formada por D\u00edaz de Rivera Hern\u00e1ndez y&nbsp;<strong>Marcos Castro Mart\u00ednez<\/strong>.<\/p>\n\n\n\n<p>\u201cS\u00ed, va a ser un tema que ser\u00e1 llevado por la v\u00eda jur\u00eddica, quienes se hacen cargo son los abogados y llevar\u00e1n todo esto\u201d, se\u00f1al\u00f3 la tambi\u00e9n diputada federal.<\/p>\n\n\n\n<p>Reiter\u00f3 que entre las inconsistencias que identificaron ella y su equipo, destaca el&nbsp;<strong>uso de documentos con firmas falsas<\/strong>, as\u00ed como la&nbsp;<strong>compra de \u201cconciencias\u201d<\/strong>&nbsp;de algunos integrantes de la Comisi\u00f3n Organizadora Estatal (COE).<\/p>\n\n\n\n<p>Tambi\u00e9n reiter\u00f3 que operadores pol\u00edticos que&nbsp;<strong>ahora trabajan en el ayuntamiento de Puebla apoyaron a D\u00edaz de Rivera<\/strong>&nbsp;durante la jornada electoral del pasado 14 de noviembre de 2021.<\/p>\n\n\n\n<p>Por ello confi\u00f3 en que los elementos jur\u00eddicos sean suficientes\u00a0<strong>para anular la elecci\u00f3n<\/strong>. Mientras tanto, dijo que\u00a0<strong>mantendr\u00e1 su trabajo pol\u00edtico<\/strong>\u00a0con militantes de la Sierra Nororiental del Estado, ya que esta semana se reuni\u00f3 con grupos panistas de Hueytamalco, San Baltazar Campeche y Santa Mar\u00eda Xonacatepec.<\/p>\n\n\n\n<figure class=\"wp-block-embed is-type-rich is-provider-twitter wp-block-embed-twitter\"><div class=\"wp-block-embed__wrapper\">\nhttps:\/\/twitter.com\/oswaldojimenezl\/status\/1478472203184357385?ref_src=twsrc%5Etfw%7Ctwcamp%5Etweetembed%7Ctwterm%5E1478472203184357385%7Ctwgr%5E%7Ctwcon%5Es1_c10&#038;ref_url=https%3A%2F%2Fwww.e-consulta.com%2Fnota%2F2022-01-04%2Fpolitica%2Fcon-augusta-pan-no-es-oposicion-sino-comparsa-de-barbosa-huerta\n<\/div><\/figure>\n\n\n\n<p>Fuente: https:\/\/www.e-consulta.com\/nota\/2022-01-04\/politica\/con-augusta-pan-no-es-oposicion-sino-comparsa-de-barbosa-huerta<\/p>\n","protected":false},"excerpt":{"rendered":"<p>La expresidenta del PAN critic\u00f3 que la nueva dirigencia no tiene estrategia pol\u00edtica ni un proyecto para 2024 MARIANA SALINAS [&hellip;]<\/p>\n","protected":false},"author":1,"featured_media":18737,"comment_status":"open","ping_status":"open","sticky":false,"template":"","format":"standard","meta":{"site-sidebar-layout":"default","site-content-layout":"","ast-site-content-layout":"default","site-content-style":"default","site-sidebar-style":"default","ast-global-header-display":"","ast-banner-title-visibility":"","ast-main-header-display":"","ast-hfb-above-header-display":"","ast-hfb-below-header-display":"","ast-hfb-mobile-header-display":"","site-post-title":"","ast-breadcrumbs-content":"","ast-featured-img":"","footer-sml-layout":"","theme-transparent-header-meta":"","adv-header-id-meta":"","stick-header-meta":"","header-above-stick-meta":"","header-main-stick-meta":"","header-below-stick-meta":"","astra-migrate-meta-layouts":"default","ast-page-background-enabled":"default","ast-page-background-meta":{"desktop":{"background-color":"var(--ast-global-color-4)","background-image":"","background-repeat":"repeat","background-position":"center center","background-size":"auto","background-attachment":"scroll","background-type":"","background-media":"","overlay-type":"","overlay-color":"","overlay-opacity":"","overlay-gradient":""},"tablet":{"background-color":"","background-image":"","background-repeat":"repeat","background-position":"center center","background-size":"auto","background-attachment":"scroll","background-type":"","background-media":"","overlay-type":"","overlay-color":"","overlay-opacity":"","overlay-gradient":""},"mobile":{"background-color":"","background-image":"","background-repeat":"repeat","background-position":"center center","background-size":"auto","background-attachment":"scroll","background-type":"","background-media":"","overlay-type":"","overlay-color":"","overlay-opacity":"","overlay-gradient":""}},"ast-content-background-meta":{"desktop":{"background-color":"var(--ast-global-color-5)","background-image":"","background-repeat":"repeat","background-position":"center center","background-size":"auto","background-attachment":"scroll","background-type":"","background-media":"","overlay-type":"","overlay-color":"","overlay-opacity":"","overlay-gradient":""},"tablet":{"background-color":"var(--ast-global-color-5)","background-image":"","background-repeat":"repeat","background-position":"center center","background-size":"auto","background-attachment":"scroll","background-type":"","background-media":"","overlay-type":"","overlay-color":"","overlay-opacity":"","overlay-gradient":""},"mobile":{"background-color":"var(--ast-global-color-5)","background-image":"","background-repeat":"repeat","background-position":"center center","background-size":"auto","background-attachment":"scroll","background-type":"","background-media":"","overlay-type":"","overlay-color":"","overlay-opacity":"","overlay-gradient":""}},"footnotes":""},"categories":[8],"tags":[4659,6677,2331,4041],"class_list":["post-18736","post","type-post","status-publish","format-standard","has-post-thumbnail","hentry","category-noticias","tag-eduardo-alcantara-montiel","tag-genoveva-huerta-villegas","tag-pan-puebla","tag-rivera-perez-eduardo"],"_links":{"self":[{"href":"https:\/\/losperiodistas.com.mx\/portal\/wp-json\/wp\/v2\/posts\/18736","targetHints":{"allow":["GET"]}}],"collection":[{"href":"https:\/\/losperiodistas.com.mx\/portal\/wp-json\/wp\/v2\/posts"}],"about":[{"href":"https:\/\/losperiodistas.com.mx\/portal\/wp-json\/wp\/v2\/types\/post"}],"author":[{"embeddable":true,"href":"https:\/\/losperiodistas.com.mx\/portal\/wp-json\/wp\/v2\/users\/1"}],"replies":[{"embeddable":true,"href":"https:\/\/losperiodistas.com.mx\/portal\/wp-json\/wp\/v2\/comments?post=18736"}],"version-history":[{"count":1,"href":"https:\/\/losperiodistas.com.mx\/portal\/wp-json\/wp\/v2\/posts\/18736\/revisions"}],"predecessor-version":[{"id":18738,"href":"https:\/\/losperiodistas.com.mx\/portal\/wp-json\/wp\/v2\/posts\/18736\/revisions\/18738"}],"wp:featuredmedia":[{"embeddable":true,"href":"https:\/\/losperiodistas.com.mx\/portal\/wp-json\/wp\/v2\/media\/18737"}],"wp:attachment":[{"href":"https:\/\/losperiodistas.com.mx\/portal\/wp-json\/wp\/v2\/media?parent=18736"}],"wp:term":[{"taxonomy":"category","embeddable":true,"href":"https:\/\/losperiodistas.com.mx\/portal\/wp-json\/wp\/v2\/categories?post=18736"},{"taxonomy":"post_tag","embeddable":true,"href":"https:\/\/losperiodistas.com.mx\/portal\/wp-json\/wp\/v2\/tags?post=18736"}],"curies":[{"name":"wp","href":"https:\/\/api.w.org\/{rel}","templated":true}]}}