{"id":18723,"date":"2022-01-04T08:40:45","date_gmt":"2022-01-04T14:40:45","guid":{"rendered":"http:\/\/losperiodistas.com.mx\/portal\/?p=18723"},"modified":"2022-01-04T08:40:47","modified_gmt":"2022-01-04T14:40:47","slug":"el-fanatismo-y-dogmatismo-obnubila-amlo-critica-rechazo-a-la-vacuna-cubana-abdala-sputnik","status":"publish","type":"post","link":"https:\/\/losperiodistas.com.mx\/portal\/el-fanatismo-y-dogmatismo-obnubila-amlo-critica-rechazo-a-la-vacuna-cubana-abdala-sputnik\/","title":{"rendered":"\u00abEl fanatismo y dogmatismo obnubila\u00bb: AMLO critica rechazo a la vacuna cubana Abdala | Sputnik"},"content":{"rendered":"\n<figure class=\"wp-block-image size-large\"><img fetchpriority=\"high\" decoding=\"async\" width=\"1024\" height=\"581\" src=\"https:\/\/losperiodistas.com.mx\/portal\/wp-content\/uploads\/2022\/01\/Captura-de-Pantalla-2022-01-04-a-las-8.33.54-1024x581.png\" alt=\"\" class=\"wp-image-18724\" srcset=\"https:\/\/losperiodistas.com.mx\/portal\/wp-content\/uploads\/2022\/01\/Captura-de-Pantalla-2022-01-04-a-las-8.33.54-1024x581.png 1024w, https:\/\/losperiodistas.com.mx\/portal\/wp-content\/uploads\/2022\/01\/Captura-de-Pantalla-2022-01-04-a-las-8.33.54-300x170.png 300w, https:\/\/losperiodistas.com.mx\/portal\/wp-content\/uploads\/2022\/01\/Captura-de-Pantalla-2022-01-04-a-las-8.33.54-768x436.png 768w, https:\/\/losperiodistas.com.mx\/portal\/wp-content\/uploads\/2022\/01\/Captura-de-Pantalla-2022-01-04-a-las-8.33.54.png 1192w\" sizes=\"(max-width: 1024px) 100vw, 1024px\" \/><figcaption>\u00a9 Foto : Cortes\u00eda de la Presidencia de M\u00e9xico<\/figcaption><\/figure>\n\n\n\n<p><\/p>\n\n\n\n<p class=\"has-vivid-cyan-blue-color has-text-color has-medium-font-size\">SPUTNIK<\/p>\n\n\n\n<p>El presidente de M\u00e9xico, Andr\u00e9s Manuel L\u00f3pez Obrador, asever\u00f3 que la aprobaci\u00f3n de la vacuna de origen cubano en el pa\u00eds se hizo con base en datos cient\u00edficos.<\/p>\n\n\n\n<p>\u00abEl fanatismo, el dogmatismo, obnubila. Hace falta ser m\u00e1s sencillos para que podamos actuar a trav\u00e9s del juicio pr\u00e1ctico\u00bb, sentenci\u00f3 el mandatario mexicano al criticar los\u00a0<a href=\"https:\/\/mundo.sputniknews.com\/20211231\/los-polemicos-comentarios-que-desato-la-aprobacion-de-la-vacuna-cubana-abdala-en-mexico-1119914153.html\" target=\"_blank\" rel=\"noreferrer noopener\">comentarios de rechazo hacia la vacuna cubana Abdala<\/a>\u00a0tras su aprobaci\u00f3n de uso de emergencia en M\u00e9xico.<\/p>\n\n\n\n<p>L\u00f3pez Obrador record\u00f3 que incluso hubo personas quienes se\u00f1alaron que prefer\u00edan inyectarse \u00e1cido muri\u00e1tico que vacunarse con la dosis Abdala.<\/p>\n\n\n\n<figure class=\"wp-block-pullquote\"><blockquote><p>\u00abNo, no, no, un dogmatismo cuando es la salud, eso debe estar por encima de cualquier ideolog\u00eda; adem\u00e1s de trata de procesos de investigaci\u00f3n serios\u00bb, dijo.<\/p><\/blockquote><\/figure>\n\n\n\n<p>El mandatario mexicano record\u00f3 que\u00a0<a href=\"https:\/\/mundo.sputniknews.com\/20211230\/cuba-celebra-aprobacion-de-uso-de-emergencia-de-vacuna-abdala-en-mexico-1119899608.html\" target=\"_blank\" rel=\"noreferrer noopener\">Cuba<\/a>\u00a0tiene altos niveles de calidad en la formaci\u00f3n m\u00e9dica y de investigaci\u00f3n.<\/p>\n\n\n\n<p>\u00abTienen calidad en lo que se relaciona con la medicina, adem\u00e1s la Cofepris es una instituci\u00f3n dirigida por cient\u00edficos serios, responsables\u00bb, asever\u00f3. <\/p>\n\n\n\n<p><a href=\"https:\/\/mundo.sputniknews.com\/20211231\/los-polemicos-comentarios-que-desato-la-aprobacion-de-la-vacuna-cubana-abdala-en-mexico-1119914153.html\"><\/a><a href=\"https:\/\/mundo.sputniknews.com\/america-latina\/\">Am\u00e9rica Latina<\/a><a href=\"https:\/\/mundo.sputniknews.com\/20211231\/los-polemicos-comentarios-que-desato-la-aprobacion-de-la-vacuna-cubana-abdala-en-mexico-1119914153.html\"> Los pol\u00e9micos comentarios que desat\u00f3 la aprobaci\u00f3n de la vacuna cubana Abdala en M\u00e9xico<\/a> <\/p>\n\n\n\n<p>Fuente: https:\/\/mundo.sputniknews.com\/20220104\/el-fanatismo-y-dogmatismo-obnubila-amlo-critica-rechazo-a-la-vacuna-cubana-abdala-1119990072.html<\/p>\n","protected":false},"excerpt":{"rendered":"<p>SPUTNIK El presidente de M\u00e9xico, Andr\u00e9s Manuel L\u00f3pez Obrador, asever\u00f3 que la aprobaci\u00f3n de la vacuna de origen cubano en [&hellip;]<\/p>\n","protected":false},"author":1,"featured_media":18724,"comment_status":"open","ping_status":"open","sticky":false,"template":"","format":"standard","meta":{"site-sidebar-layout":"default","site-content-layout":"","ast-site-content-layout":"default","site-content-style":"default","site-sidebar-style":"default","ast-global-header-display":"","ast-banner-title-visibility":"","ast-main-header-display":"","ast-hfb-above-header-display":"","ast-hfb-below-header-display":"","ast-hfb-mobile-header-display":"","site-post-title":"","ast-breadcrumbs-content":"","ast-featured-img":"","footer-sml-layout":"","theme-transparent-header-meta":"","adv-header-id-meta":"","stick-header-meta":"","header-above-stick-meta":"","header-main-stick-meta":"","header-below-stick-meta":"","astra-migrate-meta-layouts":"default","ast-page-background-enabled":"default","ast-page-background-meta":{"desktop":{"background-color":"var(--ast-global-color-4)","background-image":"","background-repeat":"repeat","background-position":"center center","background-size":"auto","background-attachment":"scroll","background-type":"","background-media":"","overlay-type":"","overlay-color":"","overlay-opacity":"","overlay-gradient":""},"tablet":{"background-color":"","background-image":"","background-repeat":"repeat","background-position":"center center","background-size":"auto","background-attachment":"scroll","background-type":"","background-media":"","overlay-type":"","overlay-color":"","overlay-opacity":"","overlay-gradient":""},"mobile":{"background-color":"","background-image":"","background-repeat":"repeat","background-position":"center center","background-size":"auto","background-attachment":"scroll","background-type":"","background-media":"","overlay-type":"","overlay-color":"","overlay-opacity":"","overlay-gradient":""}},"ast-content-background-meta":{"desktop":{"background-color":"var(--ast-global-color-5)","background-image":"","background-repeat":"repeat","background-position":"center center","background-size":"auto","background-attachment":"scroll","background-type":"","background-media":"","overlay-type":"","overlay-color":"","overlay-opacity":"","overlay-gradient":""},"tablet":{"background-color":"var(--ast-global-color-5)","background-image":"","background-repeat":"repeat","background-position":"center center","background-size":"auto","background-attachment":"scroll","background-type":"","background-media":"","overlay-type":"","overlay-color":"","overlay-opacity":"","overlay-gradient":""},"mobile":{"background-color":"var(--ast-global-color-5)","background-image":"","background-repeat":"repeat","background-position":"center center","background-size":"auto","background-attachment":"scroll","background-type":"","background-media":"","overlay-type":"","overlay-color":"","overlay-opacity":"","overlay-gradient":""}},"footnotes":""},"categories":[8],"tags":[199,6671],"class_list":["post-18723","post","type-post","status-publish","format-standard","has-post-thumbnail","hentry","category-noticias","tag-amlo","tag-vacuna-abdala"],"_links":{"self":[{"href":"https:\/\/losperiodistas.com.mx\/portal\/wp-json\/wp\/v2\/posts\/18723","targetHints":{"allow":["GET"]}}],"collection":[{"href":"https:\/\/losperiodistas.com.mx\/portal\/wp-json\/wp\/v2\/posts"}],"about":[{"href":"https:\/\/losperiodistas.com.mx\/portal\/wp-json\/wp\/v2\/types\/post"}],"author":[{"embeddable":true,"href":"https:\/\/losperiodistas.com.mx\/portal\/wp-json\/wp\/v2\/users\/1"}],"replies":[{"embeddable":true,"href":"https:\/\/losperiodistas.com.mx\/portal\/wp-json\/wp\/v2\/comments?post=18723"}],"version-history":[{"count":1,"href":"https:\/\/losperiodistas.com.mx\/portal\/wp-json\/wp\/v2\/posts\/18723\/revisions"}],"predecessor-version":[{"id":18725,"href":"https:\/\/losperiodistas.com.mx\/portal\/wp-json\/wp\/v2\/posts\/18723\/revisions\/18725"}],"wp:featuredmedia":[{"embeddable":true,"href":"https:\/\/losperiodistas.com.mx\/portal\/wp-json\/wp\/v2\/media\/18724"}],"wp:attachment":[{"href":"https:\/\/losperiodistas.com.mx\/portal\/wp-json\/wp\/v2\/media?parent=18723"}],"wp:term":[{"taxonomy":"category","embeddable":true,"href":"https:\/\/losperiodistas.com.mx\/portal\/wp-json\/wp\/v2\/categories?post=18723"},{"taxonomy":"post_tag","embeddable":true,"href":"https:\/\/losperiodistas.com.mx\/portal\/wp-json\/wp\/v2\/tags?post=18723"}],"curies":[{"name":"wp","href":"https:\/\/api.w.org\/{rel}","templated":true}]}}