{"id":18720,"date":"2022-01-04T08:19:02","date_gmt":"2022-01-04T14:19:02","guid":{"rendered":"http:\/\/losperiodistas.com.mx\/portal\/?p=18720"},"modified":"2022-01-04T08:19:04","modified_gmt":"2022-01-04T14:19:04","slug":"el-perro-como-terrible-arma-de-combate-asi-surgio-el-dogo-espanol-la-razon","status":"publish","type":"post","link":"https:\/\/losperiodistas.com.mx\/portal\/el-perro-como-terrible-arma-de-combate-asi-surgio-el-dogo-espanol-la-razon\/","title":{"rendered":"El perro como terrible arma de combate: as\u00ed surgi\u00f3 el dogo espa\u00f1ol | La Raz\u00f3n"},"content":{"rendered":"\n<p style=\"font-size:18px\"><em>Fueron parte de la milicia de romanos, visigodos, alanos y celtas en la Pen\u00ednsula Ib\u00e9rica, y, a trav\u00e9s de los siglos, clave en la Conquista de Am\u00e9rica: el dogo infund\u00eda terror y desmembraba enemigos<\/em><\/p>\n\n\n\n<p><\/p>\n\n\n\n<figure class=\"wp-block-image size-large\"><img fetchpriority=\"high\" decoding=\"async\" width=\"1024\" height=\"694\" src=\"https:\/\/losperiodistas.com.mx\/portal\/wp-content\/uploads\/2022\/01\/Captura-de-Pantalla-2022-01-04-a-las-8.15.35-1024x694.png\" alt=\"\" class=\"wp-image-18721\" srcset=\"https:\/\/losperiodistas.com.mx\/portal\/wp-content\/uploads\/2022\/01\/Captura-de-Pantalla-2022-01-04-a-las-8.15.35-1024x694.png 1024w, https:\/\/losperiodistas.com.mx\/portal\/wp-content\/uploads\/2022\/01\/Captura-de-Pantalla-2022-01-04-a-las-8.15.35-300x203.png 300w, https:\/\/losperiodistas.com.mx\/portal\/wp-content\/uploads\/2022\/01\/Captura-de-Pantalla-2022-01-04-a-las-8.15.35-768x521.png 768w, https:\/\/losperiodistas.com.mx\/portal\/wp-content\/uploads\/2022\/01\/Captura-de-Pantalla-2022-01-04-a-las-8.15.35.png 1180w\" sizes=\"(max-width: 1024px) 100vw, 1024px\" \/><figcaption><strong>Grabado que representa a soldados espa\u00f1oles en la Conquista de Am\u00e9rica, quienes suplieron su falta de efectivos con perros de combate<\/strong> ARCHIVO<\/figcaption><\/figure>\n\n\n\n<p><\/p>\n\n\n\n<p class=\"has-vivid-cyan-blue-color has-text-color has-medium-font-size\">JUAN CARLOS SEGURA JUST \/ LA RAZ\u00d3N<\/p>\n\n\n\n<p>Desde que hace 30.000 a\u00f1os el hombre domestic\u00f3 a los lobos convirti\u00e9ndolos en animales dom\u00e9sticos, comprob\u00f3 que por su instinto depredador eran muy \u00fatiles para la caza. En ese momento, el ser humano se apercibi\u00f3 que si los lobos-perros serv\u00edan para atacar a bisontes y venados, tambi\u00e9n pod\u00edan servir para atacar a otros hombres enemigos, y<strong>&nbsp;fue aqu\u00ed donde se origin\u00f3 el perro de guerra.<\/strong>&nbsp;Algo muy similar ocurri\u00f3 con los caballos que al ser domados, al margen de las tareas de agr\u00edcolas con el arado y su capacidad de llevar carga, se utilizaron en la guerra porque adem\u00e1s de su gran movilidad y rapidez, daban al jinete una superioridad sobre el guerrero que iba a pie.&nbsp;<strong>Pero la diferencia entre ambos es que el caballo no ten\u00eda capacidad por s\u00ed mismo de matar a enemigos, porque lo hac\u00eda el jinete<\/strong>, mientras que&nbsp;<a href=\"https:\/\/www.larazon.es\/historico\/5927-el-perro-de-la-guerra-de-los-navy-seals-que-participo-en-la-captura-de-ben-laden-PLLA_RAZON_377240\/\">los perros de guerra<\/a>&nbsp;ten\u00edan capacidad propia para derribar a un adversario y provocarle la muerte.<\/p>\n\n\n\n<p><strong>Perros y caballos combatieron juntos en los campos de batalla desde la antig\u00fcedad.&nbsp;<\/strong>Pueblos como los sumerios, los asirios, los babilonios o los persas los usaron profusamente.<a href=\"https:\/\/www.larazon.es\/lujo\/20210107\/rji43cs46zfwll6z35zoa7ltea.html\">&nbsp;Arist\u00f3teles describi\u00f3 su morfolog\u00eda<\/a>&nbsp;y en aquella \u00e9poca los griegos los denominaron \u00abmolosos\u00bb porque fueron introducidos por Molosia, una regi\u00f3n al nordeste de Grecia.&nbsp;<strong>Adem\u00e1s, el dominio sobre los animales por mujeres, ya fuese como due\u00f1as o amazonas, las equiparaba en estatus a los hombres en su comunidad.<\/strong>&nbsp;Cuando una mujer, como por ejemplo,&nbsp;<a href=\"https:\/\/www.larazon.es\/historico\/9332-juana-de-arco-seis-siglos-de-mito-PLLA_RAZON_424766\/\">Juana de Arco<\/a>, o nuestra&nbsp;<a href=\"https:\/\/www.larazon.es\/cultura\/20201013\/aqd3t7vjofdwlh2q6jkszubt2q.html\">Catalina de Erauso \u2013la monja alf\u00e9rez\u2013<\/a>&nbsp;se ce\u00f1\u00eda la armadura y combat\u00eda a caballo, autom\u00e1ticamente&nbsp;<strong>se la consideraba un camarada de armas y era tratada como cualquier otro militar masculino.<\/strong><\/p>\n\n\n\n<p>Los&nbsp;<a href=\"https:\/\/www.larazon.es\/cultura\/historia\/20211213\/5e2ak2nvvnh4jii66gxe7t2624.html\">celtas&nbsp;<\/a>para compensar su oligantrop\u00eda o falta de hombres para la guerra (porque sus comunidades sociales no eran muy numerosas, comparadas por ejemplo con las de<a href=\"https:\/\/www.larazon.es\/cultura\/los-forjadores-de-la-primera-espana-CP25192088\/\">&nbsp;las legiones romanas<\/a>), llevaban a la guerra a los esclavos y a las mujeres. Para los esclavos bastaba con darles un escudo y una arma blanca, pero las mujeres eran m\u00e1s d\u00e9biles y<strong>&nbsp;por ello para compensarlo iban a la guerra con una espada o una lanza en la mano derecha, mientras que con la izquierda as\u00edan una correa con un perro de guerra.<\/strong><\/p>\n\n\n\n<h3 class=\"wp-block-heading\">El origen romano<\/h3>\n\n\n\n<p>En todas las sociedades en las que las mujeres han participado en la guerra combatiendo en defensa de la comunidad, han sido consideradas como iguales ante los hombres. La \u00fanica excepci\u00f3n la podr\u00edamos encontrar en la sociedad espartana, en la que la mujer no combat\u00eda, pero se consideraba que con el alumbramiento pod\u00eda aportar a la comunidad nuevos guerreros, y por ello<a href=\"https:\/\/www.larazon.es\/cultura\/escitia-el-pais-donde-mandaban-las-mujeres-CJ17870112\/\">&nbsp;las mujeres espartanas ten\u00edan m\u00e1s m\u00e1s derechos<\/a>&nbsp;y libertades que las mujeres atenienses o el resto de griegas. En cambio, las mujeres celtas a diferencia de&nbsp;<a href=\"https:\/\/www.larazon.es\/cultura\/los-iberos-y-su-extrema-violencia-MA24608400\/\">las \u00edberas, estaban totalmente equiparadas a los hombres<\/a>. En la batalla de Vercelas en el 101 a.C. un contingente de mujeres celtas c\u00edmbrias con sus perros, derrot\u00f3 a una unidad romana.&nbsp;<strong>Desde aquel momento, el c\u00f3nsul Cayo Mario que fue el gran reformador del ej\u00e9rcito romano<\/strong>&nbsp;y<a href=\"https:\/\/www.larazon.es\/cultura\/20210222\/7t55piwqijdptfiptohvdomybm.html\">&nbsp;creador de las legiones<\/a>&nbsp;como las conocemos hoy en d\u00eda, incorpor\u00f3 a los perros de guerra en sus ej\u00e9rcitos, que fueron denominados \u00abcanis pugnax\u00bb o perro de lucha, cuyos cuidados con los de los caballos quedaron a cargo del \u00abpecuari\u00bb o veterinario.<\/p>\n\n\n\n<p>Tras la ca\u00edda del imperio romano y<a href=\"https:\/\/www.larazon.es\/cultura\/20201221\/teee5tmpijftdnfi3uocist3vy.html\">&nbsp;la irrupci\u00f3n de los alanos en Hispania<\/a>,&nbsp;<strong>este pueblo emparentado con los s\u00e1rmatas, adem\u00e1s de una excelente caballer\u00eda, tra\u00edan consigo unos perros de guerra de origen moloso<\/strong>. Ambas especies eran fundamentales para estos pueblos orientales y germ\u00e1nicos migrantes que se desplazaban con sus familias, enseres y ganado. Cuando avistaban al enemigo, los hombres con sus caballos se dirig\u00edan a su encuentro, dejando los carros, las familias y los animales, incluidos los perros de guerra, con un ret\u00e9n de guerreros para protegerlos.<strong>&nbsp;Si las circunstancias lo requer\u00edan, los perros pasaban a la vanguardia del ej\u00e9rcito<\/strong>.<\/p>\n\n\n\n<p>Cuando<a href=\"https:\/\/www.larazon.es\/cultura\/20200706\/hacfegrscvb4jmxes5yvpafgbq.html\">&nbsp;los visigodos expulsaron a los v\u00e1ndalos<\/a>&nbsp;y a los alanos de la Pen\u00ednsula Ib\u00e9rica, los primeros no ten\u00edan perros de combate pero adoptaron los canes de los alanos a los que dieron su apelativo \u00abalano\u00bb, que utilizaron profusamente en la caza y en la guerra como hab\u00edan hecho sus anteriores amos.&nbsp;<strong>Algunos de estos perros alanos acabaron mestiz\u00e1ndose con los canis pugnax que hab\u00edan dejado los romanos, originando una nueva raza, ligeramente m\u00e1s grande, que hoy se denomina dogo espa\u00f1ol.<\/strong><\/p>\n\n\n\n<p>Dogos y alanos fueron utilizados durante<a href=\"https:\/\/www.larazon.es\/cultura\/poitiers-la-batalla-que-freno-al-islam-OO25097832\/\">&nbsp;la Reconquista contra los sarracenos<\/a>, porque la Iglesia prohib\u00eda el uso de perros en las guerras entre los reinos cristianos, porque la muerte causada por las mordeduras de un perro&nbsp;<strong>se consideraba una muerte infamante no digna para un cristiano. No as\u00ed para los infieles<\/strong>. Pero fue en la conquista de Am\u00e9rica cuando se utiliz\u00f3 con gran intensidad el arma canina, para compensar la inferioridad num\u00e9rica de las huestes de conquistadores. Algunos cronistas presentes en aquellas expediciones, han relatado que hab\u00edan visto como un alano seccionaba con sus fauces el brazo de un ind\u00edgena. Hemos de tener en cuenta que&nbsp;<strong>estos animales rondaban los 45 kilos y aquellos indios pesaban entre los 50 y 60<\/strong>.&nbsp;<strong>Por ejemplo Amigo, que era el alano de Pedro Alonso Galeas, en la actual Venezuela, en un combate singular amput\u00f3 la cabeza del cacique Tamanaco.&nbsp;<\/strong>En ataques actuales realizados por pitbuls, bulmastiff, rottweilers y otros perros de presa, nunca se han registrado amputaciones totales de miembros humanos, y esto nos da una idea de la letalidad de estos animales.<\/p>\n\n\n\n<h3 class=\"wp-block-heading\">Terror de Am\u00e9rica<\/h3>\n\n\n\n<p>Los mexicas y otros pueblos mesoamericanos no conoc\u00edan los perros de guerra, porque tan s\u00f3lo ten\u00edan unos perros peque\u00f1os sin pelo que utilizaban como alimento, y que en la actualidad se denominan \u00abperros de los aztecas\u00bb. Para ellos, el dios de la muerte \u00abxolotl\u00bb, de forma canina, conduc\u00eda a las almas al m\u00e1s all\u00e1. Por ello, ver a los espa\u00f1oles con sus grandes perros les hac\u00eda creer que el dios de la muerte se hab\u00eda aliado con ellos. En muchas ocasiones no se atrev\u00edan a enfrentarse a ellos. En algunos relatos los indios hab\u00edan llegado a decir que los perros de los espa\u00f1oles ten\u00edan los ojos rojos, un rasgo caracter\u00edstico en muchos ejemplares de dogo espa\u00f1ol.<strong>\u00a0Los indios se quedaban aterrorizados cuando o\u00edan el gru\u00f1ido de los perros, el estruendo de los caballos a los que se les colocaba cascabeles, unido a las detonaciones explosivas de los arcabuces que les parec\u00edan rayos y los gritos de guerra de los espa\u00f1oles. El efecto sonoro deb\u00eda ser aterrador.<\/strong><\/p>\n\n\n\n<p>Desde el inicio de la civilizaci\u00f3n, los perros han sido los compa\u00f1eros inseparables de los hombres. Sobre ellos se ha dicho que son el mejor amigo del hombre, y puede ser cierto. Pero en algunas ocasiones ha sido su mejor enemigo.<\/p>\n\n\n\n<p>Fuente: https:\/\/www.larazon.es\/cultura\/20220104\/npxd54gpovflxeqqccb4p4gmcu.html<\/p>\n","protected":false},"excerpt":{"rendered":"<p>Fueron parte de la milicia de romanos, visigodos, alanos y celtas en la Pen\u00ednsula Ib\u00e9rica, y, a trav\u00e9s de los [&hellip;]<\/p>\n","protected":false},"author":1,"featured_media":18721,"comment_status":"open","ping_status":"open","sticky":false,"template":"","format":"standard","meta":{"site-sidebar-layout":"default","site-content-layout":"","ast-site-content-layout":"default","site-content-style":"default","site-sidebar-style":"default","ast-global-header-display":"","ast-banner-title-visibility":"","ast-main-header-display":"","ast-hfb-above-header-display":"","ast-hfb-below-header-display":"","ast-hfb-mobile-header-display":"","site-post-title":"","ast-breadcrumbs-content":"","ast-featured-img":"","footer-sml-layout":"","theme-transparent-header-meta":"","adv-header-id-meta":"","stick-header-meta":"","header-above-stick-meta":"","header-main-stick-meta":"","header-below-stick-meta":"","astra-migrate-meta-layouts":"default","ast-page-background-enabled":"default","ast-page-background-meta":{"desktop":{"background-color":"var(--ast-global-color-4)","background-image":"","background-repeat":"repeat","background-position":"center center","background-size":"auto","background-attachment":"scroll","background-type":"","background-media":"","overlay-type":"","overlay-color":"","overlay-opacity":"","overlay-gradient":""},"tablet":{"background-color":"","background-image":"","background-repeat":"repeat","background-position":"center center","background-size":"auto","background-attachment":"scroll","background-type":"","background-media":"","overlay-type":"","overlay-color":"","overlay-opacity":"","overlay-gradient":""},"mobile":{"background-color":"","background-image":"","background-repeat":"repeat","background-position":"center center","background-size":"auto","background-attachment":"scroll","background-type":"","background-media":"","overlay-type":"","overlay-color":"","overlay-opacity":"","overlay-gradient":""}},"ast-content-background-meta":{"desktop":{"background-color":"var(--ast-global-color-5)","background-image":"","background-repeat":"repeat","background-position":"center center","background-size":"auto","background-attachment":"scroll","background-type":"","background-media":"","overlay-type":"","overlay-color":"","overlay-opacity":"","overlay-gradient":""},"tablet":{"background-color":"var(--ast-global-color-5)","background-image":"","background-repeat":"repeat","background-position":"center center","background-size":"auto","background-attachment":"scroll","background-type":"","background-media":"","overlay-type":"","overlay-color":"","overlay-opacity":"","overlay-gradient":""},"mobile":{"background-color":"var(--ast-global-color-5)","background-image":"","background-repeat":"repeat","background-position":"center center","background-size":"auto","background-attachment":"scroll","background-type":"","background-media":"","overlay-type":"","overlay-color":"","overlay-opacity":"","overlay-gradient":""}},"footnotes":""},"categories":[8],"tags":[6670,6669],"class_list":["post-18720","post","type-post","status-publish","format-standard","has-post-thumbnail","hentry","category-noticias","tag-dogo-espanol","tag-perros"],"_links":{"self":[{"href":"https:\/\/losperiodistas.com.mx\/portal\/wp-json\/wp\/v2\/posts\/18720","targetHints":{"allow":["GET"]}}],"collection":[{"href":"https:\/\/losperiodistas.com.mx\/portal\/wp-json\/wp\/v2\/posts"}],"about":[{"href":"https:\/\/losperiodistas.com.mx\/portal\/wp-json\/wp\/v2\/types\/post"}],"author":[{"embeddable":true,"href":"https:\/\/losperiodistas.com.mx\/portal\/wp-json\/wp\/v2\/users\/1"}],"replies":[{"embeddable":true,"href":"https:\/\/losperiodistas.com.mx\/portal\/wp-json\/wp\/v2\/comments?post=18720"}],"version-history":[{"count":1,"href":"https:\/\/losperiodistas.com.mx\/portal\/wp-json\/wp\/v2\/posts\/18720\/revisions"}],"predecessor-version":[{"id":18722,"href":"https:\/\/losperiodistas.com.mx\/portal\/wp-json\/wp\/v2\/posts\/18720\/revisions\/18722"}],"wp:featuredmedia":[{"embeddable":true,"href":"https:\/\/losperiodistas.com.mx\/portal\/wp-json\/wp\/v2\/media\/18721"}],"wp:attachment":[{"href":"https:\/\/losperiodistas.com.mx\/portal\/wp-json\/wp\/v2\/media?parent=18720"}],"wp:term":[{"taxonomy":"category","embeddable":true,"href":"https:\/\/losperiodistas.com.mx\/portal\/wp-json\/wp\/v2\/categories?post=18720"},{"taxonomy":"post_tag","embeddable":true,"href":"https:\/\/losperiodistas.com.mx\/portal\/wp-json\/wp\/v2\/tags?post=18720"}],"curies":[{"name":"wp","href":"https:\/\/api.w.org\/{rel}","templated":true}]}}