{"id":18545,"date":"2022-01-01T12:37:44","date_gmt":"2022-01-01T18:37:44","guid":{"rendered":"http:\/\/losperiodistas.com.mx\/portal\/?p=18545"},"modified":"2022-01-01T12:37:45","modified_gmt":"2022-01-01T18:37:45","slug":"entra-en-vigor-la-rcep-el-mayor-tratado-de-libre-comercio-del-mundo-publico","status":"publish","type":"post","link":"https:\/\/losperiodistas.com.mx\/portal\/entra-en-vigor-la-rcep-el-mayor-tratado-de-libre-comercio-del-mundo-publico\/","title":{"rendered":"Entra en vigor la RCEP, el mayor tratado de libre comercio del mundo | P\u00fablico"},"content":{"rendered":"\n<p style=\"font-size:18px\"><em>El tratado armoniza las normas sobre la propiedad intelectual y aborda la econom\u00eda digital y el comercio electr\u00f3nico, en auge tras el inicio de la pandemia, pero no contiene regulaci\u00f3n sobre los derechos laborales y el impacto medioambiental.<\/em><\/p>\n\n\n\n<p><\/p>\n\n\n\n<figure class=\"wp-block-image size-large\"><img fetchpriority=\"high\" decoding=\"async\" width=\"1024\" height=\"681\" src=\"https:\/\/losperiodistas.com.mx\/portal\/wp-content\/uploads\/2022\/01\/Captura-de-Pantalla-2022-01-01-a-las-12.32.03-1024x681.jpg\" alt=\"\" class=\"wp-image-18546\" srcset=\"https:\/\/losperiodistas.com.mx\/portal\/wp-content\/uploads\/2022\/01\/Captura-de-Pantalla-2022-01-01-a-las-12.32.03-1024x681.jpg 1024w, https:\/\/losperiodistas.com.mx\/portal\/wp-content\/uploads\/2022\/01\/Captura-de-Pantalla-2022-01-01-a-las-12.32.03-300x199.jpg 300w, https:\/\/losperiodistas.com.mx\/portal\/wp-content\/uploads\/2022\/01\/Captura-de-Pantalla-2022-01-01-a-las-12.32.03-768x510.jpg 768w, https:\/\/losperiodistas.com.mx\/portal\/wp-content\/uploads\/2022\/01\/Captura-de-Pantalla-2022-01-01-a-las-12.32.03.jpg 1318w\" sizes=\"(max-width: 1024px) 100vw, 1024px\" \/><figcaption><a href=\"https:\/\/www.publico.es\/uploads\/2022\/01\/01\/61d07380be8d8.jpeg\"><\/a>Los l\u00edderes de la ASEAN se unen para una foto de grupo virtual despu\u00e9s de firmar la Asociaci\u00f3n Econ\u00f3mica Integral Regional (RCEP) durante una ceremonia de firma virtual en la Casa del Parlamento en Canberra, el domingo 15 de noviembre de 2020.\u00a0<em>\u2014<\/em>\u00a0<em>AAP IMAGE<\/em>\u00a0<em>\/<\/em>\u00a0<em>EFE<\/em><br><br><br><\/figcaption><\/figure>\n\n\n\n<p class=\"has-vivid-cyan-blue-color has-text-color has-medium-font-size\">EFE \/ P\u00daBLICO<\/p>\n\n\n\n<p>BANGKOK.  La Asociaci\u00f3n Econ\u00f3mica Integral Regional (RCEP),\u00a0<strong>el mayor tratado de libre comercio del mundo<\/strong>\u00a0firmado por 15 pa\u00edses de Asia-Pac\u00edfico, entr\u00f3 este s\u00e1bado en vigor con la esperanza de que\u00a0<strong>incentive la recuperaci\u00f3n econ\u00f3mica en plena pandemia.<\/strong><\/p>\n\n\n\n<p id=\"m854-1-855\">El tratado se empez\u00f3 a gestar en el seno de la Asociaci\u00f3n de Naciones del Sudeste Asi\u00e1tico (ASEAN), pero\u00a0<strong>China\u00a0<\/strong>ha ido cobrando protagonismo por su tama\u00f1o y hegemon\u00eda econ\u00f3mica que avanza en detrimento de Estados Unidos, que no forma parte de la RCEP.<\/p>\n\n\n\n<p id=\"m859-2-860\"><strong>Estados Unidos\u00a0<\/strong>es el gran ausente de este megatratado comercial que\u00a0<strong>aspira a eliminar barreras al comercio<\/strong>, bajar aranceles y potenciar la econom\u00eda digital en un momento en que los pa\u00edses de la regi\u00f3n necesitan est\u00edmulos para remontar los efectos de la pandemia.<\/p>\n\n\n\n<p id=\"m864-3-865\">\u00abEl comercio es un importante factor de crecimiento en Asia, y la entrada en vigor de la RCEP pondr\u00e1 a Asia en la trayectoria de crecimiento anterior a la covid-19\u00bb, indic\u00f3 el viernes el jefe regional de Comercio Global de HSBC en Asia Pac\u00edfico,&nbsp;<strong>Ajay Sharma<\/strong>.El tratado aumentar\u00e1 el comercio entre los pa\u00edses asi\u00e1ticos<\/p>\n\n\n\n<p id=\"m874-5-875\">El experto afirm\u00f3 que el tratado&nbsp;<strong>aumentar\u00e1 el comercio entre los pa\u00edses asi\u00e1ticos<\/strong>, que es actualmente m\u00e1s voluminoso que el que tiene con Norteam\u00e9rica y Europa juntos.<\/p>\n\n\n\n<p id=\"m879-6-880\">\u00abLa RCEP facilitar\u00e1 a las empresas usar el Sudeste Asi\u00e1tico como una base de producci\u00f3n y podr\u00eda acelerar la\u00a0<strong>diversificaci\u00f3n de las cadenas de suministro<\/strong>\u00a0y la relocalizaci\u00f3n de las inversiones ya en marcha en Asia\u00bb, agreg\u00f3 Sharma en un comunicado.<\/p>\n\n\n\n<p id=\"m884-7-885\">Uno de los puntos claves es que los pa\u00edses firmantes podr\u00e1n beneficiarse de la&nbsp;<strong>bajada de aranceles<\/strong>&nbsp;si pueden demostrar que al menos el 40% de las partes de sus productos tienen origen en la regi\u00f3n de la RCEP.<\/p>\n\n\n\n<p id=\"m889-8-890\">El tratado, firmado el 15 de noviembre de 2020, entra en vigor tras ser ratificado por al menos seis firmantes de la Asociaci\u00f3n de Naciones del Sudeste Asi\u00e1tico (ASEAN), as\u00ed como otros tres signatarios fuera del bloque.<\/p>\n\n\n\n<h2 class=\"wp-block-heading\" id=\"m894-9-895\">\u00bfQu\u00e9 es el RCEP y cu\u00e1les son sus pa\u00edses miembros?<\/h2>\n\n\n\n<p id=\"m899-10-900\">La RCEP es un<strong>\u00a0acuerdo econ\u00f3mico<\/strong>\u00a0que busca eliminar los aranceles y cuotas en el 65% de los productos, que se ampliar\u00e1 al 90% en 20 a\u00f1os, y otras barreras al libre comercio.<\/p>\n\n\n\n<p id=\"m904-11-905\"><strong>El tratado aborda la propiedad intelectual y disputas comerciales<\/strong>, entre otros asuntos, pero no contiene regulaci\u00f3n sobre los derechos laborales y el impacto medioambiental.<\/p>\n\n\n\n<p id=\"m909-12-910\">La RCEP comenz\u00f3 a negociarse en 2012 en el seno de la ASEAN con otros pa\u00edses con los que el bloque ya ten\u00eda tratados de libre comercio (TLC): Australia, China, Corea del Sur, Jap\u00f3n, India, Nueva Zelanda.<\/p>\n\n\n\n<p id=\"m914-13-915\">El 2019, India decidi\u00f3 salirse del acuerdo para proteger su mercado y a sus trabajadores ante el temor a verse inundada de productos m\u00e1s baratos, principalmente de China. Los pa\u00edses firmantes han dejado las puertas abiertas a India si quiere ingresar en el acuerdo en el futuro.<\/p>\n\n\n\n<p id=\"m919-14-920\">Por parte de la ASEAN est\u00e1n representados Birmania (Myanmar), Brun\u00e9i, Camboya, Filipinas, Indonesia, Laos, Malasia, Singapur, Tailandia y Vietnam.<\/p>\n\n\n\n<h2 class=\"wp-block-heading\" id=\"m924-15-925\">Casi 10 a\u00f1os de negociaciones<\/h2>\n\n\n\n<p id=\"m929-16-930\">La RCEP, que empez\u00f3 a negociarse en 2012,&nbsp;<strong>es un acuerdo econ\u00f3mico que busca eliminar los aranceles y cuotas en el 65% de los productos<\/strong>, que se ampliar\u00e1 al 90% en 20 a\u00f1os, y otras barreras al libre comercio.<\/p>\n\n\n\n<p id=\"m934-17-935\">Los pa\u00edses firmantes representan un mercado de unos 2.200 millones de personas,\u00a0<strong>cerca del 30% de la poblaci\u00f3n mundial<\/strong>, en la regi\u00f3n con mayor crecimiento econ\u00f3mico del mundo.<\/p>\n\n\n\n<p id=\"m939-18-940\">El tratado armoniza las normas sobre la propiedad intelectual y&nbsp;<strong>aborda la econom\u00eda digital<\/strong>&nbsp;y el comercio electr\u00f3nico, en auge tras el inicio de la pandemia, pero&nbsp;<strong>no contiene regulaci\u00f3n sobre los derechos laborales y el impacto medioambiental.<\/strong>Sindicatos y activistas de la regi\u00f3n critican que el megatratado se haya negociado de forma opaca, sin consultar a la sociedad civil<\/p>\n\n\n\n<p id=\"m949-20-950\">Sindicatos y activistas de la regi\u00f3n critican que el megatratado se haya negociado de forma opaca,&nbsp;<strong>sin consultar a la sociedad civil<\/strong>, y que una mayor liberalizaci\u00f3n de la econom\u00eda se producir\u00e1 en detrimento de los servicios p\u00fablicos, el medio ambiente y los derechos laborales.<\/p>\n\n\n\n<p id=\"m954-21-955\">Otro temor de las organizaciones de campesinos es que la RCEP acelere la p\u00e9rdida de tierras en la regi\u00f3n, donde en la \u00faltima d\u00e9cada 9,6 millones de hect\u00e1reas han pasado de las comunidades rurales a multinacionales como la singapurense Wilmar, la surcoreana Daewoo o la china Beidahuang, seg\u00fan datos de la ONG Grain.<\/p>\n\n\n\n<h2 class=\"wp-block-heading\" id=\"m959-22-960\">Desventajas<\/h2>\n\n\n\n<p id=\"m964-23-965\">El analista del Instituto de Estudios Internacionales y Extrat\u00e9gicos (ISIS, en sus siglas en ingl\u00e9s) en Malasia&nbsp;<strong>Calvin Cheng<\/strong>&nbsp;opin\u00f3 que las econom\u00edas firmantes&nbsp;<strong>se beneficiar\u00e1n<\/strong>&nbsp;de la RCEP a corto y, sobre todo, a largo plazo.<\/p>\n\n\n\n<p id=\"m969-24-970\">Calific\u00f3 de positivo la posibilidad de que&nbsp;<strong>nuevos pa\u00edses se unan en el futuro al acuerdo<\/strong>, aunque reconoci\u00f3 que se han dejado asuntos fuera como los derechos laborales y el cambio clim\u00e1tico.<\/p>\n\n\n\n<p id=\"m974-25-975\">\u00abEs una desventaja, pero una de las razones por las que se ha hecho as\u00ed es que algunos miembros de la RCEP\u00a0<strong>son econom\u00edas relativamente poco desarrolladas<\/strong>\u00a0(Laos, Camboya)\u00bb, indic\u00f3 Cheng en un correo electr\u00f3nico enviado a Efe.<\/p>\n\n\n\n<p>Los aranceles comerciales solo representan entre el 5 y el 10% de los ingresos de los gobiernos<\/p>\n\n\n\n<p id=\"m984-27-985\">Adem\u00e1s del descenso del comercio, la pandemia ha causado&nbsp;<strong>desbarajustes en las cadenas de suministro en Asia<\/strong>&nbsp;y ha mostrado la importancia de los sistemas estatales de salud y sociales, lo que requiere financiaci\u00f3n por medio de impuestos.<\/p>\n\n\n\n<p id=\"m989-28-990\">En este sentido, Cheng record\u00f3 que&nbsp;<strong>los aranceles comerciales solo representan entre el 5 y el 10% de los ingresos de los gobiernos<\/strong>, que para financiar el gasto sanitario y social dependen m\u00e1s de los impuestos directos, como en de la renta, e indirectos.<\/p>\n\n\n\n<p id=\"m994-29-995\">Federaciones de sindicatos y agricultores temen que la RCEP tambi\u00e9n provoque una<strong>\u00a0mayor privatizaci\u00f3n de los servicios p\u00fablicos<\/strong>\u00a0y el desamparo de los peque\u00f1os negocios y agricultores ante las multinacionales.<\/p>\n\n\n\n<p id=\"m999-30-1000\">La RCEP supone el primer tratado de libre comercio de Jap\u00f3n con China y Corea del Sur y tambi\u00e9n el primer megaacuerdo comercial del que forma parte Pek\u00edn.<\/p>\n\n\n\n<p id=\"m1004-31-1005\">En un informe el pasado marzo, expertos de la Conferencia de Naciones Unidas sobre el Comercio y el Desarrollo (UNCTAD, en sus siglas en ingl\u00e9s) indicaron que el&nbsp;<strong>megatratado<\/strong>&nbsp;beneficiar\u00e1 la balanza comercial de&nbsp;<strong>pa\u00edses m\u00e1s desarrollados&nbsp;<\/strong>como Jap\u00f3n en detrimento de otros menos ricos como Tailandia, Indonesia o Camboya.<\/p>\n\n\n\n<p id=\"m1009-32-1010\">As\u00ed, el informe afirma que la balanza comercial de la ASEAN \u00abse deteriorar\u00e1 un 6% anualmente\u00bb, al aumentar sus importaciones m\u00e1s que las exportaciones.<\/p>\n\n\n\n<h2 class=\"wp-block-heading\" id=\"m1014-33-1015\">Comparaci\u00f3n con el CPTPP o TPP-11<\/h2>\n\n\n\n<p id=\"m1019-34-1020\">La RCEP&nbsp;<strong>es comparada a menudo con el Acuerdo Comprensivo y Progresivo Transpac\u00edfico de Cooperaci\u00f3n Econ\u00f3mica&nbsp;<\/strong>(CPTPP, en sus siglas en ingl\u00e9s), cuyas medidas son m\u00e1s amplias, pero solo representa el 13,4% del PIB global.<\/p>\n\n\n\n<p id=\"m1024-35-1025\">El CPTPP, firmado en 2018, incluye a Australia, Brun\u00e9i, Canad\u00e1, Chile, Jap\u00f3n, Malasia, M\u00e9xico, Nueva Zelanda, Per\u00fa, Singapur y Vietnam. Cont\u00f3 en principio con Estados Unidos, pero este pa\u00eds abandon\u00f3 el tratado por decisi\u00f3n del presidente saliente, Donald Trump,&nbsp;<strong>por lo que tambi\u00e9n es conocido como el TPP-11.<\/strong><\/p>\n\n\n\n<h2 class=\"wp-block-heading\" id=\"m1029-36-1030\">Rivalidad entre China y EEUU<\/h2>\n\n\n\n<p id=\"m1034-37-1035\">La RCEP incrementar\u00e1 las oportunidades comerciales de China en Asia-Pac\u00edfico en detrimento de Estados Unidos y se trata del primer TLC multilateral al que se suma Pek\u00edn, que&nbsp;<strong>podr\u00e1 aumentar sus exportaciones gracias a la rebaja de los aranceles.<\/strong><\/p>\n\n\n\n<ul class=\"wp-block-list\"><li><\/li><\/ul>\n\n\n\n<p id=\"m1039-38-1040\">La llegada de Trump a la Casa Blanca el 20 de enero de 2017 supuso un<strong>&nbsp;cambio hacia el proteccionismo<\/strong>&nbsp;en la pol\u00edtica econ\u00f3mica estadounidense bajo el lema \u00ab<em>America First<\/em>\u00bb (\u00abAm\u00e9rica primero\u00bb) y el inicio de una guerra comercial con China.<\/p>\n\n\n\n<p id=\"m1044-39-1045\">Algunos sectores de Estados Unidos han urgido al actual presidente estadounidense, Joe Biden, a que se vuelva a integrar en el CPTPP, pero este no ha mostrado ninguna prisa por hacerlo.<\/p>\n\n\n\n<p>Fuente: https:\/\/www.publico.es\/economia\/rcep-entra-vigor-rcep-mayor-tratado-libre-comercio-mundo.html<\/p>\n","protected":false},"excerpt":{"rendered":"<p>El tratado armoniza las normas sobre la propiedad intelectual y aborda la econom\u00eda digital y el comercio electr\u00f3nico, en auge [&hellip;]<\/p>\n","protected":false},"author":1,"featured_media":18546,"comment_status":"open","ping_status":"open","sticky":false,"template":"","format":"standard","meta":{"site-sidebar-layout":"default","site-content-layout":"","ast-site-content-layout":"default","site-content-style":"default","site-sidebar-style":"default","ast-global-header-display":"","ast-banner-title-visibility":"","ast-main-header-display":"","ast-hfb-above-header-display":"","ast-hfb-below-header-display":"","ast-hfb-mobile-header-display":"","site-post-title":"","ast-breadcrumbs-content":"","ast-featured-img":"","footer-sml-layout":"","theme-transparent-header-meta":"","adv-header-id-meta":"","stick-header-meta":"","header-above-stick-meta":"","header-main-stick-meta":"","header-below-stick-meta":"","astra-migrate-meta-layouts":"default","ast-page-background-enabled":"default","ast-page-background-meta":{"desktop":{"background-color":"var(--ast-global-color-4)","background-image":"","background-repeat":"repeat","background-position":"center center","background-size":"auto","background-attachment":"scroll","background-type":"","background-media":"","overlay-type":"","overlay-color":"","overlay-opacity":"","overlay-gradient":""},"tablet":{"background-color":"","background-image":"","background-repeat":"repeat","background-position":"center center","background-size":"auto","background-attachment":"scroll","background-type":"","background-media":"","overlay-type":"","overlay-color":"","overlay-opacity":"","overlay-gradient":""},"mobile":{"background-color":"","background-image":"","background-repeat":"repeat","background-position":"center center","background-size":"auto","background-attachment":"scroll","background-type":"","background-media":"","overlay-type":"","overlay-color":"","overlay-opacity":"","overlay-gradient":""}},"ast-content-background-meta":{"desktop":{"background-color":"var(--ast-global-color-5)","background-image":"","background-repeat":"repeat","background-position":"center center","background-size":"auto","background-attachment":"scroll","background-type":"","background-media":"","overlay-type":"","overlay-color":"","overlay-opacity":"","overlay-gradient":""},"tablet":{"background-color":"var(--ast-global-color-5)","background-image":"","background-repeat":"repeat","background-position":"center center","background-size":"auto","background-attachment":"scroll","background-type":"","background-media":"","overlay-type":"","overlay-color":"","overlay-opacity":"","overlay-gradient":""},"mobile":{"background-color":"var(--ast-global-color-5)","background-image":"","background-repeat":"repeat","background-position":"center center","background-size":"auto","background-attachment":"scroll","background-type":"","background-media":"","overlay-type":"","overlay-color":"","overlay-opacity":"","overlay-gradient":""}},"footnotes":""},"categories":[8],"tags":[6580,3527,6581,6579],"class_list":["post-18545","post","type-post","status-publish","format-standard","has-post-thumbnail","hentry","category-noticias","tag-asean","tag-china","tag-comercio-asia","tag-rcep"],"_links":{"self":[{"href":"https:\/\/losperiodistas.com.mx\/portal\/wp-json\/wp\/v2\/posts\/18545","targetHints":{"allow":["GET"]}}],"collection":[{"href":"https:\/\/losperiodistas.com.mx\/portal\/wp-json\/wp\/v2\/posts"}],"about":[{"href":"https:\/\/losperiodistas.com.mx\/portal\/wp-json\/wp\/v2\/types\/post"}],"author":[{"embeddable":true,"href":"https:\/\/losperiodistas.com.mx\/portal\/wp-json\/wp\/v2\/users\/1"}],"replies":[{"embeddable":true,"href":"https:\/\/losperiodistas.com.mx\/portal\/wp-json\/wp\/v2\/comments?post=18545"}],"version-history":[{"count":1,"href":"https:\/\/losperiodistas.com.mx\/portal\/wp-json\/wp\/v2\/posts\/18545\/revisions"}],"predecessor-version":[{"id":18547,"href":"https:\/\/losperiodistas.com.mx\/portal\/wp-json\/wp\/v2\/posts\/18545\/revisions\/18547"}],"wp:featuredmedia":[{"embeddable":true,"href":"https:\/\/losperiodistas.com.mx\/portal\/wp-json\/wp\/v2\/media\/18546"}],"wp:attachment":[{"href":"https:\/\/losperiodistas.com.mx\/portal\/wp-json\/wp\/v2\/media?parent=18545"}],"wp:term":[{"taxonomy":"category","embeddable":true,"href":"https:\/\/losperiodistas.com.mx\/portal\/wp-json\/wp\/v2\/categories?post=18545"},{"taxonomy":"post_tag","embeddable":true,"href":"https:\/\/losperiodistas.com.mx\/portal\/wp-json\/wp\/v2\/tags?post=18545"}],"curies":[{"name":"wp","href":"https:\/\/api.w.org\/{rel}","templated":true}]}}