{"id":18542,"date":"2022-01-01T12:23:11","date_gmt":"2022-01-01T18:23:11","guid":{"rendered":"http:\/\/losperiodistas.com.mx\/portal\/?p=18542"},"modified":"2022-01-01T12:23:13","modified_gmt":"2022-01-01T18:23:13","slug":"angelus-del-papa-en-nuestra-debilidad-sentimos-a-dios-mas-cerca-vatican-news","status":"publish","type":"post","link":"https:\/\/losperiodistas.com.mx\/portal\/angelus-del-papa-en-nuestra-debilidad-sentimos-a-dios-mas-cerca-vatican-news\/","title":{"rendered":"\u00c1ngelus del Papa: \u00abEn nuestra debilidad, sentimos a Dios m\u00e1s cerca\u00bb | Vatican News"},"content":{"rendered":"\n<p style=\"font-size:18px\"><em>\u00abCuando experimentamos nuestra debilidad y fragilidad, es cuando podemos sentir a Dios a\u00fan m\u00e1s cerca, porque se nos ha presentado as\u00ed, d\u00e9bil y fr\u00e1gil\u00bb. Fueron las palabras del Papa Francisco a la hora del rezo del \u00c1ngelus, en el primer d\u00eda del nuevo a\u00f1o 2022. El Pont\u00edfice record\u00f3 que Jes\u00fas, \u00abnace peque\u00f1o y necesitado para que nadie deba avergonzarse jam\u00e1s de s\u00ed mismo\u201d e invit\u00f3 a todos a vivir en fraternidad y trabajar en la construcci\u00f3n de la paz mundial.<\/em><\/p>\n\n\n\n<p><\/p>\n\n\n\n<figure class=\"wp-block-embed is-type-video is-provider-youtube wp-block-embed-youtube wp-embed-aspect-16-9 wp-has-aspect-ratio\"><div class=\"wp-block-embed__wrapper\">\n<iframe title=\"\u00c1ngelus 01 de enero 2022 Papa Francisco\" width=\"500\" height=\"281\" src=\"https:\/\/www.youtube.com\/embed\/IQaAhVgTkNo?feature=oembed\" frameborder=\"0\" allow=\"accelerometer; autoplay; clipboard-write; encrypted-media; gyroscope; picture-in-picture; web-share\" referrerpolicy=\"strict-origin-when-cross-origin\" allowfullscreen><\/iframe>\n<\/div><\/figure>\n\n\n\n<p><\/p>\n\n\n\n<p class=\"has-vivid-cyan-blue-color has-text-color has-medium-font-size\">VATICAN NEWS<\/p>\n\n\n\n<p><strong>Ciudad del Vaticano<\/strong>. Tras haber celebrado la primera Misa del A\u00f1o 2022, el s\u00e1bado 1 de enero, solemnidad de Mar\u00eda Sant\u00edsima, Madre de Dios; el Papa Francisco rez\u00f3 la oraci\u00f3n mariana del \u00c1ngelus junto a los fieles y peregrinos reunidos en la Plaza de San Pedro.<\/p>\n\n\n\n<h2 class=\"wp-block-heading\"><strong>Mar\u00eda presenta a Jes\u00fas para todos<\/strong><\/h2>\n\n\n\n<p>Reflexionado sobre el Evangelio de la liturgia de hoy que habla de la Virgen, \u00abremiti\u00e9ndonos nuevamente al encanto del pesebre\u00bb, el Santo Padre destac\u00f3 que Mar\u00eda, tras el nacimiento del Hijo de Dios,&nbsp;<em>\u00abno se lo guarda para ella misma, sino que nos lo presenta\u00bb&nbsp;<\/em>y&nbsp;deja que los pastores que van sin demora hacia la gruta, puedan adorarlo:<\/p>\n\n\n\n<p><em>\u00abLo deposita para invitarnos a mirarlo, a acogerlo y a adorarlo. He aqu\u00ed la maternidad de Mar\u00eda: el Hijo que ha nacido nos lo ofrece a todos nosotros\u00bb,<\/em>&nbsp;a\u00f1adi\u00f3 el Pont\u00edfice subrayando que&nbsp;al colocarlo ante nuestros ojos, \u00absin decir ninguna palabra\u00bb, nos da un mensaje estupendo:<\/p>\n\n\n\n<blockquote class=\"wp-block-quote is-layout-flow wp-block-quote-is-layout-flow\"><p>\u201cDios est\u00e1 cerca, a nuestro alcance. No viene con el poder de quien quiere ser temido, sino con la fragilidad de quien pide ser amado; no nos juzga desde lo alto de un trono, sino que nos mira desde abajo como a un hermano, m\u00e1s a\u00fan, como un hijo. Nace peque\u00f1o y necesitado para que nadie deba avergonzarse jam\u00e1s de s\u00ed mismo\u201d<\/p><\/blockquote>\n\n\n\n<p>Para Francisco, precisamente cuando experimentamos nuestra debilidad y fragilidad, es cuando podemos sentir a Dios a\u00fan m\u00e1s cerca,&nbsp;<em>\u00abporque se nos ha presentado as\u00ed, d\u00e9bil y fr\u00e1gil\u00bb.<\/em><\/p>\n\n\n\n<p><em>\u00abEs el Dios-ni\u00f1o que nace para no excluir a nadie. Para hacer que nos convirtamos todos en hermanos y hermanas\u00bb.<\/em><\/p>\n\n\n\n<h2 class=\"wp-block-heading\"><strong>Un pensamiento especial para las j\u00f3venes madres<\/strong><\/h2>\n\n\n\n<p>Por ello, el Papa indic\u00f3 que el nuevo a\u00f1o empieza con Dios que, \u00aben los brazos de su Madre y acostado en un pesebre\u00bb, nos anima con ternura:<\/p>\n\n\n\n<blockquote class=\"wp-block-quote is-layout-flow wp-block-quote-is-layout-flow\"><p>\u201cTenemos necesidad de este aliciente. Vivimos a\u00fan tiempos inciertos y dif\u00edciles a causa de la pandemia. Son muchos los que est\u00e1n atemorizados por el futuro y agobiados por las situaciones sociales, los problemas personales, los peligros que provienen de la crisis ecol\u00f3gica, de las injusticias y de los desequilibrios econ\u00f3micos planetarios\u201d<\/p><\/blockquote>\n\n\n\n<p>Y dirigiendo su mirada a Mar\u00eda con su Hijo en brazos, el Pont\u00edfice dedic\u00f3 un pensamiento especial a las j\u00f3venes madres y en sus hijos que huyen de las guerras y de las carest\u00edas o que esperan en los campos de refugiados:<\/p>\n\n\n\n<h2 class=\"wp-block-heading\"><a href=\"https:\/\/www.vaticannews.va\/es\/papa\/news\/2022-01\/papa-francisco-misa-1-enero-2022-maria-santisima-madre-de-dios.html\">Primera misa del A\u00f1o: Francisco pide acabar con la violencia contra las mujeres<\/a><\/h2>\n\n\n\n<p>\u00abContemplando a Mar\u00eda que coloca a Jes\u00fas en el pesebre, poni\u00e9ndolo a disposici\u00f3n de todos, recordamos que el mundo cambia y la vida de todos mejora s\u00f3lo si nos ponemos a disposici\u00f3n de los dem\u00e1s, sin esperar que sean ellos los que comiencen\u00bb -dijo Francisco- haciendo hincapi\u00e9 en que, si nos convertimos en artesanos de la fraternidad,&nbsp;<em>\u00abpodremos tejer los hilos de un mundo lacerado por guerras y violencias\u00bb.<\/em><\/p>\n\n\n\n<h2 class=\"wp-block-heading\"><strong>La paz es un don y un compromiso<\/strong><\/h2>\n\n\n\n<p>En alusi\u00f3n al D\u00eda Mundial de la Paz, que se celebra este 1 de enero, el Papa puntualiz\u00f3 que la paz \u00abes tanto un don de lo alto como el fruto de un compromiso compartido\u00bb (<em>Mensaje para la LV Jornada Mundial de la Paz, 1<\/em>):<\/p>\n\n\n\n<blockquote class=\"wp-block-quote is-layout-flow wp-block-quote-is-layout-flow\"><p>\u201cDon de lo alto: debe ser implorada por Jes\u00fas, porque solos no somos capaces de custodiarla. S\u00f3lo podemos construir verdaderamente la paz si la tenemos en nuestro coraz\u00f3n, s\u00f3lo si la recibimos del Pr\u00edncipe de la paz. Pero la paz es tambi\u00e9n nuestro compromiso: nos pide dar el primer paso, nos pide gestos concretos. Se construye con la atenci\u00f3n a los \u00faltimos, con la promoci\u00f3n de la justicia, con el valor del perd\u00f3n, que apaga el fuego del odio\u201d<\/p><\/blockquote>\n\n\n\n<p>En este sentido, el Santo Padre asever\u00f3 que para lograr la paz tambi\u00e9n es necesaria una mirada positiva, es decir, que siempre se mire \u2013 en la Iglesia como en la sociedad \u2013 no el mal que nos divide, sino \u00a1el bien que puede unirnos!<\/p>\n\n\n\n<p>\u00abNo sirve abatirse y quejarse, sino arremangarse para construir la paz\u00bb -concluy\u00f3 Francisco- orando para que\u00a0<em>\u00abla Madre de Dios, Reina de la paz, al comienzo de este a\u00f1o obtenga la concordia para nuestros corazones y para el mundo entero\u00bb.<\/em><a href=\"https:\/\/www.comunicazione.va\/en\/sostienici\/es.html\"><\/a><\/p>\n\n\n\n<p>Fuente: https:\/\/www.vaticannews.va\/es\/papa\/news\/2022-01\/papa-francisco-angelus-1-enero-2022-maria-santisima-madre-dios.html<\/p>\n","protected":false},"excerpt":{"rendered":"<p>\u00abCuando experimentamos nuestra debilidad y fragilidad, es cuando podemos sentir a Dios a\u00fan m\u00e1s cerca, porque se nos ha presentado [&hellip;]<\/p>\n","protected":false},"author":1,"featured_media":18543,"comment_status":"open","ping_status":"open","sticky":false,"template":"","format":"standard","meta":{"site-sidebar-layout":"default","site-content-layout":"","ast-site-content-layout":"default","site-content-style":"default","site-sidebar-style":"default","ast-global-header-display":"","ast-banner-title-visibility":"","ast-main-header-display":"","ast-hfb-above-header-display":"","ast-hfb-below-header-display":"","ast-hfb-mobile-header-display":"","site-post-title":"","ast-breadcrumbs-content":"","ast-featured-img":"","footer-sml-layout":"","theme-transparent-header-meta":"","adv-header-id-meta":"","stick-header-meta":"","header-above-stick-meta":"","header-main-stick-meta":"","header-below-stick-meta":"","astra-migrate-meta-layouts":"default","ast-page-background-enabled":"default","ast-page-background-meta":{"desktop":{"background-color":"var(--ast-global-color-4)","background-image":"","background-repeat":"repeat","background-position":"center center","background-size":"auto","background-attachment":"scroll","background-type":"","background-media":"","overlay-type":"","overlay-color":"","overlay-opacity":"","overlay-gradient":""},"tablet":{"background-color":"","background-image":"","background-repeat":"repeat","background-position":"center center","background-size":"auto","background-attachment":"scroll","background-type":"","background-media":"","overlay-type":"","overlay-color":"","overlay-opacity":"","overlay-gradient":""},"mobile":{"background-color":"","background-image":"","background-repeat":"repeat","background-position":"center center","background-size":"auto","background-attachment":"scroll","background-type":"","background-media":"","overlay-type":"","overlay-color":"","overlay-opacity":"","overlay-gradient":""}},"ast-content-background-meta":{"desktop":{"background-color":"var(--ast-global-color-5)","background-image":"","background-repeat":"repeat","background-position":"center center","background-size":"auto","background-attachment":"scroll","background-type":"","background-media":"","overlay-type":"","overlay-color":"","overlay-opacity":"","overlay-gradient":""},"tablet":{"background-color":"var(--ast-global-color-5)","background-image":"","background-repeat":"repeat","background-position":"center center","background-size":"auto","background-attachment":"scroll","background-type":"","background-media":"","overlay-type":"","overlay-color":"","overlay-opacity":"","overlay-gradient":""},"mobile":{"background-color":"var(--ast-global-color-5)","background-image":"","background-repeat":"repeat","background-position":"center center","background-size":"auto","background-attachment":"scroll","background-type":"","background-media":"","overlay-type":"","overlay-color":"","overlay-opacity":"","overlay-gradient":""}},"footnotes":""},"categories":[8],"tags":[3827,196,3485],"class_list":["post-18542","post","type-post","status-publish","format-standard","has-post-thumbnail","hentry","category-noticias","tag-angelus-2","tag-papa-francisco","tag-violencia-contra-mujeres"],"_links":{"self":[{"href":"https:\/\/losperiodistas.com.mx\/portal\/wp-json\/wp\/v2\/posts\/18542","targetHints":{"allow":["GET"]}}],"collection":[{"href":"https:\/\/losperiodistas.com.mx\/portal\/wp-json\/wp\/v2\/posts"}],"about":[{"href":"https:\/\/losperiodistas.com.mx\/portal\/wp-json\/wp\/v2\/types\/post"}],"author":[{"embeddable":true,"href":"https:\/\/losperiodistas.com.mx\/portal\/wp-json\/wp\/v2\/users\/1"}],"replies":[{"embeddable":true,"href":"https:\/\/losperiodistas.com.mx\/portal\/wp-json\/wp\/v2\/comments?post=18542"}],"version-history":[{"count":1,"href":"https:\/\/losperiodistas.com.mx\/portal\/wp-json\/wp\/v2\/posts\/18542\/revisions"}],"predecessor-version":[{"id":18544,"href":"https:\/\/losperiodistas.com.mx\/portal\/wp-json\/wp\/v2\/posts\/18542\/revisions\/18544"}],"wp:featuredmedia":[{"embeddable":true,"href":"https:\/\/losperiodistas.com.mx\/portal\/wp-json\/wp\/v2\/media\/18543"}],"wp:attachment":[{"href":"https:\/\/losperiodistas.com.mx\/portal\/wp-json\/wp\/v2\/media?parent=18542"}],"wp:term":[{"taxonomy":"category","embeddable":true,"href":"https:\/\/losperiodistas.com.mx\/portal\/wp-json\/wp\/v2\/categories?post=18542"},{"taxonomy":"post_tag","embeddable":true,"href":"https:\/\/losperiodistas.com.mx\/portal\/wp-json\/wp\/v2\/tags?post=18542"}],"curies":[{"name":"wp","href":"https:\/\/api.w.org\/{rel}","templated":true}]}}