{"id":18534,"date":"2022-01-01T12:00:16","date_gmt":"2022-01-01T18:00:16","guid":{"rendered":"http:\/\/losperiodistas.com.mx\/portal\/?p=18534"},"modified":"2022-01-01T12:11:42","modified_gmt":"2022-01-01T18:11:42","slug":"efemerides-del-1-de-enero-que-paso-un-dia-como-hoy-adn-40","status":"publish","type":"post","link":"https:\/\/losperiodistas.com.mx\/portal\/efemerides-del-1-de-enero-que-paso-un-dia-como-hoy-adn-40\/","title":{"rendered":"Efem\u00e9rides del 1 de enero: Qu\u00e9 pas\u00f3 un d\u00eda como hoy | ADN 40"},"content":{"rendered":"\n<p style=\"font-size:18px\"><em>\u00bfSabes qu\u00e9 pas\u00f3 un d\u00eda como hoy? El 1 de enero se celebra el \u201cD\u00eda de A\u00f1o Nuevo\u201d. Conoce las efem\u00e9rides del primer d\u00eda del 2022.<\/em><\/p>\n\n\n\n<p><\/p>\n\n\n\n<figure class=\"wp-block-image size-large\"><img fetchpriority=\"high\" decoding=\"async\" width=\"968\" height=\"545\" src=\"https:\/\/losperiodistas.com.mx\/portal\/wp-content\/uploads\/2022\/01\/efem-enero-1.jpeg\" alt=\"\" class=\"wp-image-18535\" srcset=\"https:\/\/losperiodistas.com.mx\/portal\/wp-content\/uploads\/2022\/01\/efem-enero-1.jpeg 968w, https:\/\/losperiodistas.com.mx\/portal\/wp-content\/uploads\/2022\/01\/efem-enero-1-300x169.jpeg 300w, https:\/\/losperiodistas.com.mx\/portal\/wp-content\/uploads\/2022\/01\/efem-enero-1-768x432.jpeg 768w\" sizes=\"(max-width: 968px) 100vw, 968px\" \/><\/figure>\n\n\n\n<p><\/p>\n\n\n\n<p class=\"has-vivid-cyan-blue-color has-text-color has-medium-font-size\">ADN 40<\/p>\n\n\n\n<h2 class=\"wp-block-heading\">D\u00eda de A\u00f1o Nuevo<\/h2>\n\n\n\n<p>Hoy se encuentra normalizado celebrar el A\u00f1o Nuevo el<strong>&nbsp;1 de enero<\/strong>, sin embargo, en sus inicios, el A\u00f1o Nuevo se conmemoraba en el mes de marzo. Fue Julio Cesar, quien instaur\u00f3 esta fecha como el primer d\u00eda del a\u00f1o.<\/p>\n\n\n\n<h2 class=\"wp-block-heading\">D\u00eda Internacional del Hijo<\/h2>\n\n\n\n<p>El<strong>&nbsp;1 de enero<\/strong>&nbsp;se celebra este evento impulsado por la Iglesia Cat\u00f3lica y que tiene como objetivo reforzar los lazos familiares despu\u00e9s de las celebraciones de A\u00f1o Nuevo.PUBLICIDAD<\/p>\n\n\n\n<h2 class=\"wp-block-heading\">D\u00eda del Dominio P\u00fablico<\/h2>\n\n\n\n<p><strong>Un d\u00eda como hoy<\/strong>&nbsp;se busca homenajear la inclusi\u00f3n de obras intelectuales al dominio p\u00fablico al Convenio de Berna. El objetivo de estas&nbsp;<strong>efem\u00e9rides<\/strong>&nbsp;es generar un mayor acceso a la cultura, y visibilizar la extensi\u00f3n del plazo de derecho de autor en varios pa\u00edses.<\/p>\n\n\n\n<h2 class=\"wp-block-heading\">Efem\u00e9rides del 1 de enero de 2022<\/h2>\n\n\n\n<p>El&nbsp;<strong>1 de enero&nbsp;<\/strong>es el primer d\u00eda del a\u00f1o en el calendario gregoriano, y como tal, muchos sucesos, inauguraciones y tratados mundiales comenzaron. Estos son todos los eventos importantes que sucedieron&nbsp;<strong>un d\u00eda como hoy<\/strong>.<\/p>\n\n\n\n<p>45 a. C.: Entrada en vigencia en Roma del calendario juliano.<\/p>\n\n\n\n<p>404: En Roma tiene lugar la \u00faltima competici\u00f3n conocida entre gladiadores.<\/p>\n\n\n\n<figure class=\"wp-block-image\"><img decoding=\"async\" src=\"https:\/\/tvazteca.brightspotcdn.com\/dims4\/default\/7e0f5c0\/2147483647\/strip\/true\/crop\/1200x675+0+0\/resize\/968x545!\/format\/jpg\/quality\/80\/?url=https%3A%2F%2Ftvazteca.brightspotcdn.com%2F4e%2Fd0%2Fece3aad84f7aae38731aa494bef6%2Fefemerides-1-de-enero-b.jpg\" alt=\"efem\u00e9rides 1 de enero b.jpg\"\/><\/figure>\n\n\n\n<p>1502: En Sudam\u00e9rica, Am\u00e9rico Vespucio descubre la bah\u00eda de Guanabara, donde luego se fundar\u00eda R\u00edo de Janeiro.<\/p>\n\n\n\n<p>1722: Se publica la&nbsp;<em>Gaceta de M\u00e9xico<\/em>, el primer peri\u00f3dico de Am\u00e9rica Latina.<\/p>\n\n\n\n<p>1788: En Londres se publica el primer n\u00famero del peri\u00f3dico&nbsp;<em>The Times<\/em>.<\/p>\n\n\n\n<p>1801: Se completa la uni\u00f3n legal del Reino de Gran Breta\u00f1a y el Reino de Irlanda que forma el Reino Unido de Gran Breta\u00f1a e Irlanda.<\/p>\n\n\n\n<p>1801: El monje lombardo Giuseppe Piazzi (1746-1826) descubre el primer asteroide: Ceres.<\/p>\n\n\n\n<p>1808: En los Estados Unidos se proh\u00edbe la importaci\u00f3n de esclavos.<\/p>\n\n\n\n<p>1818: Se publica<em>&nbsp;Frankenstein<\/em>&nbsp;de Mary Shelley.<\/p>\n\n\n\n<p>1861: Benito Ju\u00e1rez entra a la Ciudad de M\u00e9xico despu\u00e9s de la Guerra de Reforma.<\/p>\n\n\n\n<p>1867: El qu\u00edmico sueco Alfred Nobel obtiene por primera vez dinamita de manera industrial.<\/p>\n\n\n\n<p>1873: Nace Mariano Azuela, m\u00e9dico y escritor, autor de&nbsp;<em>Los de abajo<\/em>, una de las obras cl\u00e1sicas de la novela de la Revoluci\u00f3n.<\/p>\n\n\n\n<p>1899: En Cuba, el ej\u00e9rcito espa\u00f1ol entrega la isla a Estados Unidos.<\/p>\n\n\n\n<p>1901: En Australia se establece la Mancomunidad Brit\u00e1nica (Commonwealth) mediante la uni\u00f3n de seis colonias.<\/p>\n\n\n\n<p>1903: En Par\u00eds (Francia), el erudito J. Mardrus publica la primera versi\u00f3n completa en una lengua occidental del legendario libro&nbsp;<em>Las mil y una noches<\/em>&nbsp;(16 vol\u00famenes).<\/p>\n\n\n\n<p>1916: En el marco de la revoluci\u00f3n mexicana, el pol\u00edtico Venustiano Carranza llega con su s\u00e9quito a la ciudad de Santiago de Quer\u00e9taro, a la que proclama capital de la rep\u00fablica.<\/p>\n\n\n\n<figure class=\"wp-block-image\"><img decoding=\"async\" src=\"https:\/\/tvazteca.brightspotcdn.com\/dims4\/default\/37c9645\/2147483647\/strip\/true\/crop\/926x589+0+0\/resize\/968x616!\/format\/jpg\/quality\/80\/?url=https%3A%2F%2Ftvazteca.brightspotcdn.com%2Fdf%2F40%2F93288c3442d59c4c0b05a5f06519%2Fefemerides-29-de-diciembre-2.jpg\" alt=\"efem\u00e9rides 1 de enero.jpg\"\/><\/figure>\n\n\n\n<p>1919: En Alemania, Rosa Luxemburgo, Karl Liebknecht y Wilhelm Pieck fundan el Partido Comunista alem\u00e1n.<\/p>\n\n\n\n<p>1923: En M\u00e9xico, la selecci\u00f3n mexicana de f\u00fatbol juega su primer partido internacional contra su similar de Guatemala ganando 5\u20132.<\/p>\n\n\n\n<p>1927: En el Reino Unido se produce la primera emisi\u00f3n de la BBC (British Broadcasting Corporation).<\/p>\n\n\n\n<p>1942: En Nueva York se firma la Declaraci\u00f3n de las Naciones Unidas.<\/p>\n\n\n\n<p>1951: La Organizaci\u00f3n de las Naciones Unidas crea el ACNUR (Alto Comisionado de Naciones Unidas para el Refugiado).<\/p>\n\n\n\n<p>1959: En Cuba: triunfa la rebeli\u00f3n contra la dictadura y comienza la<em>&nbsp;Revoluci\u00f3n cubana<\/em>.<\/p>\n\n\n\n<p>1973: En M\u00e9xico, entra en vigor la semana laboral de cinco d\u00edas para los trabajadores del Estado.<\/p>\n\n\n\n<p>1983: Historia de Internet: ARPANET deja de lado el protocolo NPC y adopta el TCP\/IP.<\/p>\n\n\n\n<p>1993: Checoslovaquia, tras 74 a\u00f1os de historia, se divide en dos nuevos estados: Eslovaquia y la Rep\u00fablica Checa.<\/p>\n\n\n\n<p>1993: Entra en circulaci\u00f3n el&nbsp;<em>Nuevo Peso<\/em>, la actual moneda mexicana, la cual equivale a 1000 pesos anteriores.<\/p>\n\n\n\n<p>1993: Se cre\u00f3 el Mercado interior de la Uni\u00f3n Europea.<\/p>\n\n\n\n<p>1994: En el estado de Chiapas, M\u00e9xico, se levanta el grupo guerrillero llamado<a href=\"https:\/\/www.adn40.mx\/noticia\/poder\/notas\/2019-07-07-14-57\/amlo-comparte-foto-con-marcos-y-el-ezln-en-chiapas\" target=\"_blank\" rel=\"noreferrer noopener\">&nbsp;Ej\u00e9rcito Zapatista de Liberaci\u00f3n Nacional&nbsp;<\/a>(EZLN), cuyo l\u00edder m\u00e1s visible es el subcomandante Marcos.<\/p>\n\n\n\n<figure class=\"wp-block-image\"><img decoding=\"async\" src=\"https:\/\/tvazteca.brightspotcdn.com\/dims4\/default\/e069817\/2147483647\/strip\/true\/crop\/3872x2592+0+0\/resize\/968x648!\/format\/jpg\/quality\/80\/?url=https%3A%2F%2Ftvazteca.brightspotcdn.com%2F6b%2Fcc%2F9a4380ef4a3da41b8353d7135f01%2Fefemerides-1-de-enero-d.jpg\" alt=\"efem\u00e9rides 1 de enero d.jpg\"\/><\/figure>\n\n\n\n<p>1994: Entra en funcionamiento el Espacio Econ\u00f3mico Europeo (EEE) y el Tratado de Libre Comercio (TLC) de Canad\u00e1, Estados Unidos y M\u00e9xico.<\/p>\n\n\n\n<p>1995: En Estados Unidos se crea la<a href=\"https:\/\/www.adn40.mx\/noticia\/finanzas\/notas\/2018-06-04-12-34\/mexico-iniciara-en-la-omc-proceso-contra-eu-por-aranceles\" target=\"_blank\" rel=\"noreferrer noopener\">&nbsp;Organizaci\u00f3n Mundial de Comercio&nbsp;<\/a>.<\/p>\n\n\n\n<p>1999: Se introduce una nueva moneda europea \u00fanica el Euro.<\/p>\n\n\n\n<p>2008: El Uruguay se convierte en el primer pa\u00eds latinoamericano que permite, en el nivel nacional, uniones civiles entre personas del mismo g\u00e9nero.<\/p>\n\n\n\n<p>2010: En Angra dos Reis (Brasil) deslizamientos de tierra provocados por lluvias resultan al menos 40 muertos.<\/p>\n\n\n\n<p>2020: En Ciudad de M\u00e9xico, entra en vigor la prohibici\u00f3n de bolsas de pl\u00e1stico de un solo uso.<\/p>\n\n\n\n<p>Fuente: https:\/\/www.adn40.mx\/mexico\/efemerides-1-de-enero-gm-especial<\/p>\n","protected":false},"excerpt":{"rendered":"<p>\u00bfSabes qu\u00e9 pas\u00f3 un d\u00eda como hoy? El 1 de enero se celebra el \u201cD\u00eda de A\u00f1o Nuevo\u201d. Conoce las [&hellip;]<\/p>\n","protected":false},"author":1,"featured_media":18535,"comment_status":"open","ping_status":"open","sticky":false,"template":"","format":"standard","meta":{"site-sidebar-layout":"default","site-content-layout":"","ast-site-content-layout":"default","site-content-style":"default","site-sidebar-style":"default","ast-global-header-display":"","ast-banner-title-visibility":"","ast-main-header-display":"","ast-hfb-above-header-display":"","ast-hfb-below-header-display":"","ast-hfb-mobile-header-display":"","site-post-title":"","ast-breadcrumbs-content":"","ast-featured-img":"","footer-sml-layout":"","theme-transparent-header-meta":"","adv-header-id-meta":"","stick-header-meta":"","header-above-stick-meta":"","header-main-stick-meta":"","header-below-stick-meta":"","astra-migrate-meta-layouts":"default","ast-page-background-enabled":"default","ast-page-background-meta":{"desktop":{"background-color":"var(--ast-global-color-4)","background-image":"","background-repeat":"repeat","background-position":"center center","background-size":"auto","background-attachment":"scroll","background-type":"","background-media":"","overlay-type":"","overlay-color":"","overlay-opacity":"","overlay-gradient":""},"tablet":{"background-color":"","background-image":"","background-repeat":"repeat","background-position":"center center","background-size":"auto","background-attachment":"scroll","background-type":"","background-media":"","overlay-type":"","overlay-color":"","overlay-opacity":"","overlay-gradient":""},"mobile":{"background-color":"","background-image":"","background-repeat":"repeat","background-position":"center center","background-size":"auto","background-attachment":"scroll","background-type":"","background-media":"","overlay-type":"","overlay-color":"","overlay-opacity":"","overlay-gradient":""}},"ast-content-background-meta":{"desktop":{"background-color":"var(--ast-global-color-5)","background-image":"","background-repeat":"repeat","background-position":"center center","background-size":"auto","background-attachment":"scroll","background-type":"","background-media":"","overlay-type":"","overlay-color":"","overlay-opacity":"","overlay-gradient":""},"tablet":{"background-color":"var(--ast-global-color-5)","background-image":"","background-repeat":"repeat","background-position":"center center","background-size":"auto","background-attachment":"scroll","background-type":"","background-media":"","overlay-type":"","overlay-color":"","overlay-opacity":"","overlay-gradient":""},"mobile":{"background-color":"var(--ast-global-color-5)","background-image":"","background-repeat":"repeat","background-position":"center center","background-size":"auto","background-attachment":"scroll","background-type":"","background-media":"","overlay-type":"","overlay-color":"","overlay-opacity":"","overlay-gradient":""}},"footnotes":""},"categories":[8],"tags":[6573,6577,6575,2051,6576,6574],"class_list":["post-18534","post","type-post","status-publish","format-standard","has-post-thumbnail","hentry","category-noticias","tag-dia-del-hijo","tag-dominio-publico","tag-euro","tag-ezln","tag-nuevo-peso-mexicano","tag-omc"],"_links":{"self":[{"href":"https:\/\/losperiodistas.com.mx\/portal\/wp-json\/wp\/v2\/posts\/18534","targetHints":{"allow":["GET"]}}],"collection":[{"href":"https:\/\/losperiodistas.com.mx\/portal\/wp-json\/wp\/v2\/posts"}],"about":[{"href":"https:\/\/losperiodistas.com.mx\/portal\/wp-json\/wp\/v2\/types\/post"}],"author":[{"embeddable":true,"href":"https:\/\/losperiodistas.com.mx\/portal\/wp-json\/wp\/v2\/users\/1"}],"replies":[{"embeddable":true,"href":"https:\/\/losperiodistas.com.mx\/portal\/wp-json\/wp\/v2\/comments?post=18534"}],"version-history":[{"count":1,"href":"https:\/\/losperiodistas.com.mx\/portal\/wp-json\/wp\/v2\/posts\/18534\/revisions"}],"predecessor-version":[{"id":18536,"href":"https:\/\/losperiodistas.com.mx\/portal\/wp-json\/wp\/v2\/posts\/18534\/revisions\/18536"}],"wp:featuredmedia":[{"embeddable":true,"href":"https:\/\/losperiodistas.com.mx\/portal\/wp-json\/wp\/v2\/media\/18535"}],"wp:attachment":[{"href":"https:\/\/losperiodistas.com.mx\/portal\/wp-json\/wp\/v2\/media?parent=18534"}],"wp:term":[{"taxonomy":"category","embeddable":true,"href":"https:\/\/losperiodistas.com.mx\/portal\/wp-json\/wp\/v2\/categories?post=18534"},{"taxonomy":"post_tag","embeddable":true,"href":"https:\/\/losperiodistas.com.mx\/portal\/wp-json\/wp\/v2\/tags?post=18534"}],"curies":[{"name":"wp","href":"https:\/\/api.w.org\/{rel}","templated":true}]}}