{"id":18531,"date":"2022-01-01T12:07:33","date_gmt":"2022-01-01T18:07:33","guid":{"rendered":"http:\/\/losperiodistas.com.mx\/portal\/?p=18531"},"modified":"2022-01-01T12:07:35","modified_gmt":"2022-01-01T18:07:35","slug":"la-estatua-de-amlo-en-atlacomulco-fue-derribada-en-primeras-horas-del-2022-proceso","status":"publish","type":"post","link":"https:\/\/losperiodistas.com.mx\/portal\/la-estatua-de-amlo-en-atlacomulco-fue-derribada-en-primeras-horas-del-2022-proceso\/","title":{"rendered":"La estatua de AMLO en Atlacomulco fue derribada en primeras horas del 2022 | Proceso"},"content":{"rendered":"\n<p style=\"font-size:18px\"><em>El presidente municipal de Atlacomulco, Roberto T\u00e9llez Monroy, de Morena, fue quien devel\u00f3 la escultura a dos d\u00edas de dejar el cargo. Hasta el momento ninguna autoridad se ha pronunciado al respecto.\u00a0<\/em><\/p>\n\n\n\n<p><\/p>\n\n\n\n<figure class=\"wp-block-image size-large\"><img fetchpriority=\"high\" decoding=\"async\" width=\"800\" height=\"450\" src=\"https:\/\/losperiodistas.com.mx\/portal\/wp-content\/uploads\/2022\/01\/f800x450-148317_199763_5538.jpeg\" alt=\"\" class=\"wp-image-18532\" srcset=\"https:\/\/losperiodistas.com.mx\/portal\/wp-content\/uploads\/2022\/01\/f800x450-148317_199763_5538.jpeg 800w, https:\/\/losperiodistas.com.mx\/portal\/wp-content\/uploads\/2022\/01\/f800x450-148317_199763_5538-300x169.jpeg 300w, https:\/\/losperiodistas.com.mx\/portal\/wp-content\/uploads\/2022\/01\/f800x450-148317_199763_5538-768x432.jpeg 768w\" sizes=\"(max-width: 800px) 100vw, 800px\" \/><figcaption><strong>Da\u00f1os.<\/strong>\u00a0La cabeza de la estatua fue cortada. Foto: @MuySuFrida<\/figcaption><\/figure>\n\n\n\n<p><\/p>\n\n\n\n<p class=\"has-vivid-cyan-blue-color has-text-color has-medium-font-size\">PROCESO<\/p>\n\n\n\n<p>CIUDAD DE M\u00c9XICO (proceso.com.mx).\u2013 La estatua de la figura del presidente Andr\u00e9s Manuel L\u00f3pez Obrador que fue develada el pasado 29 de diciembre&nbsp; en Atlacomulco,&nbsp;cuna del priismo, en el Estado de M\u00e9xico, fue derribada durante las primeras horas de este 1 de enero. La efigie fue decapitada.&nbsp;<\/p>\n\n\n\n<p>Hasta el momento ninguna autoridad se ha pronunciado al respecto.\u00a0<\/p>\n\n\n\n<p>El presidente municipal de Atlacomulco, Roberto T\u00e9llez Monroy, de Morena, fue quien devel\u00f3 la escultura a dos d\u00edas de dejar el cargo, quien\u00a0no aclar\u00f3 si se usaron recursos p\u00fablicos para edificar la estatua y para colocarla en el municipio.<\/p>\n\n\n\n<p>Ayer, el expresidente Felipe Calder\u00f3n se sum\u00f3 a la ola de cr\u00edticas por el monumento.<\/p>\n\n\n\n<p>\u201cLo cual demuestra que la 4T significa la cuarta etapa del PRI: 1. PNR, 2. PRM, 3. PRI y 4. Morena. Cada etapa ha tenido la estatua viviente de su l\u00edder m\u00e1ximo. Y adem\u00e1s\u2026 en Atlacomulco\u201d.<\/p>\n\n\n\n<figure class=\"wp-block-embed is-type-rich is-provider-twitter wp-block-embed-twitter\"><div class=\"wp-block-embed__wrapper\">\nhttps:\/\/twitter.com\/FelipeCalderon\/status\/1476958129850138630?ref_src=twsrc%5Etfw%7Ctwcamp%5Etweetembed%7Ctwterm%5E1476958129850138630%7Ctwgr%5E%7Ctwcon%5Es1_c10&#038;ref_url=https%3A%2F%2Fwww.proceso.com.mx%2Fnacional%2F2022%2F1%2F1%2Fla-estatua-de-amlo-en-atlacomulco-fue-derribada-en-primeras-horas-del-2022-278404.html\n<\/div><\/figure>\n\n\n\n<p>L\u00f3pez Obrador ha rechazado que se realicen este tipo de \u201chomenajes\u201d en su nombre, pero a\u00fan as\u00ed, el 27 de diciembre pasado se devel\u00f3 otra estatua del presidente, pero en un establecimiento cerrado. La efigie fue patrocinada por la asociaci\u00f3n de m\u00fasicos, locutores y artistas: Realidades en mi Mundo M\u00e1gico.<\/p>\n\n\n\n<p>Fuente: https:\/\/www.proceso.com.mx\/nacional\/2022\/1\/1\/la-estatua-de-amlo-en-atlacomulco-fue-derribada-en-primeras-horas-del-2022-278404.html<\/p>\n","protected":false},"excerpt":{"rendered":"<p>El presidente municipal de Atlacomulco, Roberto T\u00e9llez Monroy, de Morena, fue quien devel\u00f3 la escultura a dos d\u00edas de dejar [&hellip;]<\/p>\n","protected":false},"author":1,"featured_media":18532,"comment_status":"open","ping_status":"open","sticky":false,"template":"","format":"standard","meta":{"site-sidebar-layout":"default","site-content-layout":"","ast-site-content-layout":"default","site-content-style":"default","site-sidebar-style":"default","ast-global-header-display":"","ast-banner-title-visibility":"","ast-main-header-display":"","ast-hfb-above-header-display":"","ast-hfb-below-header-display":"","ast-hfb-mobile-header-display":"","site-post-title":"","ast-breadcrumbs-content":"","ast-featured-img":"","footer-sml-layout":"","theme-transparent-header-meta":"","adv-header-id-meta":"","stick-header-meta":"","header-above-stick-meta":"","header-main-stick-meta":"","header-below-stick-meta":"","astra-migrate-meta-layouts":"default","ast-page-background-enabled":"default","ast-page-background-meta":{"desktop":{"background-color":"var(--ast-global-color-4)","background-image":"","background-repeat":"repeat","background-position":"center center","background-size":"auto","background-attachment":"scroll","background-type":"","background-media":"","overlay-type":"","overlay-color":"","overlay-opacity":"","overlay-gradient":""},"tablet":{"background-color":"","background-image":"","background-repeat":"repeat","background-position":"center center","background-size":"auto","background-attachment":"scroll","background-type":"","background-media":"","overlay-type":"","overlay-color":"","overlay-opacity":"","overlay-gradient":""},"mobile":{"background-color":"","background-image":"","background-repeat":"repeat","background-position":"center center","background-size":"auto","background-attachment":"scroll","background-type":"","background-media":"","overlay-type":"","overlay-color":"","overlay-opacity":"","overlay-gradient":""}},"ast-content-background-meta":{"desktop":{"background-color":"var(--ast-global-color-5)","background-image":"","background-repeat":"repeat","background-position":"center center","background-size":"auto","background-attachment":"scroll","background-type":"","background-media":"","overlay-type":"","overlay-color":"","overlay-opacity":"","overlay-gradient":""},"tablet":{"background-color":"var(--ast-global-color-5)","background-image":"","background-repeat":"repeat","background-position":"center center","background-size":"auto","background-attachment":"scroll","background-type":"","background-media":"","overlay-type":"","overlay-color":"","overlay-opacity":"","overlay-gradient":""},"mobile":{"background-color":"var(--ast-global-color-5)","background-image":"","background-repeat":"repeat","background-position":"center center","background-size":"auto","background-attachment":"scroll","background-type":"","background-media":"","overlay-type":"","overlay-color":"","overlay-opacity":"","overlay-gradient":""}},"footnotes":""},"categories":[8],"tags":[6540,6541],"class_list":["post-18531","post","type-post","status-publish","format-standard","has-post-thumbnail","hentry","category-noticias","tag-amlo-estatua","tag-atlacomulco"],"_links":{"self":[{"href":"https:\/\/losperiodistas.com.mx\/portal\/wp-json\/wp\/v2\/posts\/18531","targetHints":{"allow":["GET"]}}],"collection":[{"href":"https:\/\/losperiodistas.com.mx\/portal\/wp-json\/wp\/v2\/posts"}],"about":[{"href":"https:\/\/losperiodistas.com.mx\/portal\/wp-json\/wp\/v2\/types\/post"}],"author":[{"embeddable":true,"href":"https:\/\/losperiodistas.com.mx\/portal\/wp-json\/wp\/v2\/users\/1"}],"replies":[{"embeddable":true,"href":"https:\/\/losperiodistas.com.mx\/portal\/wp-json\/wp\/v2\/comments?post=18531"}],"version-history":[{"count":1,"href":"https:\/\/losperiodistas.com.mx\/portal\/wp-json\/wp\/v2\/posts\/18531\/revisions"}],"predecessor-version":[{"id":18533,"href":"https:\/\/losperiodistas.com.mx\/portal\/wp-json\/wp\/v2\/posts\/18531\/revisions\/18533"}],"wp:featuredmedia":[{"embeddable":true,"href":"https:\/\/losperiodistas.com.mx\/portal\/wp-json\/wp\/v2\/media\/18532"}],"wp:attachment":[{"href":"https:\/\/losperiodistas.com.mx\/portal\/wp-json\/wp\/v2\/media?parent=18531"}],"wp:term":[{"taxonomy":"category","embeddable":true,"href":"https:\/\/losperiodistas.com.mx\/portal\/wp-json\/wp\/v2\/categories?post=18531"},{"taxonomy":"post_tag","embeddable":true,"href":"https:\/\/losperiodistas.com.mx\/portal\/wp-json\/wp\/v2\/tags?post=18531"}],"curies":[{"name":"wp","href":"https:\/\/api.w.org\/{rel}","templated":true}]}}