{"id":18522,"date":"2021-12-31T20:19:46","date_gmt":"2022-01-01T02:19:46","guid":{"rendered":"http:\/\/losperiodistas.com.mx\/portal\/?p=18522"},"modified":"2021-12-31T20:19:48","modified_gmt":"2022-01-01T02:19:48","slug":"ano-nuevo-asi-recibe-el-mundo-el-2022-en-medio-del-repunte-de-contagios-por-omicron-bbc","status":"publish","type":"post","link":"https:\/\/losperiodistas.com.mx\/portal\/ano-nuevo-asi-recibe-el-mundo-el-2022-en-medio-del-repunte-de-contagios-por-omicron-bbc\/","title":{"rendered":"A\u00f1o Nuevo: as\u00ed recibe el mundo el 2022, en medio del repunte de contagios por \u00f3micron | BBC"},"content":{"rendered":"\n<p><\/p>\n\n\n\n<figure class=\"wp-block-image size-large\"><img fetchpriority=\"high\" decoding=\"async\" width=\"1024\" height=\"569\" src=\"https:\/\/losperiodistas.com.mx\/portal\/wp-content\/uploads\/2021\/12\/Captura-de-Pantalla-2021-12-31-a-las-20.17.13-1024x569.png\" alt=\"\" class=\"wp-image-18523\" srcset=\"https:\/\/losperiodistas.com.mx\/portal\/wp-content\/uploads\/2021\/12\/Captura-de-Pantalla-2021-12-31-a-las-20.17.13-1024x569.png 1024w, https:\/\/losperiodistas.com.mx\/portal\/wp-content\/uploads\/2021\/12\/Captura-de-Pantalla-2021-12-31-a-las-20.17.13-300x167.png 300w, https:\/\/losperiodistas.com.mx\/portal\/wp-content\/uploads\/2021\/12\/Captura-de-Pantalla-2021-12-31-a-las-20.17.13-768x427.png 768w, https:\/\/losperiodistas.com.mx\/portal\/wp-content\/uploads\/2021\/12\/Captura-de-Pantalla-2021-12-31-a-las-20.17.13.png 1292w\" sizes=\"(max-width: 1024px) 100vw, 1024px\" \/><figcaption>La Puerta de Brandenburgo, en Berl\u00edn, fue uno de los \u00edconos en el mundo que recibi\u00f3 el nuevo a\u00f1o con fuegos artificiales.<\/figcaption><\/figure>\n\n\n\n<p><\/p>\n\n\n\n<p class=\"has-vivid-cyan-blue-color has-text-color has-medium-font-size\">BBC <\/p>\n\n\n\n<p><strong>Millones de personas ya presenciaron los fuegos artificiales de A\u00f1o Nuevo, mientras se recibe poco a poco el 2022 en distintas partes del mundo.<\/strong><\/p>\n\n\n\n<figure class=\"wp-block-image\"><img decoding=\"async\" src=\"https:\/\/ichef.bbci.co.uk\/news\/640\/cpsprodpb\/4F29\/production\/_122556202_gettyimages-1237485321.jpg\" alt=\"Fuegos artificiales sobre la Acr\u00f3polis en Atenas, Grecia.\"\/><figcaption>Pie de foto,Fuegos artificiales sobre la Acr\u00f3polis en Atenas, Grecia, para celebrar la llegada de 2022.<\/figcaption><\/figure>\n\n\n\n<p>Las celebraciones, sin embargo, contin\u00faan siendo distintas en algunos lugares ante la pandemia de covid-19, que desde 2020 obliga a los gobiernos a establecer restricciones para evitar los contagios que provocan las aglomeraciones.<\/p>\n\n\n\n<figure class=\"wp-block-image\"><img decoding=\"async\" src=\"https:\/\/ichef.bbci.co.uk\/news\/640\/cpsprodpb\/9A83\/production\/_122555593_gettyimages-1362082122.jpg\" alt=\"Fuegos artificiales en S\u00eddney, Australia.\"\/><figcaption>Pie de foto,Fuegos artificiales en S\u00eddney, Australia, sobre la bah\u00eda del Puerto Jackson.<\/figcaption><\/figure>\n\n\n\n<p>Uno de los primeros pa\u00edses del mundo en recibir el 2022 fue Australia, donde los fuegos artificiales dominaron el firmamento justo sobre la bah\u00eda del Puerto Jackson, en S\u00eddney.<\/p>\n\n\n\n<figure class=\"wp-block-image\"><img decoding=\"async\" src=\"https:\/\/ichef.bbci.co.uk\/news\/640\/cpsprodpb\/F0D7\/production\/_122555616_gettyimages-1362089237.jpg\" alt=\"Personas en las calles de la ciudad de Melboure, en Australia, reciben el A\u00f1o Nuevo\"\/><figcaption>Pie de foto,En Australia algunas personas salieron a las calles, como en la ciudad de Melboure.<\/figcaption><\/figure>\n\n\n\n<p>Pese a la pandemia, la sonrisa de las personas puede observarse en las im\u00e1genes del evento.<a href=\"https:\/\/www.bbc.com\/mundo\/institucional\/2012\/06\/000000_ayuda_sobre_publicidad\">PUBLICIDAD<\/a><\/p>\n\n\n\n<figure class=\"wp-block-image\"><img decoding=\"async\" src=\"https:\/\/ichef.bbci.co.uk\/news\/640\/cpsprodpb\/4C63\/production\/_122555591_gettyimages-1362060431.jpg\" alt=\"Espect\u00e1culo de luces en Auckland, capital de Nueva Zelanda.\"\/><figcaption>Pie de foto,Espect\u00e1culo de luces en Auckland, capital de Nueva Zelanda.<\/figcaption><\/figure>\n\n\n\n<figure class=\"wp-block-image\"><img decoding=\"async\" src=\"https:\/\/ichef.bbci.co.uk\/news\/640\/cpsprodpb\/180FB\/production\/_122555589_gettyimages-1362098455.jpg\" alt=\"Fuegos artificiales en Taipei, capital de Taiw\u00e1n.\"\/><figcaption>Pie de foto,Fuegos artificiales en Taipei, capital de Taiw\u00e1n.<\/figcaption><\/figure>\n\n\n\n<p>En Taiw\u00e1n hubo un espect\u00e1culo de fuegos artificiales en el distrito Xinyi de Taipei. Como en Australia, tambi\u00e9n se permiti\u00f3 que personas se reuniera n a presenciar la actividad.<\/p>\n\n\n\n<figure class=\"wp-block-image\"><img decoding=\"async\" src=\"https:\/\/ichef.bbci.co.uk\/news\/640\/cpsprodpb\/0677\/production\/_122555610_gettyimages-1237483193.jpg\" alt=\"Un hombre con ropa de luces recibe el 2022 en las calles de Tokio, Jap\u00f3n\"\/><figcaption>Pie de foto,En Jap\u00f3n la poblaci\u00f3n sali\u00f3 a la calle y recibi\u00f3 el 2022 con vistosos vestuarios y ante una fuerte presencia policial.<\/figcaption><\/figure>\n\n\n\n<p>Mientras, en Tokio la alegr\u00eda inundaba las calles. La gente recibi\u00f3 el 2022 reunidos, sobre todo en Shibuya, con vestuarios vistosos, sonrisas y una fuerte presencia policial.<\/p>\n\n\n\n<figure class=\"wp-block-image\"><img decoding=\"async\" src=\"https:\/\/ichef.bbci.co.uk\/news\/640\/cpsprodpb\/A2B7\/production\/_122555614_gettyimages-1362098307.jpg\" alt=\"Personas conglomeradas en las calles de Jap\u00f3n durante la celebraci\u00f3n de A\u00f1o Nuevo. Un hombre lleva un traje de Pikachu\"\/><\/figure>\n\n\n\n<p>El nuevo a\u00f1o es recibido bajo un manto de incertidumbre, ante la aparici\u00f3n de la nueva variante \u00f3micron, que es mucho m\u00e1s contagiosa que las versiones anteriores y se propaga con rapidez en todo el planeta.<\/p>\n\n\n\n<p>Hasta el jueves, se reportaron 1.944.392 nuevos casos del virus en el mundo.<\/p>\n\n\n\n<p>Numerosos gobiernos temen que el aumento de infecciones sature los hospitales, aunque estudios preliminares indican que la variante \u00f3micron genera efectos m\u00e1s leves que sus predecesoras.<\/p>\n\n\n\n<p>Este invierno tambi\u00e9n se ve afectado por la limitaci\u00f3n de viajes a\u00e9reos, ante las miles de cancelaciones que provoca el coronavirus, tras afectar las tripulaciones de varias aerol\u00edneas.<\/p>\n\n\n\n<p>Fuente: https:\/\/www.bbc.com\/mundo\/noticias-59843327<\/p>\n","protected":false},"excerpt":{"rendered":"<p>BBC Millones de personas ya presenciaron los fuegos artificiales de A\u00f1o Nuevo, mientras se recibe poco a poco el 2022 [&hellip;]<\/p>\n","protected":false},"author":1,"featured_media":18523,"comment_status":"open","ping_status":"open","sticky":false,"template":"","format":"standard","meta":{"site-sidebar-layout":"default","site-content-layout":"","ast-site-content-layout":"default","site-content-style":"default","site-sidebar-style":"default","ast-global-header-display":"","ast-banner-title-visibility":"","ast-main-header-display":"","ast-hfb-above-header-display":"","ast-hfb-below-header-display":"","ast-hfb-mobile-header-display":"","site-post-title":"","ast-breadcrumbs-content":"","ast-featured-img":"","footer-sml-layout":"","theme-transparent-header-meta":"","adv-header-id-meta":"","stick-header-meta":"","header-above-stick-meta":"","header-main-stick-meta":"","header-below-stick-meta":"","astra-migrate-meta-layouts":"default","ast-page-background-enabled":"default","ast-page-background-meta":{"desktop":{"background-color":"var(--ast-global-color-4)","background-image":"","background-repeat":"repeat","background-position":"center center","background-size":"auto","background-attachment":"scroll","background-type":"","background-media":"","overlay-type":"","overlay-color":"","overlay-opacity":"","overlay-gradient":""},"tablet":{"background-color":"","background-image":"","background-repeat":"repeat","background-position":"center center","background-size":"auto","background-attachment":"scroll","background-type":"","background-media":"","overlay-type":"","overlay-color":"","overlay-opacity":"","overlay-gradient":""},"mobile":{"background-color":"","background-image":"","background-repeat":"repeat","background-position":"center center","background-size":"auto","background-attachment":"scroll","background-type":"","background-media":"","overlay-type":"","overlay-color":"","overlay-opacity":"","overlay-gradient":""}},"ast-content-background-meta":{"desktop":{"background-color":"var(--ast-global-color-5)","background-image":"","background-repeat":"repeat","background-position":"center center","background-size":"auto","background-attachment":"scroll","background-type":"","background-media":"","overlay-type":"","overlay-color":"","overlay-opacity":"","overlay-gradient":""},"tablet":{"background-color":"var(--ast-global-color-5)","background-image":"","background-repeat":"repeat","background-position":"center center","background-size":"auto","background-attachment":"scroll","background-type":"","background-media":"","overlay-type":"","overlay-color":"","overlay-opacity":"","overlay-gradient":""},"mobile":{"background-color":"var(--ast-global-color-5)","background-image":"","background-repeat":"repeat","background-position":"center center","background-size":"auto","background-attachment":"scroll","background-type":"","background-media":"","overlay-type":"","overlay-color":"","overlay-opacity":"","overlay-gradient":""}},"footnotes":""},"categories":[8],"tags":[6572],"class_list":["post-18522","post","type-post","status-publish","format-standard","has-post-thumbnail","hentry","category-noticias","tag-ano-nuevo-2022"],"_links":{"self":[{"href":"https:\/\/losperiodistas.com.mx\/portal\/wp-json\/wp\/v2\/posts\/18522","targetHints":{"allow":["GET"]}}],"collection":[{"href":"https:\/\/losperiodistas.com.mx\/portal\/wp-json\/wp\/v2\/posts"}],"about":[{"href":"https:\/\/losperiodistas.com.mx\/portal\/wp-json\/wp\/v2\/types\/post"}],"author":[{"embeddable":true,"href":"https:\/\/losperiodistas.com.mx\/portal\/wp-json\/wp\/v2\/users\/1"}],"replies":[{"embeddable":true,"href":"https:\/\/losperiodistas.com.mx\/portal\/wp-json\/wp\/v2\/comments?post=18522"}],"version-history":[{"count":1,"href":"https:\/\/losperiodistas.com.mx\/portal\/wp-json\/wp\/v2\/posts\/18522\/revisions"}],"predecessor-version":[{"id":18524,"href":"https:\/\/losperiodistas.com.mx\/portal\/wp-json\/wp\/v2\/posts\/18522\/revisions\/18524"}],"wp:featuredmedia":[{"embeddable":true,"href":"https:\/\/losperiodistas.com.mx\/portal\/wp-json\/wp\/v2\/media\/18523"}],"wp:attachment":[{"href":"https:\/\/losperiodistas.com.mx\/portal\/wp-json\/wp\/v2\/media?parent=18522"}],"wp:term":[{"taxonomy":"category","embeddable":true,"href":"https:\/\/losperiodistas.com.mx\/portal\/wp-json\/wp\/v2\/categories?post=18522"},{"taxonomy":"post_tag","embeddable":true,"href":"https:\/\/losperiodistas.com.mx\/portal\/wp-json\/wp\/v2\/tags?post=18522"}],"curies":[{"name":"wp","href":"https:\/\/api.w.org\/{rel}","templated":true}]}}