{"id":18519,"date":"2021-12-31T20:12:29","date_gmt":"2022-01-01T02:12:29","guid":{"rendered":"http:\/\/losperiodistas.com.mx\/portal\/?p=18519"},"modified":"2021-12-31T20:12:31","modified_gmt":"2022-01-01T02:12:31","slug":"en-puebla-no-habra-regreso-presencial-a-clases-el-3-de-enero-oem","status":"publish","type":"post","link":"https:\/\/losperiodistas.com.mx\/portal\/en-puebla-no-habra-regreso-presencial-a-clases-el-3-de-enero-oem\/","title":{"rendered":"En Puebla, no habr\u00e1 regreso presencial a clases el 3 de enero | OEM"},"content":{"rendered":"\n<p style=\"font-size:18px\"><em>Se mantendr\u00e1 retorno a las aulas con modelo h\u00edbrido y de manera escalonada<\/em><\/p>\n\n\n\n<p><\/p>\n\n\n\n<figure class=\"wp-block-image size-large\"><img fetchpriority=\"high\" decoding=\"async\" width=\"1024\" height=\"709\" src=\"https:\/\/losperiodistas.com.mx\/portal\/wp-content\/uploads\/2021\/12\/Captura-de-Pantalla-2021-12-31-a-las-20.09.26-1024x709.jpg\" alt=\"\" class=\"wp-image-18520\" srcset=\"https:\/\/losperiodistas.com.mx\/portal\/wp-content\/uploads\/2021\/12\/Captura-de-Pantalla-2021-12-31-a-las-20.09.26-1024x709.jpg 1024w, https:\/\/losperiodistas.com.mx\/portal\/wp-content\/uploads\/2021\/12\/Captura-de-Pantalla-2021-12-31-a-las-20.09.26-300x208.jpg 300w, https:\/\/losperiodistas.com.mx\/portal\/wp-content\/uploads\/2021\/12\/Captura-de-Pantalla-2021-12-31-a-las-20.09.26-768x531.jpg 768w, https:\/\/losperiodistas.com.mx\/portal\/wp-content\/uploads\/2021\/12\/Captura-de-Pantalla-2021-12-31-a-las-20.09.26.jpg 1500w\" sizes=\"(max-width: 1024px) 100vw, 1024px\" \/><\/figure>\n\n\n\n<p class=\"has-vivid-cyan-blue-color has-text-color has-medium-font-size\">EL SOL DE PUEBLA<\/p>\n\n\n\n<p>Con el<strong>&nbsp;sistema escolarizado presencial escalonado<\/strong>&nbsp;y bajo el&nbsp;<strong>modelo educativo h\u00edbrido,<\/strong>&nbsp;este lunes 3 de enero de 2022 regresar\u00e1n a clases un&nbsp;<strong>mill\u00f3n 677 mil 401 estudiantes<\/strong>&nbsp;de los niveles b\u00e1sico y media superior, inform\u00f3 la Secretar\u00eda de Educaci\u00f3n P\u00fablica.<\/p>\n\n\n\n<p>Mediante un comunicado de prensa emitido este viernes, la dependencia estatal se\u00f1al\u00f3 la reanudaci\u00f3n de las actividades con total apego a los protocolos de sanidad tanto en instituciones p\u00fablicas y privadas de educaci\u00f3n obligatoria.<\/p>\n\n\n\n<p>La SEP precis\u00f3 que el retorno a las aulas ser\u00e1 \u201c<strong><em>acorde a los d\u00edas, cantidad de alumnos, as\u00ed como las condiciones que cada plantel y nivel educativo se\u00f1ale<\/em><\/strong>\u201d.<\/p>\n\n\n\n<p>De acuerdo con lo se\u00f1alado, los estudiantes, personal docente y administrativo regresar\u00e1n bajo los filtros sanitarios desde casa y al ingreso. Asimismo, durante la permanencia en las escuelas limpieza y desinfecci\u00f3n constante de espacios comunes, se deber\u00e1 usar cubrebocas, agua, jab\u00f3n o gel antibacterial, mantener la sana distancia, respetar las se\u00f1al\u00e9ticas de entrada y salida de los inmuebles.<\/p>\n\n\n\n<p>\u201c<strong><em>La Secretar\u00eda de Educaci\u00f3n permanecer\u00e1 atenta al registro de los posibles casos de COVID-19, que durante los filtros de ingreso en cada plantel educativo detecten los docentes; asimismo, exhorta a madres y padres de familia a informar a las autoridades educativas y sanitarias sobre cualquier situaci\u00f3n al respecto<\/em><\/strong>\u201d, se\u00f1al\u00f3.<\/p>\n\n\n\n<p>Fuente: https:\/\/www.elsoldepuebla.com.mx\/local\/en-puebla-no-habra-regreso-presencial-a-clases-el-3-de-enero-7674373.html<\/p>\n","protected":false},"excerpt":{"rendered":"<p>Se mantendr\u00e1 retorno a las aulas con modelo h\u00edbrido y de manera escalonada EL SOL DE PUEBLA Con el&nbsp;sistema escolarizado [&hellip;]<\/p>\n","protected":false},"author":1,"featured_media":18520,"comment_status":"open","ping_status":"open","sticky":false,"template":"","format":"standard","meta":{"site-sidebar-layout":"default","site-content-layout":"","ast-site-content-layout":"default","site-content-style":"default","site-sidebar-style":"default","ast-global-header-display":"","ast-banner-title-visibility":"","ast-main-header-display":"","ast-hfb-above-header-display":"","ast-hfb-below-header-display":"","ast-hfb-mobile-header-display":"","site-post-title":"","ast-breadcrumbs-content":"","ast-featured-img":"","footer-sml-layout":"","theme-transparent-header-meta":"","adv-header-id-meta":"","stick-header-meta":"","header-above-stick-meta":"","header-main-stick-meta":"","header-below-stick-meta":"","astra-migrate-meta-layouts":"default","ast-page-background-enabled":"default","ast-page-background-meta":{"desktop":{"background-color":"var(--ast-global-color-4)","background-image":"","background-repeat":"repeat","background-position":"center center","background-size":"auto","background-attachment":"scroll","background-type":"","background-media":"","overlay-type":"","overlay-color":"","overlay-opacity":"","overlay-gradient":""},"tablet":{"background-color":"","background-image":"","background-repeat":"repeat","background-position":"center center","background-size":"auto","background-attachment":"scroll","background-type":"","background-media":"","overlay-type":"","overlay-color":"","overlay-opacity":"","overlay-gradient":""},"mobile":{"background-color":"","background-image":"","background-repeat":"repeat","background-position":"center center","background-size":"auto","background-attachment":"scroll","background-type":"","background-media":"","overlay-type":"","overlay-color":"","overlay-opacity":"","overlay-gradient":""}},"ast-content-background-meta":{"desktop":{"background-color":"var(--ast-global-color-5)","background-image":"","background-repeat":"repeat","background-position":"center center","background-size":"auto","background-attachment":"scroll","background-type":"","background-media":"","overlay-type":"","overlay-color":"","overlay-opacity":"","overlay-gradient":""},"tablet":{"background-color":"var(--ast-global-color-5)","background-image":"","background-repeat":"repeat","background-position":"center center","background-size":"auto","background-attachment":"scroll","background-type":"","background-media":"","overlay-type":"","overlay-color":"","overlay-opacity":"","overlay-gradient":""},"mobile":{"background-color":"var(--ast-global-color-5)","background-image":"","background-repeat":"repeat","background-position":"center center","background-size":"auto","background-attachment":"scroll","background-type":"","background-media":"","overlay-type":"","overlay-color":"","overlay-opacity":"","overlay-gradient":""}},"footnotes":""},"categories":[8],"tags":[6571,6570],"class_list":["post-18519","post","type-post","status-publish","format-standard","has-post-thumbnail","hentry","category-noticias","tag-puebla-sep","tag-regreso-a-clases-hibrido"],"_links":{"self":[{"href":"https:\/\/losperiodistas.com.mx\/portal\/wp-json\/wp\/v2\/posts\/18519","targetHints":{"allow":["GET"]}}],"collection":[{"href":"https:\/\/losperiodistas.com.mx\/portal\/wp-json\/wp\/v2\/posts"}],"about":[{"href":"https:\/\/losperiodistas.com.mx\/portal\/wp-json\/wp\/v2\/types\/post"}],"author":[{"embeddable":true,"href":"https:\/\/losperiodistas.com.mx\/portal\/wp-json\/wp\/v2\/users\/1"}],"replies":[{"embeddable":true,"href":"https:\/\/losperiodistas.com.mx\/portal\/wp-json\/wp\/v2\/comments?post=18519"}],"version-history":[{"count":1,"href":"https:\/\/losperiodistas.com.mx\/portal\/wp-json\/wp\/v2\/posts\/18519\/revisions"}],"predecessor-version":[{"id":18521,"href":"https:\/\/losperiodistas.com.mx\/portal\/wp-json\/wp\/v2\/posts\/18519\/revisions\/18521"}],"wp:featuredmedia":[{"embeddable":true,"href":"https:\/\/losperiodistas.com.mx\/portal\/wp-json\/wp\/v2\/media\/18520"}],"wp:attachment":[{"href":"https:\/\/losperiodistas.com.mx\/portal\/wp-json\/wp\/v2\/media?parent=18519"}],"wp:term":[{"taxonomy":"category","embeddable":true,"href":"https:\/\/losperiodistas.com.mx\/portal\/wp-json\/wp\/v2\/categories?post=18519"},{"taxonomy":"post_tag","embeddable":true,"href":"https:\/\/losperiodistas.com.mx\/portal\/wp-json\/wp\/v2\/tags?post=18519"}],"curies":[{"name":"wp","href":"https:\/\/api.w.org\/{rel}","templated":true}]}}