{"id":18513,"date":"2021-12-31T19:55:35","date_gmt":"2022-01-01T01:55:35","guid":{"rendered":"http:\/\/losperiodistas.com.mx\/portal\/?p=18513"},"modified":"2021-12-31T19:55:37","modified_gmt":"2022-01-01T01:55:37","slug":"el-vestido-de-cristina-pedroche-en-las-campanadas-recrea-una-libelula-y-es-una-pieza-del-museo-manuel-pina-yo-dona","status":"publish","type":"post","link":"https:\/\/losperiodistas.com.mx\/portal\/el-vestido-de-cristina-pedroche-en-las-campanadas-recrea-una-libelula-y-es-una-pieza-del-museo-manuel-pina-yo-dona\/","title":{"rendered":"El vestido de Cristina Pedroche en las campanadas recrea una lib\u00e9lula (y es una pieza del Museo Manuel Pi\u00f1a) | Yo Dona"},"content":{"rendered":"\n<p style=\"font-size:18px\"><em>La presentadora ha lucido una creaci\u00f3n de 1991 del dise\u00f1ador manchego Manuel Pi\u00f1a, una capa alada de BUJ Studio y complementos de Manuel Albarr\u00e1n; un look perge\u00f1ado, un a\u00f1o m\u00e1s, por Josie.<\/em><\/p>\n\n\n\n<p><\/p>\n\n\n\n<figure class=\"wp-block-image size-large\"><img fetchpriority=\"high\" decoding=\"async\" width=\"942\" height=\"714\" src=\"https:\/\/losperiodistas.com.mx\/portal\/wp-content\/uploads\/2021\/12\/Captura-de-Pantalla-2021-12-31-a-las-19.51.22.png\" alt=\"\" class=\"wp-image-18514\" srcset=\"https:\/\/losperiodistas.com.mx\/portal\/wp-content\/uploads\/2021\/12\/Captura-de-Pantalla-2021-12-31-a-las-19.51.22.png 942w, https:\/\/losperiodistas.com.mx\/portal\/wp-content\/uploads\/2021\/12\/Captura-de-Pantalla-2021-12-31-a-las-19.51.22-300x227.png 300w, https:\/\/losperiodistas.com.mx\/portal\/wp-content\/uploads\/2021\/12\/Captura-de-Pantalla-2021-12-31-a-las-19.51.22-768x582.png 768w\" sizes=\"(max-width: 942px) 100vw, 942px\" \/><figcaption><strong>Juan Borgognoni<\/strong><\/figcaption><\/figure>\n\n\n\n<p><\/p>\n\n\n\n<p class=\"has-vivid-cyan-blue-color has-text-color has-medium-font-size\">MAR\u00cdA JOS\u00c9 P\u00c9REZ M\u00c9NDEZ \/ YO DONA \/ EL MUNDO<\/p>\n\n\n\n<p>Para esta nueva edici\u00f3n del vestido m\u00e1s comentado cada 1 de enero en nuestro pa\u00eds,<strong>\u00a0Cristina Pedroche y Josie<\/strong>, a cargo de la\u00a0<strong>direcci\u00f3n creativa del estilismo<\/strong>, no han escogido solamente un vestido epatante:\u00a0<strong>han elegido una pieza de museo<\/strong>. El\u00a0<strong>vestido\u00a0<\/strong>que ha lucido la presentadora para dar las\u00a0<strong>campanadas en Antena 3\u00a0<\/strong>y arrancar\u00a0<strong>2022\u00a0<\/strong>es\u00a0<strong>una pieza de la colecci\u00f3n de primavera-verano 1991 de Manuel Pi\u00f1a<\/strong>, el desaparecido dise\u00f1ador que marc\u00f3 la Movida Madrile\u00f1a y cuya figura se homenajea en el <a href=\"https:\/\/www.manzanares.es\/centros\/museo-manuel-pina\"><strong><u>Museo Manuel Pi\u00f1a de Manzanares<\/u><\/strong><\/a><strong>\u00a0(Ciudad Real)<\/strong>. Sin embargo, primero hay que hablar de lo evidente:\u00a0<strong>el estilismo recuerda a una lib\u00e9lula e incluso a un escarabajo, s\u00edmbolo de la desaparecida marca del manchego.<\/strong><\/p>\n\n\n\n<p><strong>\u00abEste es un look que gira en torno a una pieza de museo\u00bb, comenta Josie en exclusiva a Yo Dona<\/strong>. \u00ab<strong>Este vestido del pasado (Manuel Pi\u00f1a primavera-verano 1991) busca volver al presente<\/strong>&nbsp;y formarte de un look contempor\u00e1neo propio de 2022, y para ello dialoga con una&nbsp;<strong>capa alada de&nbsp;<\/strong><a href=\"https:\/\/www.buj.studio\/\"><strong><u>BUJ Studio<\/u><\/strong><\/a><strong>&nbsp;y los complementos de acero de&nbsp;<\/strong><a href=\"https:\/\/www.manuelalbarran.com\/\"><strong><u>Manuel Albarr\u00e1n<\/u><\/strong><\/a><strong>.<\/strong>&nbsp;Es un look homenaje a Manuel Pi\u00f1a, un&nbsp;<strong>homenaje honorario de m\u00e1xima audiencia para uno de los creadores de moda m\u00e1s potentes<\/strong>&nbsp;de la generaci\u00f3n de los ochenta, cuya obra hemos visto escondida tras muchos dise\u00f1os creados por marcas m\u00e1s contempor\u00e1neas que lo han hecho apetecible de nuevo aunque sin acreditarlo\u00bb, contin\u00faa.<\/p>\n\n\n\n<figure class=\"wp-block-image\"><img decoding=\"async\" src=\"https:\/\/e00-elmundo.uecdn.es\/assets\/multimedia\/imagenes\/2021\/12\/30\/16408860322465.jpg\" alt=\"Cristina Pedroche luce un dise\u00f1o del Museo de Manuel Pi\u00f1a para Campanadas 2022 bajo la\n\ndirecci\u00f3n creativa de Josie.\"\/><figcaption>Cristina Pedroche luce un dise\u00f1o del Museo de Manuel Pi\u00f1a para Campanadas 2022 bajo la direcci\u00f3n creativa de Josie.<strong>Juan Borgognoni<\/strong><\/figcaption><\/figure>\n\n\n\n<p>En este sentido, el Museo ejerce una labor de conservaci\u00f3n y difusi\u00f3n ineludibles, que ahora se ven potenciadas gracias a este acontecimiento.<strong>&nbsp;\u00abPara el Museo Manuel Pi\u00f1a de Manzanares es un proyecto muy ilusionante y un impulso muy importante para la difusi\u00f3n de la figura de Manuel Pi\u00f1a<\/strong>, que es para lo que trabajamos\u00bb, cuenta a Yo Dona&nbsp;<strong>Juli\u00e1n Nieva, Alcalde de Manzanares<\/strong>. \u00abEs obvio que un evento como este, con una audiencia tan incre\u00edble,&nbsp;<strong>es el mejor escaparate y altavoz que podr\u00edamos tener para darlo a conocer al gran p\u00fablico<\/strong>, para el que Manuel Pi\u00f1a, fallecido hace 27 a\u00f1os, es un gran desconocido. Aunque no deja de ser un momento festivo,&nbsp;<strong>Cristina Pedroche ha conseguido que su retransmisi\u00f3n de las campanadas, a trav\u00e9s de la moda, tenga siempre un mensaje.&nbsp;<\/strong>Este a\u00f1o, adem\u00e1s, se ha convertido en un homenaje a uno de los grandes de la moda espa\u00f1ola\u00bb.<\/p>\n\n\n\n<figure class=\"wp-block-image\"><img decoding=\"async\" src=\"https:\/\/e00-elmundo.uecdn.es\/assets\/multimedia\/imagenes\/2021\/12\/30\/16408860371270.jpg\" alt=\"\"\/><figcaption><strong>Juan Borgognoni<\/strong><\/figcaption><\/figure>\n\n\n\n<p><strong>\u00abHay un componente muy personal en todo esto<\/strong>&nbsp;por los or\u00edgenes que me unen al genio autodidacta manchego, al que tuve el honor de conocer cuando yo era ni\u00f1o&#8230;\u00bb, explica Josie. \u00abHa sido una suerte inmensa&nbsp;<strong>poder reclamar su figura en un evento de m\u00e1xima audiencia cuya exposici\u00f3n ha ido creciendo durante seis a\u00f1os de trabajo junto a Cristina Pedroche<\/strong>. No pod\u00eda dejar pasar la oportunidad de&nbsp;<strong>divulgar moda para esta audiencia m\u00e1xima<\/strong>, que seguro no se ha percatado de la importancia de este creador en general y en 2022 en particular; ya que dise\u00f1adores de todo el planeta est\u00e1n comenzando a revisar siluetas muy parecidas a las que Manuel Pi\u00f1a cultiv\u00f3 durante su carrera\u00bb.<\/p>\n\n\n\n<p>La elecci\u00f3n de esta pieza y la tem\u00e1tica que la vertebra, que no es otra que la&nbsp;<strong>metamorfosis de los insectos<\/strong>, supone un&nbsp;<strong>salto cualitativo para Pedroche y su equipo<\/strong>, que se erigen no solo como una met\u00e1fora de una ansiada transformaci\u00f3n general, sino tambi\u00e9n con<strong>&nbsp;divulgadores de una moda alejada de los grandes n\u00facleos urbanos.<\/strong>&nbsp;La cultura sucede en los m\u00e1rgenes.<\/p>\n\n\n\n<p>\u00abTodos los responsables de esta acci\u00f3n<strong>&nbsp;hemos actualizado la inspiraci\u00f3n en la metamorfosis<\/strong>&nbsp;de los insectos y hemos seguido su boceto original [de Manuel Pi\u00f1a] para que una especie de&nbsp;<strong>luci\u00e9rnaga pospand\u00e9mica nos traiga luz y la esperanza<\/strong>&nbsp;a trav\u00e9s de Cristina Pedroche, con su energ\u00eda \u00fanica\u00bb, desarrolla Josie. \u00abHay pasado, presente y futuro en un look que estoy convencido, no dejar\u00e1 indiferente a nadie\u00bb. Y precisamente por eso, estos son todos los detalles del look de Cristina Pedroche.<\/p>\n\n\n\n<h2 class=\"wp-block-heading\">EL VESTIDO DE CRISTINA PEDROCHE<\/h2>\n\n\n\n<p><strong>\u00abEl Manuel Pi\u00f1a se hizo en 1990 y pertenece a su Museo de Manzanares, donde volver\u00e1 para exponerse durante 2022 con este&nbsp;<\/strong><em><strong>trouseau&nbsp;<\/strong><\/em><strong>de a\u00f1o nuevo<\/strong>&nbsp;que invita a visitar museos como este, los que&nbsp;<strong>escapan al circuito cultural de las grandes capitales<\/strong>\u00ab, comenta Josie para Yo Dona. Las coordenadas t\u00e9cnicas son tan excepcionales como el hecho de que en un \u00abevento de m\u00e1xima audiencia y fantasiosas caracter\u00edsticas\u00bb se haga una<strong>&nbsp;\u00abllamada tur\u00edstico-cultural\u00bb<\/strong>&nbsp;(como comenta Josie). \u00bfLo primero a tener en cuenta? El material.<\/p>\n\n\n\n<figure class=\"wp-block-image\"><img decoding=\"async\" src=\"https:\/\/e00-elmundo.uecdn.es\/assets\/multimedia\/imagenes\/2021\/12\/30\/16408860362435.jpg\" alt=\"\"\/><figcaption><strong>Juan Borgognoni<\/strong><\/figcaption><\/figure>\n\n\n\n<p><strong>El vestido es la pieza I.0116 del museo manchego<\/strong>, un&nbsp;<strong>dise\u00f1o transparente que est\u00e1 confeccionado en tafet\u00e1n calado y metalizado<\/strong>; una elecci\u00f3n que realiz\u00f3 el dise\u00f1ador en el a\u00f1o 1990 para ilustrar la metamorfosis de los insectos,&nbsp;<strong>su renacer tras abandonar su cris\u00e1lida<\/strong>. Adem\u00e1s, la prenda est\u00e1 acabada con<strong>&nbsp;remaches met\u00e1licos<\/strong>&nbsp;que crean un caparaz\u00f3n de escarabajo, el logotipo de una marca ya desaparecida. Una imagen que simboliza la&nbsp;<strong>transformaci\u00f3n necesaria en estos tiempos inciertos<\/strong>&nbsp;y que, adem\u00e1s, est\u00e1 rematada por la capa realizada por&nbsp;<a href=\"https:\/\/www.instagram.com\/buj.studio\/?hl=es\"><u>BUJ Studio<\/u><\/a>&nbsp;y los complementos de Manuel Albarr\u00e1n.<\/p>\n\n\n\n<figure class=\"wp-block-image\"><img decoding=\"async\" src=\"https:\/\/e00-elmundo.uecdn.es\/assets\/multimedia\/imagenes\/2021\/12\/30\/16408860329310.jpg\" alt=\"Boceto original del dise\u00f1o de Manuel Pi\u00f1a.\"\/><figcaption>Boceto original del dise\u00f1o de Manuel Pi\u00f1a.<\/figcaption><\/figure>\n\n\n\n<h2 class=\"wp-block-heading\">LA CAPA DEL LOOK DE CRISTINA PEDROCHE<\/h2>\n\n\n\n<p>La segunda pieza m\u00e1s destacada de la noche ha corrido a cargo de&nbsp;<strong>BUJ Studio, marca especializada en moda experimental y en dise\u00f1os en 3D&nbsp;<\/strong>que puso en marcha la&nbsp;<strong>dise\u00f1adora de moda y arquitecta Raquel Buj.<\/strong>&nbsp;La tem\u00e1tica estaba clara: la metamorfosis. El reto, tambi\u00e9n: que la capa dialogase con la pieza de Manuel Pi\u00f1a y la sublimase.<\/p>\n\n\n\n<p>\u00abLas obras de Manuel Pi\u00f1a son fascinantes y me resultan muy contempor\u00e1neas\u00bb, cuenta Buj a Yo Dona.<strong>&nbsp;\u00abHemos dialogado con la obra de Manuel Pi\u00f1a en muchos aspectos tanto materiales como conceptuales.<\/strong>&nbsp;La experimentaci\u00f3n con nuevos materiales y la visi\u00f3n art\u00edstica de la moda de Manuel Pi\u00f1a me resultan fascinantes y son la base de nuestro trabajo. En mi estudio experimentamos con todo tipo de materiales, en muchos casos rescatados de otras disciplinas, los trabajamos con&nbsp;<strong>t\u00e9cnicas artesanales y tecnol\u00f3gicas<\/strong>&nbsp;para generar nuevas materialidades m\u00e1s sensibles con los otrxs y con el entorno\u00bb, comenta la dise\u00f1adora.<\/p>\n\n\n\n<figure class=\"wp-block-image\"><img decoding=\"async\" src=\"https:\/\/e00-elmundo.uecdn.es\/assets\/multimedia\/imagenes\/2021\/12\/30\/16408860440380.jpg\" alt=\"Cristina Pedroche con vestido de Manuel Pi\u00f1a, capa alada de BUJ Studio y complementos de Manuel Albarr\u00e1n.\"\/><figcaption>Cristina Pedroche con vestido de Manuel Pi\u00f1a, capa alada de BUJ Studio y complementos de Manuel Albarr\u00e1n.<strong>Juan Borgognoni<\/strong><\/figcaption><\/figure>\n\n\n\n<p>\u00abEl vestido de Manuel Pi\u00f1a que lleva Cristina en las campanadas est\u00e1 hecho con&nbsp;<strong>un material muy interesante, una especie de malla transparente con tonos met\u00e1licos e irisados cuyos vol\u00famenes est\u00e1n inspirados en la piel de un insecto<\/strong>\u00ab, contin\u00faa. \u00abPara el dise\u00f1o de la capa que cubre el vestido,&nbsp;<strong>reutilizamos algunos materiales de nuestro estudio que dialogasen con el material irisado del vestido.<\/strong>&nbsp;Lo mezclamos con diversas t\u00e9cnicas y materiales para conferir una&nbsp;<strong>textura org\u00e1nica y cambiante<\/strong>&nbsp;inspirada en la referencia del insecto del vestido de Manuel Pi\u00f1a. Hemos aprendido mucho de la obra de Manuel Pi\u00f1a, trabajando a su vez, en la misma l\u00ednea del estudio, construyendo<strong>&nbsp;nueva piel m\u00e1s sensible para la capa<\/strong>\u00ab. Una vez completados los requerimientos conceptuales, toca atender a los t\u00e9cnicos.&nbsp;<strong>580 horas de trabajo<\/strong>&nbsp;mediante (250 horas para l\u00e1piz 3D, 150 horas de manipulaci\u00f3n calor, 150 de manipulaci\u00f3n de materiales, confecci\u00f3n y 30 horas de corte l\u00e1ser).<\/p>\n\n\n\n<p><strong>\u00abLa estructura para sujetar las alas entre s\u00ed y al cuerpo de la capa supuso un reto interesante\u00bb<\/strong>, cuenta Buj. \u00abPor un lado,&nbsp;<strong>las alas no pod\u00edan ser muy pesadas para que no cayeran por su propio peso, pero, a su vez, ten\u00edan que ser autoportantes.<\/strong>&nbsp;Nos fijamos en el interesante dise\u00f1o de las&nbsp;<strong>alas de lib\u00e9lulas y mariposas, ligeras y resistentes<\/strong>. Dibujamos digitalmente su forma y su estructura interna de venas que cortamos a l\u00e1ser en varios materiales. A\u00fan con el dise\u00f1o de alas optimizado, sujetarlas a la capa no resultaba f\u00e1cil.&nbsp;<strong>Mediante un trabajo intenso con el l\u00e1piz de impresi\u00f3n 3d y diversos filamentos<\/strong>&nbsp;pudimos generar una estructura muy resistente de uni\u00f3n entre s\u00ed y a la capa. Adem\u00e1s, esta t\u00e9cnica nos ayud\u00f3 a conferir a la capa una textura muy org\u00e1nica y cambiante que pareciera estar fabricada directamente por un insecto\u00bb.<\/p>\n\n\n\n<p>Entre los materiales empleados est\u00e1n&nbsp;<strong>PETG transparente y filamentos de impresi\u00f3n 3D de PLA y TPU<\/strong>&nbsp;en distintos tonos, adem\u00e1s de l\u00e1minas hidrosolubles.<\/p>\n\n\n\n<h2 class=\"wp-block-heading\">LOS COMPLEMENTOS DEL LOOK DE CRISTINA PEDROCHE<\/h2>\n\n\n\n<p>Una de las grandes novedades de este a\u00f1o ha sido poder ver a la presentadora con un&nbsp;<strong>casco&nbsp;<\/strong>que cubr\u00eda por completo su cabello. \u00abHemos visto una Cristina Pedroche diferente:&nbsp;<strong>sin pelo, con un casco de acero, con una silueta que jam\u00e1s hab\u00eda llevado, un calzado futurista con un pico delantero que jam\u00e1s hab\u00eda usado<\/strong>\u00ab, comenta Josie para Yo Dona al respecto del estilismo. Unos complementos que, como ya se sabr\u00e1, han sido<strong>&nbsp;realizados por&nbsp;<\/strong><a href=\"https:\/\/www.instagram.com\/manuelalbarranoficial\/?hl=es\"><strong><u>Manuel Albarr\u00e1n<\/u><\/strong><\/a><strong>,<\/strong>&nbsp;dise\u00f1ador que ha colaborado con numerosos nombres de la moda y el entretenimiento internacionales.<\/p>\n\n\n\n<p><strong>\u00abFormar parte de un proyecto con Manuel Pi\u00f1a es algo que nunca me hubiera imaginado ya que fue una de mis referencias cuando estudiaba dise\u00f1o de moda<\/strong>\u00bb cuenta Albarr\u00e1n a Yo Dona<strong>&nbsp;\u00abMe acuerdo perfectamente de ese vestido en la pasarela Cibeles,<\/strong>&nbsp;esas im\u00e1genes que se te quedan grabadas. As\u00ed que cuando lo volv\u00ed a ver fue un&nbsp;<em>flashback<\/em>, por lo cual i<strong>ntegrar mis accesorios de metal en el proyecto y en particular con el vestido de Manuel Pi\u00f1a ha sido muy satisfactorio y fluido,<\/strong>&nbsp;ya que siento una vinculaci\u00f3n con \u00e9l en mi aprendizaje y mis primeros a\u00f1os en el mundo de la moda\u00bb.<\/p>\n\n\n\n<figure class=\"wp-block-image\"><img decoding=\"async\" src=\"https:\/\/e00-elmundo.uecdn.es\/assets\/multimedia\/imagenes\/2021\/12\/30\/16408860367314.jpg\" alt=\"\"\/><figcaption><strong>Juan Borgognoni<\/strong><\/figcaption><\/figure>\n\n\n\n<p>El casco, uno de los complementos m\u00e1s llamativos, est\u00e1 realizado a partir de&nbsp;<strong>lat\u00f3n<\/strong>, un dise\u00f1o que se ha&nbsp;<strong>trabajado a mano con martillo sobre una plancha de metal plana<\/strong>&nbsp;hasta conseguir la forma que se adapta a la perfecci\u00f3n a la cabeza de Pedroche. Posteriormente, la pieza<strong>&nbsp;se ha pulido y finalizado con un cromado<\/strong>&nbsp;para obtener un acabado liso que siga la l\u00ednea tem\u00e1tica marcada para la noche.<\/p>\n\n\n\n<p>Sin embargo, el principal reto para Albarr\u00e1n han sido los zapatos ya que, como el dise\u00f1ador confiesa, no tiene tanta experiencia con ellos. \u00ab<strong>El primer prototipo que hice, encaj\u00f3 perfectamente con el concepto del proyecto; la complicaci\u00f3n fue la ejecuci\u00f3n del mismo, que me llev\u00f3 un poco m\u00e1s de tiempo,<\/strong>\u00a0para conseguir que fuera lo m\u00e1s c\u00f3modo posible, dentro la de la complicaci\u00f3n del dise\u00f1o al llevar una punta tan larga en la parte delantera y teniendo en cuenta el propio peso del metal\u00bb.<\/p>\n\n\n\n<p>M\u00e1s en El Mundo: <a href=\"https:\/\/www.elmundo.es\/album\/loc\/famosos\/2021\/12\/29\/61cc2494fc6c83760e8b45bd_10.html\">Leonardo DiCaprio se neg\u00f3 a que Meryl Streep se desnudara en su pel\u00edcula juntos<\/a><a href=\"https:\/\/www.elmundo.es\/loc\/famosos\/2021\/12\/31\/61ccc20dfc6c8305628b45e1.html\">Ismael Clemente, el hijo de maestros que se enfrenta al Santander<\/a><\/p>\n\n\n\n<p>Para darles vida,&nbsp;<strong>se construy\u00f3 la estructura del dise\u00f1o a trav\u00e9s de una plancha de acero inoxidable, cortada y pulida&nbsp;<\/strong>para obtener las superficies m\u00e1s planas, en un proceso similar al utilizado en el casco. Una vez se termin\u00f3 la estructura,&nbsp;<strong>se ensamblaron las piezas que componen el dise\u00f1o a trav\u00e9s de un sistema de remachado<\/strong>, siempre uni\u00e9ndolas desde dentro hacia fuera para no comprometer la est\u00e9tica del resultado.<\/p>\n\n\n\n<p><strong>\u00abSon accesorios de metal muy futuristas\u00bb<\/strong>, comenta Albarr\u00e1n, quien sostiene que su proyecci\u00f3n en Espa\u00f1a ha sido \u00abbastante leve\u00bb ya que, a diferencia de otros mercados, su producto \u00abno tiene mucha salida aqu\u00ed\u00bb. Pero precisamente por eso \u00abparticipar de este maravilloso proyecto para m\u00ed supone<strong>\u00a0un gran reconocimiento a nivel nacional y una puerta de entrada a nuevos proyectos<\/strong>\u00a0ahora que, debido a la globalizaci\u00f3n actual, puedes llegar a todo el mundo con una misma imagen\u00bb.<\/p>\n\n\n\n<p>Fuente: https:\/\/www.elmundo.es\/yodona\/moda\/2022\/01\/01\/61cc5b59e4d4d8ff7f8b45a1.html<\/p>\n","protected":false},"excerpt":{"rendered":"<p>La presentadora ha lucido una creaci\u00f3n de 1991 del dise\u00f1ador manchego Manuel Pi\u00f1a, una capa alada de BUJ Studio y [&hellip;]<\/p>\n","protected":false},"author":1,"featured_media":18514,"comment_status":"open","ping_status":"open","sticky":false,"template":"","format":"standard","meta":{"site-sidebar-layout":"default","site-content-layout":"","ast-site-content-layout":"default","site-content-style":"default","site-sidebar-style":"default","ast-global-header-display":"","ast-banner-title-visibility":"","ast-main-header-display":"","ast-hfb-above-header-display":"","ast-hfb-below-header-display":"","ast-hfb-mobile-header-display":"","site-post-title":"","ast-breadcrumbs-content":"","ast-featured-img":"","footer-sml-layout":"","theme-transparent-header-meta":"","adv-header-id-meta":"","stick-header-meta":"","header-above-stick-meta":"","header-main-stick-meta":"","header-below-stick-meta":"","astra-migrate-meta-layouts":"default","ast-page-background-enabled":"default","ast-page-background-meta":{"desktop":{"background-color":"var(--ast-global-color-4)","background-image":"","background-repeat":"repeat","background-position":"center center","background-size":"auto","background-attachment":"scroll","background-type":"","background-media":"","overlay-type":"","overlay-color":"","overlay-opacity":"","overlay-gradient":""},"tablet":{"background-color":"","background-image":"","background-repeat":"repeat","background-position":"center center","background-size":"auto","background-attachment":"scroll","background-type":"","background-media":"","overlay-type":"","overlay-color":"","overlay-opacity":"","overlay-gradient":""},"mobile":{"background-color":"","background-image":"","background-repeat":"repeat","background-position":"center center","background-size":"auto","background-attachment":"scroll","background-type":"","background-media":"","overlay-type":"","overlay-color":"","overlay-opacity":"","overlay-gradient":""}},"ast-content-background-meta":{"desktop":{"background-color":"var(--ast-global-color-5)","background-image":"","background-repeat":"repeat","background-position":"center center","background-size":"auto","background-attachment":"scroll","background-type":"","background-media":"","overlay-type":"","overlay-color":"","overlay-opacity":"","overlay-gradient":""},"tablet":{"background-color":"var(--ast-global-color-5)","background-image":"","background-repeat":"repeat","background-position":"center center","background-size":"auto","background-attachment":"scroll","background-type":"","background-media":"","overlay-type":"","overlay-color":"","overlay-opacity":"","overlay-gradient":""},"mobile":{"background-color":"var(--ast-global-color-5)","background-image":"","background-repeat":"repeat","background-position":"center center","background-size":"auto","background-attachment":"scroll","background-type":"","background-media":"","overlay-type":"","overlay-color":"","overlay-opacity":"","overlay-gradient":""}},"footnotes":""},"categories":[8],"tags":[6567,6563,6564,6565,6566],"class_list":["post-18513","post","type-post","status-publish","format-standard","has-post-thumbnail","hentry","category-noticias","tag-ano-nuevo-2022-madrid","tag-cristina-pedroche-vestido","tag-josie","tag-manuel-pina","tag-museo-manuel-pina-manzanares"],"_links":{"self":[{"href":"https:\/\/losperiodistas.com.mx\/portal\/wp-json\/wp\/v2\/posts\/18513","targetHints":{"allow":["GET"]}}],"collection":[{"href":"https:\/\/losperiodistas.com.mx\/portal\/wp-json\/wp\/v2\/posts"}],"about":[{"href":"https:\/\/losperiodistas.com.mx\/portal\/wp-json\/wp\/v2\/types\/post"}],"author":[{"embeddable":true,"href":"https:\/\/losperiodistas.com.mx\/portal\/wp-json\/wp\/v2\/users\/1"}],"replies":[{"embeddable":true,"href":"https:\/\/losperiodistas.com.mx\/portal\/wp-json\/wp\/v2\/comments?post=18513"}],"version-history":[{"count":1,"href":"https:\/\/losperiodistas.com.mx\/portal\/wp-json\/wp\/v2\/posts\/18513\/revisions"}],"predecessor-version":[{"id":18515,"href":"https:\/\/losperiodistas.com.mx\/portal\/wp-json\/wp\/v2\/posts\/18513\/revisions\/18515"}],"wp:featuredmedia":[{"embeddable":true,"href":"https:\/\/losperiodistas.com.mx\/portal\/wp-json\/wp\/v2\/media\/18514"}],"wp:attachment":[{"href":"https:\/\/losperiodistas.com.mx\/portal\/wp-json\/wp\/v2\/media?parent=18513"}],"wp:term":[{"taxonomy":"category","embeddable":true,"href":"https:\/\/losperiodistas.com.mx\/portal\/wp-json\/wp\/v2\/categories?post=18513"},{"taxonomy":"post_tag","embeddable":true,"href":"https:\/\/losperiodistas.com.mx\/portal\/wp-json\/wp\/v2\/tags?post=18513"}],"curies":[{"name":"wp","href":"https:\/\/api.w.org\/{rel}","templated":true}]}}