{"id":18499,"date":"2021-12-31T09:10:22","date_gmt":"2021-12-31T15:10:22","guid":{"rendered":"http:\/\/losperiodistas.com.mx\/portal\/?p=18499"},"modified":"2021-12-31T09:10:24","modified_gmt":"2021-12-31T15:10:24","slug":"guia-del-concierto-de-ano-nuevo-2022-el-pais","status":"publish","type":"post","link":"https:\/\/losperiodistas.com.mx\/portal\/guia-del-concierto-de-ano-nuevo-2022-el-pais\/","title":{"rendered":"Gu\u00eda del Concierto de A\u00f1o Nuevo 2022 | El Pa\u00eds"},"content":{"rendered":"\n<p style=\"font-size:18px\"><em>Todo lo necesario para disfrutar de la cita musical del primero de enero con la Filarm\u00f3nica de Viena, que recupera parte del p\u00fablico en la sala.<\/em><\/p>\n\n\n\n<p><\/p>\n\n\n\n<figure class=\"wp-block-image size-large\"><img fetchpriority=\"high\" decoding=\"async\" width=\"1024\" height=\"664\" src=\"https:\/\/losperiodistas.com.mx\/portal\/wp-content\/uploads\/2021\/12\/Z5UZYPIEPD2DP6IVUTMIRGXX5U-1024x664.jpeg\" alt=\"\" class=\"wp-image-18500\" srcset=\"https:\/\/losperiodistas.com.mx\/portal\/wp-content\/uploads\/2021\/12\/Z5UZYPIEPD2DP6IVUTMIRGXX5U-1024x664.jpeg 1024w, https:\/\/losperiodistas.com.mx\/portal\/wp-content\/uploads\/2021\/12\/Z5UZYPIEPD2DP6IVUTMIRGXX5U-300x194.jpeg 300w, https:\/\/losperiodistas.com.mx\/portal\/wp-content\/uploads\/2021\/12\/Z5UZYPIEPD2DP6IVUTMIRGXX5U-768x498.jpeg 768w, https:\/\/losperiodistas.com.mx\/portal\/wp-content\/uploads\/2021\/12\/Z5UZYPIEPD2DP6IVUTMIRGXX5U-1536x995.jpeg 1536w, https:\/\/losperiodistas.com.mx\/portal\/wp-content\/uploads\/2021\/12\/Z5UZYPIEPD2DP6IVUTMIRGXX5U.jpeg 1960w\" sizes=\"(max-width: 1024px) 100vw, 1024px\" \/><figcaption>Daniel Barenboim, durante el ensayo del Concierto de A\u00f1o Nuevo el jueves 30 de diciembre. DIETER NAGL (AFP)<\/figcaption><\/figure>\n\n\n\n<p><\/p>\n\n\n\n<p class=\"has-vivid-cyan-blue-color has-text-color has-medium-font-size\">PABLO L. RODR\u00cdGUEZ \/ EL PA\u00cdS<\/p>\n\n\n\n<p>El a\u00f1o cultural arrancar\u00e1, una vez m\u00e1s, a ritmo de valses, marchas y polcas de la\u00a0<a href=\"https:\/\/elpais.com\/noticias\/orquesta-filarmonica-viena\/\">Filarm\u00f3nica de Viena<\/a>. Con un evento de m\u00fasica cl\u00e1sica, de trascendencia global, que se retransmite en directo por televisi\u00f3n, radio e internet, cada ma\u00f1ana del primero de enero. Austria muestra al mundo su excelencia cultural. Pero no con m\u00fasica compleja ni largas composiciones orquestales, sino con piezas breves y atractivas de baile y opereta vienesa del siglo XIX.<\/p>\n\n\n\n<p>M\u00c1S INFORMACI\u00d3N <a href=\"https:\/\/elpais.com\/cultura\/2021-01-01\/concierto-de-ano-nuevo-la-musica-de-los-strauss-como-metafora-de-la-vida.html#?rel=mas_sumario\">Concierto de A\u00f1o Nuevo: La m\u00fasica de los Strauss como met\u00e1fora de la vida<\/a><\/p>\n\n\n\n<p>Su protagonista es siempre Johann Strauss hijo (1825-1899).&nbsp;<a href=\"https:\/\/www.cambridge.org\/es\/academic\/subjects\/music\/twentieth-century-and-contemporary-music\/legacy-johann-strauss-political-influence-and-twentieth-century-identity\">Un compositor reivindicado como la quintaesencia de la naci\u00f3n austr\u00edaca, tras la ca\u00edda del Imperio austroh\u00fangaro<\/a>. No por casualidad, la capital inaugur\u00f3, en 1921, su famoso monumento en el c\u00e9ntrico Stadtpark, con una estatua de bronce dorado tocando el viol\u00edn. La Filarm\u00f3nica de Viena, la principal orquesta de la ciudad, dedicada hasta entonces al gran repertorio sinf\u00f3nico, toc\u00f3 para la ocasi\u00f3n el vals&nbsp;<em>En el bello Danubio azul<\/em>&nbsp;e inici\u00f3 un estrecho y natural v\u00ednculo con su m\u00fasica. En diciembre de 1925 conmemor\u00f3 su centenario con&nbsp;<a href=\"https:\/\/www.wienerphilharmoniker.at\/en\/konzerte\/johann-strauss-gala-concert\/1324\/\">un concierto monogr\u00e1fico, dirigido por Franz Schalk, en la Sala Dorada del Musikverein<\/a>. Fue el pr\u00f3logo de la actual tradici\u00f3n del primero de enero.<\/p>\n\n\n\n<p>Pero los a\u00f1os venideros fueron convulsos. La confrontaci\u00f3n entre nacionalistas y pangermanistas condujo a la anexi\u00f3n de Austria, en 1938, como provincia del Tercer Reich. Y la propaganda nazi transform\u00f3 a Johann Strauss hijo en un emblema de lo alem\u00e1n, al tiempo que enterr\u00f3 sus v\u00ednculos jud\u00edos. En ese contexto tan sombr\u00edo naci\u00f3 el&nbsp;<a href=\"https:\/\/elpais.com\/noticias\/concierto-ano-nuevo-orquesta-filarmonica-viena\/\">Concierto de A\u00f1o Nuevo<\/a>. Su primera edici\u00f3n se celebr\u00f3, el 31 de diciembre de 1939, en la Sala Dorada del Musikverein infestada de esv\u00e1sticas y con la Filarm\u00f3nica de Viena, declarada \u201climpia de jud\u00edos\u201d, bajo la direcci\u00f3n de Clemens Krauss, un favorito de los nazis. Su segunda edici\u00f3n se traslad\u00f3 al primero de enero de 1941 y as\u00ed ha continuado sin interrupci\u00f3n hasta nuestros d\u00edas.<\/p>\n\n\n\n<p>\u00bfC\u00f3mo se transform\u00f3 el Concierto de A\u00f1o Nuevo en el actual escaparate de la excelencia cultural austr\u00edaca? La clave fue la Declaraci\u00f3n de Mosc\u00fa, de 1943, donde los aliados consideraron a Austria como \u201cv\u00edctima de los nazis\u201d. Esa idea prendi\u00f3 muy r\u00e1pido en Viena, a pesar del alto porcentaje de afiliados al NSDAP. Y se inici\u00f3 una c\u00f3moda desinfecci\u00f3n de todo lo alem\u00e1n dentro de la cultura austr\u00edaca. El origen del Concierto de A\u00f1o Nuevo se blanque\u00f3 como acto de resistencia cultural frente a la barbarie nazi. Y en 1946 se encarg\u00f3 su direcci\u00f3n a Josef Krips, un m\u00fasico exiliado durante la anexi\u00f3n al Tercer Reich por sus ancestros jud\u00edos, al tiempo que se conmemor\u00f3 el 950\u00ba aniversario del origen de Austria.<\/p>\n\n\n\n<p>El resto lo hizo la televisi\u00f3n. La ORF, la compa\u00f1\u00eda p\u00fablica de radiodifusi\u00f3n austr\u00edaca, comenz\u00f3 a retransmitir el Concierto de A\u00f1o Nuevo a seis pa\u00edses, en 1959, a trav\u00e9s de Eurovisi\u00f3n. En los a\u00f1os siguientes, el n\u00famero no par\u00f3 de crecer. Y en su 64\u00aa retransmisi\u00f3n son ya 92 pa\u00edses de Europa, Asia, Am\u00e9rica y \u00c1frica con una audiencia potencial estimada en 1.000 millones de espectadores. Este a\u00f1o, a donde no llega por televisi\u00f3n, podr\u00e1 verse a trav\u00e9s de internet, y de forma gratuita,&nbsp;<a href=\"https:\/\/www.medici.tv\/es\/concerts\/2022-vienna-philharmonic-new-years-concert-daniel-barenboim\">en la plataforma Medici.tv<\/a>&nbsp;(una especie de Netflix de la m\u00fasica cl\u00e1sica). El Concierto de A\u00f1o Nuevo se ha hecho global.<\/p>\n\n\n\n<p>Otra caracter\u00edstica de esta cita musical es su pervivencia. Naci\u00f3 durante una guerra y no ha sido cancelado nunca. En su \u00faltima edici\u00f3n, marcada por la pandemia, se celebr\u00f3 sin p\u00fablico en la sala, aunque&nbsp;<a href=\"https:\/\/elpais.com\/cultura\/2021-01-01\/concierto-de-ano-nuevo-la-musica-de-los-strauss-como-metafora-de-la-vida.html\">mantuvo toda su excelencia musical y buena parte de su glamur medi\u00e1tico<\/a>. En esta 82\u00aa edici\u00f3n, la emergencia sanitaria sigue presente, pero volveremos a ver p\u00fablico en la Sala Dorada del Musikverein. Ser\u00e1n un millar de espectadores (m\u00e1s o menos el 50% de su aforo completo), ubicados en la platea, que deber\u00e1n llevar mascarilla FFP2 y cumplir con las medidas 2G+, es decir, la doble pauta de vacunaci\u00f3n y una prueba de ant\u00edgenos o PCR.<\/p>\n\n\n\n<p>La m\u00fasica de Johann Strauss hijo, junto a la de su padre y sus dos hermanos Josef y Eduard, volver\u00e1 un a\u00f1o m\u00e1s a nuestros televisores u otros dispositivos.&nbsp;<a href=\"https:\/\/www.wienerphilharmoniker.at\/en\/newyearsconcert\/newyearsconcert2022\">La Filarm\u00f3nica de Viena contar\u00e1, en esta ocasi\u00f3n, con el prestigio de Daniel Barenboim como director invitado<\/a>. No faltar\u00e1n momentos para exhibir los emblemas culturales de Austria, aparte de los musicales. Y veremos dos escenas de ballet filmadas, en el Palacio de Sch\u00f6nbrunn y la Escuela Espa\u00f1ola de Equitaci\u00f3n, junto a un documental, para el intermedio, dedicado a conmemorar los 30 a\u00f1os de la adhesi\u00f3n de Austria a la Convenci\u00f3n del Patrimonio Mundial de la UNESCO. Dos horas llenas de atractivos que detallo, a modo de gu\u00eda, en las pr\u00f3ximas l\u00edneas.<\/p>\n\n\n\n<h3 class=\"wp-block-heading\">Sala<\/h3>\n\n\n\n<p>El Concierto de A\u00f1o Nuevo siempre se ha celebrado en la Sala Dorada del Musikverein, la sede de la Sociedad de Amigos de la M\u00fasica de Viena, de 1870. El edificio fue dise\u00f1ado por el arquitecto dan\u00e9s Theophil von Hansen y est\u00e1 inspirado en el clasicismo griego, con sus famosas hileras de cari\u00e1tides o las representaciones de Apolo y las nueve musas en el techo. Su forma de paralelep\u00edpedo rectangular o \u201ccaja de zapatos\u201d le confiere una de las mejores ac\u00fasticas del mundo. Todos los a\u00f1os destaca la decoraci\u00f3n floral que, desde 2015, realiza el Departamento de Parques y Jardines de Viena. Un mar de 30.000 flores donde predominar\u00e1n los tonos pastel de anturios, claveles, rosas, azucenas y orqu\u00eddeas.<\/p>\n\n\n\n<h3 class=\"wp-block-heading\">Orquesta<\/h3>\n\n\n\n<p>La Filarm\u00f3nica de Viena es siempre la orquesta del Concierto de A\u00f1o Nuevo. Se fund\u00f3, en 1842, como una asociaci\u00f3n autogestionada con los mejores m\u00fasicos de la orquesta de la \u00d3pera Imperial (hoy Estatal). Es una de las mejores orquestas del mundo. Dispone de un sonido inconfundiblemente refinado con variantes instrumentales propias, como el oboe, la trompa y el timbal. Es habitual encontrar entre sus miembros a disc\u00edpulos de antiguos integrantes y tambi\u00e9n fuertes filiaciones familiares. Pero hasta 1997 fue una formaci\u00f3n exclusivamente masculina. En la actualidad cuenta&nbsp;<a href=\"https:\/\/www.wienerphilharmoniker.at\/en\/orchester-mitglieder\">con 19 mujeres, entre sus 138 instrumentistas<\/a>, aunque hay una violinista entre sus tres concertinos junto a varias solistas de viento y arpa. En esta edici\u00f3n veremos, precisamente, a la violinista Albena Danailova junto a Rainer Honeck, en el primer atril, y tambi\u00e9n a la fagotista Sophie Dervaux junto a la arpista Anneleen Lenaerts.<\/p>\n\n\n\n<h3 class=\"wp-block-heading\">Director<\/h3>\n\n\n\n<p>La Filarm\u00f3nica de Viena no tiene un director principal. Invita a uno diferente, entre los mejores del mundo, para cada concierto de abono, gira o festival. El Concierto de A\u00f1o Nuevo cont\u00f3, inicialmente, con un director estable (Clemens Krauss, Josef Krips, Willi Boskovsky y Lorin Maazel). Pero, desde 1987, se invita a uno diferente para cada a\u00f1o. El primero fue Herbert von Karajan y le siguieron Claudio Abbado, Carlos Kleiber, Zubin Mehta, Riccardo Muti, Nikolaus Harnoncourt, Seiji Ozawa, Mariss Jansons, Georges Pr\u00eatre, Daniel Barenboim, Franz Welser-M\u00f6st, Gustavo Dudamel, Christian Thielemann y Andris Nelsons.<\/p>\n\n\n\n<figure class=\"wp-block-image\"><img decoding=\"async\" src=\"https:\/\/imagenes.elpais.com\/resizer\/VYPVLCAIVyRvFZyh1PlfUTWoqGE=\/414x0\/cloudfront-eu-central-1.images.arcpublishing.com\/prisa\/6VLKZHY6TMKYSA6CX2PJCPTU5M.jpg\" alt=\"Barenboim, en el ensayo el jueves 30 en Viena del Concierto de A\u00f1o Nuevo.\"\/><figcaption>Barenboim, en el ensayo el jueves 30 en Viena del Concierto de A\u00f1o Nuevo.DPA V\u00cdA EUROPA PRESS (EUROPA PRESS)<\/figcaption><\/figure>\n\n\n\n<p>En 2022 regresa por tercera vez al podio&nbsp;<a href=\"https:\/\/elpais.com\/noticias\/daniel-barenboim\/\">Daniel Barenboim<\/a>&nbsp;(Buenos Aires, 79 a\u00f1os), tras las ediciones de 2009 y 2014. Este pianista y director de orquesta, nacionalizado espa\u00f1ol, israel\u00ed y palestino, que este a\u00f1o cumplir\u00e1 80 a\u00f1os con m\u00e1s de siete d\u00e9cadas sobre los escenarios, lleva desde 1992 al frente de la Staatsoper y la Staatskapelle berlinesa, aunque ha sido tambi\u00e9n titular de la Orquesta de Par\u00eds, de la Sinf\u00f3nica de Chicago y del Teatro alla Scala de Mil\u00e1n. No obstante, su proyecto musical y humanitario m\u00e1s relevante ha sido la West-Eastern Divan Orchestra, que le vali\u00f3&nbsp;<a href=\"https:\/\/www.fpa.es\/es\/premios-princesa-de-asturias\/premiados\/2002-daniel-barenboim-y-edward-said.html?especifica=0\">el Premio Pr\u00edncipe de Asturias a la Concordia, en 2002<\/a>, junto al intelectual de origen palestino Edward Said. Con la Filarm\u00f3nica de Viena debut\u00f3, en 1965, tocando como solista del&nbsp;<em>Concierto n\u00fam. 24<\/em>&nbsp;de Mozart, en el Festival de Salzburgo, y como director en 1989. Desde entonces ha dirigido muchos conciertos relevantes para la orquesta, como su regreso al Musikverein, en junio de 2020, tras la irrupci\u00f3n del coronavirus.<\/p>\n\n\n\n<h3 class=\"wp-block-heading\">Compositores<\/h3>\n\n\n\n<p>La tradici\u00f3n del Concierto de A\u00f1o Nuevo est\u00e1 relacionada con la familia Strauss, la principal dinast\u00eda de compositores de m\u00fasica de baile y opereta vienesa del siglo XIX. Y, m\u00e1s concretamente, con Johann Strauss hijo. Tambi\u00e9n se a\u00f1aden siempre obras de su hermano Josef, el m\u00e1s imaginativo a nivel musical, del patriarca de la familia, Johann Strauss padre, y, en menor medida, de Eduard, el benjam\u00edn de la saga. Esta edici\u00f3n escucharemos obras de los cuatro.<\/p>\n\n\n\n<p>Predomina Johann hijo, con 8 de las 18 composiciones. De \u00e9l escucharemos dos valses con mucha solera en esta cita musical, como&nbsp;<em>Peri\u00f3dicos matutinos<\/em>&nbsp;y&nbsp;<em>Las mil y una noches<\/em>&nbsp;junto a la&nbsp;<em>Marcha persa<\/em>&nbsp;y la obertura de la opereta&nbsp;<em>El murci\u00e9lago<\/em>. Y no faltar\u00e1 su composici\u00f3n m\u00e1s conocida, el vals&nbsp;<em>En el bello Danubio azul<\/em>, junto al regreso de dos polcas r\u00e1pidas muy emblem\u00e1ticas: la&nbsp;<em>Polca del champ\u00e1n<\/em>&nbsp;y&nbsp;<em>De caza<\/em>. De Josef Strauss habr\u00e1 tres novedades: la&nbsp;<em>Marcha del f\u00e9nix<\/em>&nbsp;y la polca mazurca&nbsp;<em>La sirena<\/em>, en la primera parte, y la francesa&nbsp;<em>Polca de las ninfas<\/em>, en la segunda. No obstante, su obra m\u00e1s interesante ser\u00e1 el vals&nbsp;<em>Sonidos de las esferas<\/em>, que ya dirigi\u00f3 Barenboim en 2009. De Eduard se incluyen otras dos composiciones: la polca francesa&nbsp;<em>Saludo a Praga<\/em>&nbsp;y la polca r\u00e1pida&nbsp;<em>Peque\u00f1a cr\u00f3nica<\/em>, que es novedad este a\u00f1o. Y del patriarca de los Strauss, Johann padre, se escuchar\u00e1, al final, la popular&nbsp;<em>Marcha Radetzky<\/em>.<\/p>\n\n\n\n<p>En el Concierto de A\u00f1o Nuevo tambi\u00e9n se incluyen obras de otros compositores coet\u00e1neos o relacionados con la orquesta vienesa. Este a\u00f1o se ha programado la novedad del vals&nbsp;<em>Noct\u00e1mbulos<\/em>, de Carl Michael Ziehrer, un compositor coet\u00e1neo y rival de Johann Strauss hijo y de Eduard Strauss. Y dos obras de Joseph Hellmesberger hijo, que fue director titular de la Filarm\u00f3nica de Viena, entre 1901 y 1903: el galop&nbsp;<em>Anuncios breves<\/em>&nbsp;y la interesante pieza de car\u00e1cter&nbsp;<em>Duendecillos<\/em>, que ha sido un descubrimiento para los filarm\u00f3nicos vieneses.<\/p>\n\n\n\n<h3 class=\"wp-block-heading\">Programa<\/h3>\n\n\n\n<p>El listado de obras del Concierto de A\u00f1o Nuevo se concibe en torno a los valses, normalmente dos o tres por parte, que suelen ser musicalmente lo m\u00e1s exquisito. Obras sinf\u00f3nicas m\u00e1s largas y elaboradas, que conjugan varias secciones de vals, entre una introducci\u00f3n lenta y una coda final. De Johann Strauss hijo se escuchar\u00e1, en la primera parte,&nbsp;<em>Alas de F\u00e9nix<\/em>, aunque es mucho m\u00e1s interesante&nbsp;<em>Peri\u00f3dicos matutinos<\/em>, que suscit\u00f3 una curiosa rivalidad, en 1864, con Jacques Offenbach.&nbsp;<em>Las mil y una noches<\/em>, a partir de fragmentos de su opereta&nbsp;<em>\u00cdndigo y los cuarenta ladrones<\/em>&nbsp;es otro ejemplo bien conocido.&nbsp;<em>Noct\u00e1mbulos<\/em>, de Ziehrer, incluye llamativas intervenciones vocales y silbidos de los m\u00fasicos de la orquesta, aunque&nbsp;<em>Sonidos de las esferas<\/em>, de Josef Strauss, volver\u00e1 a deslumbrar con esas reminiscencias de&nbsp;<em>Tannh\u00e4user<\/em>, de Wagner.<\/p>\n\n\n\n<p>Los valses se rellenan con piezas m\u00e1s cortas, como las polcas, danzas de origen bohemio muy populares en Viena en el siglo XIX. Este a\u00f1o, escucharemos ejemplos de sus tres variantes: la chispeante polca r\u00e1pida (caso de la&nbsp;<em>Polca del champ\u00e1n<\/em>, de Johann hijo, o del galop&nbsp;<em>Anuncios breves<\/em>, de Hellmesberger), la elegante polca francesa (este a\u00f1o con varias piezas como&nbsp;<em>Polca de las ninfas<\/em>, de Josef Strauss) y la estilizada polca mazurca, cuyo ritmo ternario puede confundirse con el vals (en esta edici\u00f3n destaca&nbsp;<em>La sirena<\/em>&nbsp;de Josef Strauss).<\/p>\n\n\n\n<p>Las marchas suelen programarse para el comienzo o el final del concierto. Son obras de ocasi\u00f3n vinculadas a eventos o personajes relevantes. Es el caso de la&nbsp;<em>Marcha del f\u00e9nix<\/em>, de Josef Strauss, dedicada a la inauguraci\u00f3n del parque de atracciones Nuevo Mundo, en 1861, o la&nbsp;<em>Marcha persa<\/em>, de Johann hijo, escrita para el sah de Persia Naseredd\u00edn Sah Kayar. Sin olvidar, la popular&nbsp;<em>Marcha Radetzky<\/em>, que compuso Johann Strauss padre para honrar al mariscal que sofoc\u00f3 las revueltas del norte de Italia. Tambi\u00e9n escucharemos este a\u00f1o la obertura de la opereta m\u00e1s famosa de Johann Strauss hijo,&nbsp;<em>El murci\u00e9lago<\/em>, que se representa cada Nochevieja en la \u00d3pera Estatal vienesa.<\/p>\n\n\n\n<h3 class=\"wp-block-heading\">Propinas<\/h3>\n\n\n\n<p>Es bien sabido que, en el Concierto de A\u00f1o Nuevo, el programa previsto no concluye el concierto. Siempre hay tres propinas, es decir, composiciones que se a\u00f1aden al final y fuera de programa. Tienen un car\u00e1cter especial pues est\u00e1n previamente establecidas desde 1958. Aquel a\u00f1o Willi Boskovsky determin\u00f3 que se incluyera una polca r\u00e1pida que var\u00eda a\u00f1o tras a\u00f1o (en 2022 ser\u00e1&nbsp;<em>De caza<\/em>&nbsp;de Johann Strauss hijo), seguida por el vals&nbsp;<em>En el bello Danubio azul<\/em>&nbsp;y la&nbsp;<em>Marcha Radetzky<\/em>&nbsp;para terminar. En realidad, la tradici\u00f3n de contar con estas tres propinas la inici\u00f3 Josef Krips, en 1946, y la continu\u00f3 Clemens Krauss hasta 1954, aunque fue Boskovsky quien la consolid\u00f3, especialmente tras el inicio de las retransmisiones televisivas del Concierto de A\u00f1o Nuevo, en 1959.<\/p>\n\n\n\n<h3 class=\"wp-block-heading\">Felicitaci\u00f3n<\/h3>\n\n\n\n<p>Hay varias tradiciones asignadas al p\u00fablico durante el Concierto de A\u00f1o Nuevo. Una es la felicitaci\u00f3n del nuevo a\u00f1o que realiza el director con la orquesta antes del vals&nbsp;<em>En el bello Danubio azul<\/em>. Aqu\u00ed es habitual que se interrumpa la m\u00fasica con aplausos al comienzo de la introducci\u00f3n del vals. Lo normal es que el director diga en alem\u00e1n simplemente: \u201cLa Filarm\u00f3nica de Viena y yo les deseamos\u2026\u201d; a lo que responder\u00e1 la orquesta: \u201cFeliz a\u00f1o nuevo\u201d. No obstante, algunos directores, como Maazel, Harnoncourt o Muti, han utilizado este momento para realizar un breve discurso. En 2014, Barenboim se limit\u00f3 a una escueta y enf\u00e1tica felicitaci\u00f3n, aunque en su primera edici\u00f3n opt\u00f3 por a\u00f1adir lo siguiente en ingl\u00e9s: \u201cEsperamos que 2009 sea un a\u00f1o lleno de paz en el mundo y de justicia humana en el Medio Oriente\u201d.<\/p>\n\n\n\n<h3 class=\"wp-block-heading\">Palmas<\/h3>\n\n\n\n<p>Otra tradici\u00f3n en el Concierto de A\u00f1o Nuevo es el palmeo acompasado del p\u00fablico en la\u00a0<em>Marcha Radetzky<\/em>, de Johann Strauss padre, con la que termina. En muchas ocasiones se realiza bajo las indicaciones del director de orquesta. Es lo que ha quedado de un evento musical donde el p\u00fablico se comportaba en el pasado de forma m\u00e1s libre y natural.<\/p>\n\n\n\n<figure class=\"wp-block-embed is-type-video is-provider-youtube wp-block-embed-youtube wp-embed-aspect-16-9 wp-has-aspect-ratio\"><div class=\"wp-block-embed__wrapper\">\nhttps:\/\/youtu.be\/7OIAMrrx0bg\n<\/div><\/figure>\n\n\n\n<h3 class=\"wp-block-heading\">Bromas<\/h3>\n\n\n\n<p>Durante los a\u00f1os en que Willi Boskovsky dirigi\u00f3 el Concierto de A\u00f1o Nuevo (1955-1979) adquiri\u00f3 su condici\u00f3n m\u00e1s festiva y divertida. Se salpic\u00f3 de disfraces, gags y bromas. Su origen est\u00e1 relacionado con el ingenio del percusionista Franz Broschek, que inici\u00f3, en 1959, el h\u00e1bito de realizar hilarantes dramatizaciones en algunas piezas del concierto. Tan pronto se vest\u00eda de cordob\u00e9s para tocar las casta\u00f1uelas, como se convert\u00eda en un herrero para tocar unos yunques o arrastraba un pollo desplumado antes de disparar una escopeta.<\/p>\n\n\n\n<figure class=\"wp-block-embed is-type-video is-provider-youtube wp-block-embed-youtube wp-embed-aspect-4-3 wp-has-aspect-ratio\"><div class=\"wp-block-embed__wrapper\">\nhttps:\/\/youtu.be\/iBcH_K5wshw\n<\/div><\/figure>\n\n\n\n<p>El p\u00fablico le acompa\u00f1aba con las palmas. Y es muy probable que el origen del palmeo acompasado, en la\u00a0<em>Marcha Radetzky<\/em>, est\u00e9 relacionado con sus actuaciones tocando la caja al lado del podio vestido con atuendo militar austroh\u00fangaro. Hoy es habitual incluir alg\u00fan detalle diferente durante cada edici\u00f3n del Concierto de A\u00f1o Nuevo, incluso con la colaboraci\u00f3n del propio director de orquesta. De hecho, Barenboim protagoniz\u00f3 una divertida dramatizaci\u00f3n, en 2009, en el movimiento final de la\u00a0<em>Sinfon\u00eda \u201cLos adioses\u201d<\/em>\u00a0de Haydn, cuando los integrantes de la orquesta iban abandonando el escenario.<\/p>\n\n\n\n<figure class=\"wp-block-embed is-type-video is-provider-youtube wp-block-embed-youtube wp-embed-aspect-4-3 wp-has-aspect-ratio\"><div class=\"wp-block-embed__wrapper\">\nhttps:\/\/youtu.be\/vfdZFduvh4w\n<\/div><\/figure>\n\n\n\n<h3 class=\"wp-block-heading\">Retransmisi\u00f3n<\/h3>\n\n\n\n<p>La ORF, la compa\u00f1\u00eda p\u00fablica de radiodifusi\u00f3n austr\u00edaca, retransmite el Concierto de A\u00f1o Nuevo en directo desde 1959. En Espa\u00f1a lleg\u00f3 primero, entre 1962 y 1970, y despu\u00e9s a partir de 1973 ininterrumpidamente hasta nuestros d\u00edas, siempre en el Ente P\u00fablico Radiotelevisi\u00f3n Espa\u00f1ola y a trav\u00e9s de Eurovisi\u00f3n. Para su 64\u00aa retransmisi\u00f3n regresar\u00e1 por sexta vez el realizador alem\u00e1n Michael Beyer, que ya ejerci\u00f3 en las ediciones de 2014 a 2017 y en 2020, y dispondr\u00e1, una vez m\u00e1s, de 16 c\u00e1maras de alta definici\u00f3n. En Espa\u00f1a la retransmisi\u00f3n de la ORF&nbsp;<a href=\"https:\/\/www.rtve.es\/television\/concierto-ano-nuevo-orquesta-filarmonica-viena-rtve\/\">se podr\u00e1 ver a trav\u00e9s de La 1 en HD<\/a>, el Canal internacional para Europa y RTVE Play (y escuchar por Radio Cl\u00e1sica junto a otras emisoras como Radio 5 o Radio Exterior). Se iniciar\u00e1 a las 11:15 con la cabecera de Eurovisi\u00f3n y el famoso preludio del&nbsp;<em>Te Deum<\/em>&nbsp;de Marc-Antoine Charpentier. Y volver\u00e1 a contar este a\u00f1o con los comentarios del periodista musical Mart\u00edn Llade. El concierto tiene dos partes con un intervalo de unos 25 minutos. La primera parte, que durar\u00e1 aproximadamente hasta las 11:50, suele ser algo m\u00e1s seria y convencional. De hecho, hasta 1992 no se retransmit\u00eda m\u00e1s que la segunda parte, que empezar\u00e1 a las 12:15 y suele ser m\u00e1s vistosa y atractiva, al incluir la mejor m\u00fasica junto a las escenas pregrabadas de ballet.<\/p>\n\n\n\n<h3 class=\"wp-block-heading\">Documental<\/h3>\n\n\n\n<p>Desde el Concierto de A\u00f1o Nuevo de 1992, los 25 minutos de intervalo entre las dos partes se utilizan para emitir un breve documental sobre los tesoros culturales y naturales de Austria. Se realiza en un formato que no precisa de alocuciones habladas al estar pensado para su emisi\u00f3n en muchos pa\u00edses. En esta ocasi\u00f3n veremos, a partir de las 11:50, un documental dedicado al 50 aniversario de la fundaci\u00f3n del Patrimonio Cultural Mundial de la UNESCO y a los 30 a\u00f1os de la adhesi\u00f3n de Austria. Se titula&nbsp;<em>Misi\u00f3n Apolo. Patrimonio mundial de Austria<\/em>\u201d, lo dirige el realizador Georg Riha y nos mostrar\u00e1 escenas rodadas por los m\u00fasicos de la Filarm\u00f3nica de Viena en diferentes localizaciones. Veremos secuencias en Sch\u00f6nbrunn, Baden, los&nbsp;<em>limes<\/em>&nbsp;del Danubio, la regi\u00f3n de Wachau junto a Graz, Hallstatt y Salzburgo. Y como \u201cgu\u00eda\u201d de una localizaci\u00f3n a otra contaremos con un ejemplar de Mariposa Apolo, que forma parte de una especie aut\u00f3ctona protegida.<\/p>\n\n\n\n<h3 class=\"wp-block-heading\">Ballet<\/h3>\n\n\n\n<p>Desde que el Concierto de A\u00f1o Nuevo se empez\u00f3 a retransmitir por televisi\u00f3n, en 1959, siempre ha contado con alguna escena de ballet. Est\u00e1n protagonizadas por los solistas del Ballet de la \u00d3pera Estatal de Viena y cuentan con un core\u00f3grafo invitado. Pero este a\u00f1o se ha optado por el de la casa, Martin Schl\u00e4pfer. Y Arthur Arbesser repetir\u00e1 como dise\u00f1ador del vestuario, tras su \u00e9xito de 2019. Ser\u00e1n dos actuaciones, en la segunda parte del concierto, que fueron rodadas en agosto y septiembre bajo la direcci\u00f3n de Michael Beyer. En el vals&nbsp;<em>Las mil y una noches<\/em>, de Johann Strauss hijo, veremos a diez bailarines en el palacio de Sch\u00f6nbrunn y en la Glorieta de sus jardines. Y en la&nbsp;<em>Polca de las ninfas<\/em>, de Josef Strauss, nos trasladaremos a la Escuela Espa\u00f1ola de Equitaci\u00f3n para ver a ocho magn\u00edficos caballos de raza lipizzana en una exhibici\u00f3n de equitaci\u00f3n cl\u00e1sica.<\/p>\n\n\n\n<h3 class=\"wp-block-heading\">2023<\/h3>\n\n\n\n<p>Las entradas del Concierto de A\u00f1o Nuevo se compran tras resultar agraciado en un sorteo que se realiza, con un a\u00f1o de antelaci\u00f3n, a trav\u00e9s de la web de la Filarm\u00f3nica de Viena. No obstante, las entradas de 2022 ubicadas en los balcones y la galer\u00eda, que no podr\u00e1n ocuparse por las medidas 2G+ ser\u00e1n v\u00e1lidas para la edici\u00f3n de 2023. El resto saldr\u00e1 a sorteo en la referida web, del 1 al 28 de febrero de 2022. La orquesta vienesa ha habilitado\u00a0<a href=\"https:\/\/www.wienerphilharmoniker.at\/en\/neujahrskonzert\/faq\">un centro de asistencia con un amplio despliegue de preguntas frecuentes<\/a>\u00a0en alem\u00e1n, ingl\u00e9s y japon\u00e9s. Los agraciados en el sorteo podr\u00e1n comprar entradas para las tres oportunidades en que puede verse en directo este concierto. El ensayo general del 30 de diciembre a las 11 horas, por un precio que oscila entre 20 y 495 euros, para el Concierto de San Silvestre o Nochevieja del 31 de diciembre a las 19:30 horas, cuyo precio oscila entre 25 y 860 euros, o para el Concierto de A\u00f1o Nuevo del primero de enero a las 11:15 horas, con entradas que van desde los 35 a los 1200 euros.<\/p>\n\n\n\n<p>Fuente: https:\/\/elpais.com\/cultura\/2021-12-31\/guia-del-concierto-de-ano-nuevo-2022.html<\/p>\n","protected":false},"excerpt":{"rendered":"<p>Todo lo necesario para disfrutar de la cita musical del primero de enero con la Filarm\u00f3nica de Viena, que recupera [&hellip;]<\/p>\n","protected":false},"author":1,"featured_media":18500,"comment_status":"open","ping_status":"open","sticky":false,"template":"","format":"standard","meta":{"site-sidebar-layout":"default","site-content-layout":"","ast-site-content-layout":"default","site-content-style":"default","site-sidebar-style":"default","ast-global-header-display":"","ast-banner-title-visibility":"","ast-main-header-display":"","ast-hfb-above-header-display":"","ast-hfb-below-header-display":"","ast-hfb-mobile-header-display":"","site-post-title":"","ast-breadcrumbs-content":"","ast-featured-img":"","footer-sml-layout":"","theme-transparent-header-meta":"","adv-header-id-meta":"","stick-header-meta":"","header-above-stick-meta":"","header-main-stick-meta":"","header-below-stick-meta":"","astra-migrate-meta-layouts":"default","ast-page-background-enabled":"default","ast-page-background-meta":{"desktop":{"background-color":"var(--ast-global-color-4)","background-image":"","background-repeat":"repeat","background-position":"center center","background-size":"auto","background-attachment":"scroll","background-type":"","background-media":"","overlay-type":"","overlay-color":"","overlay-opacity":"","overlay-gradient":""},"tablet":{"background-color":"","background-image":"","background-repeat":"repeat","background-position":"center center","background-size":"auto","background-attachment":"scroll","background-type":"","background-media":"","overlay-type":"","overlay-color":"","overlay-opacity":"","overlay-gradient":""},"mobile":{"background-color":"","background-image":"","background-repeat":"repeat","background-position":"center center","background-size":"auto","background-attachment":"scroll","background-type":"","background-media":"","overlay-type":"","overlay-color":"","overlay-opacity":"","overlay-gradient":""}},"ast-content-background-meta":{"desktop":{"background-color":"var(--ast-global-color-5)","background-image":"","background-repeat":"repeat","background-position":"center center","background-size":"auto","background-attachment":"scroll","background-type":"","background-media":"","overlay-type":"","overlay-color":"","overlay-opacity":"","overlay-gradient":""},"tablet":{"background-color":"var(--ast-global-color-5)","background-image":"","background-repeat":"repeat","background-position":"center center","background-size":"auto","background-attachment":"scroll","background-type":"","background-media":"","overlay-type":"","overlay-color":"","overlay-opacity":"","overlay-gradient":""},"mobile":{"background-color":"var(--ast-global-color-5)","background-image":"","background-repeat":"repeat","background-position":"center center","background-size":"auto","background-attachment":"scroll","background-type":"","background-media":"","overlay-type":"","overlay-color":"","overlay-opacity":"","overlay-gradient":""}},"footnotes":""},"categories":[8],"tags":[6557,6538,6559,6556,6558],"class_list":["post-18499","post","type-post","status-publish","format-standard","has-post-thumbnail","hentry","category-noticias","tag-concierto-ano-nuevo-viena","tag-daniel-barenboim","tag-danubio-azul","tag-filarmonica-de-viena","tag-johann-strauss"],"_links":{"self":[{"href":"https:\/\/losperiodistas.com.mx\/portal\/wp-json\/wp\/v2\/posts\/18499","targetHints":{"allow":["GET"]}}],"collection":[{"href":"https:\/\/losperiodistas.com.mx\/portal\/wp-json\/wp\/v2\/posts"}],"about":[{"href":"https:\/\/losperiodistas.com.mx\/portal\/wp-json\/wp\/v2\/types\/post"}],"author":[{"embeddable":true,"href":"https:\/\/losperiodistas.com.mx\/portal\/wp-json\/wp\/v2\/users\/1"}],"replies":[{"embeddable":true,"href":"https:\/\/losperiodistas.com.mx\/portal\/wp-json\/wp\/v2\/comments?post=18499"}],"version-history":[{"count":1,"href":"https:\/\/losperiodistas.com.mx\/portal\/wp-json\/wp\/v2\/posts\/18499\/revisions"}],"predecessor-version":[{"id":18501,"href":"https:\/\/losperiodistas.com.mx\/portal\/wp-json\/wp\/v2\/posts\/18499\/revisions\/18501"}],"wp:featuredmedia":[{"embeddable":true,"href":"https:\/\/losperiodistas.com.mx\/portal\/wp-json\/wp\/v2\/media\/18500"}],"wp:attachment":[{"href":"https:\/\/losperiodistas.com.mx\/portal\/wp-json\/wp\/v2\/media?parent=18499"}],"wp:term":[{"taxonomy":"category","embeddable":true,"href":"https:\/\/losperiodistas.com.mx\/portal\/wp-json\/wp\/v2\/categories?post=18499"},{"taxonomy":"post_tag","embeddable":true,"href":"https:\/\/losperiodistas.com.mx\/portal\/wp-json\/wp\/v2\/tags?post=18499"}],"curies":[{"name":"wp","href":"https:\/\/api.w.org\/{rel}","templated":true}]}}