{"id":18493,"date":"2021-12-31T08:49:54","date_gmt":"2021-12-31T14:49:54","guid":{"rendered":"http:\/\/losperiodistas.com.mx\/portal\/?p=18493"},"modified":"2021-12-31T08:49:56","modified_gmt":"2021-12-31T14:49:56","slug":"ayuntamiento-de-puebla-garantizara-servicio-de-recoleccion-de-basura-este-fin-de-ano","status":"publish","type":"post","link":"https:\/\/losperiodistas.com.mx\/portal\/ayuntamiento-de-puebla-garantizara-servicio-de-recoleccion-de-basura-este-fin-de-ano\/","title":{"rendered":"Ayuntamiento de Puebla garantizar\u00e1 servicio de recolecci\u00f3n de basura este fin de a\u00f1o"},"content":{"rendered":"\n<p style=\"font-size:18px\"><em>Habr\u00e1 cuadrillas en el Centro Hist\u00f3rico y en los principales puntos de la ciudad para evitar montoneras<\/em><\/p>\n\n\n\n<p><\/p>\n\n\n\n<figure class=\"wp-block-image size-large\"><img fetchpriority=\"high\" decoding=\"async\" width=\"600\" height=\"600\" src=\"https:\/\/losperiodistas.com.mx\/portal\/wp-content\/uploads\/2021\/12\/26e8e2b6c9d4dfcef4f0e4dc0a5ec8d6_XL.jpeg\" alt=\"\" class=\"wp-image-18494\" srcset=\"https:\/\/losperiodistas.com.mx\/portal\/wp-content\/uploads\/2021\/12\/26e8e2b6c9d4dfcef4f0e4dc0a5ec8d6_XL.jpeg 600w, https:\/\/losperiodistas.com.mx\/portal\/wp-content\/uploads\/2021\/12\/26e8e2b6c9d4dfcef4f0e4dc0a5ec8d6_XL-300x300.jpeg 300w, https:\/\/losperiodistas.com.mx\/portal\/wp-content\/uploads\/2021\/12\/26e8e2b6c9d4dfcef4f0e4dc0a5ec8d6_XL-150x150.jpeg 150w\" sizes=\"(max-width: 600px) 100vw, 600px\" \/><\/figure>\n\n\n\n<p><\/p>\n\n\n\n<p class=\"has-vivid-cyan-blue-color has-text-color has-medium-font-size\">REDACCI\u00d3N<\/p>\n\n\n\n<p>Los d\u00edas viernes 31 de diciembre y s\u00e1bado 1\u00b0 de enero, el Ayuntamiento de Puebla, a trav\u00e9s del Organismo Operador del Servicio de Limpia, garantizar\u00e1 los servicios de recolecci\u00f3n de residuos s\u00f3lidos urbanos en la capital.\u00a0<\/p>\n\n\n\n<p>Esta medida se toma con el fin de evitar la concentraci\u00f3n de basura en las calles con motivo de los festejos de fin de a\u00f1o y as\u00ed mantener limpios los espacios p\u00fablicos de la ciudad.\u00a0<\/p>\n\n\n\n<p>En espec\u00edfico, las cuadrillas de Servicios Urbanos de Puebla (SUPSA) y Promotora Ambiental (PASA) laborar\u00e1n el viernes hasta 19:00 horas y reanudar\u00e1n el servicio el s\u00e1bado 01 de enero a partir de las 15:00 horas.\u00a0<\/p>\n\n\n\n<p>Tambi\u00e9n habr\u00e1 cuatro brigadas especiales de vigilancia del Organismo, dos en la ma\u00f1ana y dos en la tarde, tanto en el Centro Hist\u00f3rico como en los principales puntos de la ciudad, mismas que realizar\u00e1n labores de recolecci\u00f3n y limpieza durante los festejos de fin de a\u00f1o.<\/p>\n\n\n\n<p>Fuente: https:\/\/www.pueblacapital.gob.mx\/noticias\/comunicados-de-prensa\/item\/15605-ayuntamiento-de-puebla-garantizara-servicio-de-recoleccion-de-basura-este-fin-de-ano<\/p>\n","protected":false},"excerpt":{"rendered":"<p>Habr\u00e1 cuadrillas en el Centro Hist\u00f3rico y en los principales puntos de la ciudad para evitar montoneras REDACCI\u00d3N Los d\u00edas [&hellip;]<\/p>\n","protected":false},"author":1,"featured_media":18494,"comment_status":"open","ping_status":"open","sticky":false,"template":"","format":"standard","meta":{"site-sidebar-layout":"default","site-content-layout":"","ast-site-content-layout":"default","site-content-style":"default","site-sidebar-style":"default","ast-global-header-display":"","ast-banner-title-visibility":"","ast-main-header-display":"","ast-hfb-above-header-display":"","ast-hfb-below-header-display":"","ast-hfb-mobile-header-display":"","site-post-title":"","ast-breadcrumbs-content":"","ast-featured-img":"","footer-sml-layout":"","theme-transparent-header-meta":"","adv-header-id-meta":"","stick-header-meta":"","header-above-stick-meta":"","header-main-stick-meta":"","header-below-stick-meta":"","astra-migrate-meta-layouts":"default","ast-page-background-enabled":"default","ast-page-background-meta":{"desktop":{"background-color":"var(--ast-global-color-4)","background-image":"","background-repeat":"repeat","background-position":"center center","background-size":"auto","background-attachment":"scroll","background-type":"","background-media":"","overlay-type":"","overlay-color":"","overlay-opacity":"","overlay-gradient":""},"tablet":{"background-color":"","background-image":"","background-repeat":"repeat","background-position":"center center","background-size":"auto","background-attachment":"scroll","background-type":"","background-media":"","overlay-type":"","overlay-color":"","overlay-opacity":"","overlay-gradient":""},"mobile":{"background-color":"","background-image":"","background-repeat":"repeat","background-position":"center center","background-size":"auto","background-attachment":"scroll","background-type":"","background-media":"","overlay-type":"","overlay-color":"","overlay-opacity":"","overlay-gradient":""}},"ast-content-background-meta":{"desktop":{"background-color":"var(--ast-global-color-5)","background-image":"","background-repeat":"repeat","background-position":"center center","background-size":"auto","background-attachment":"scroll","background-type":"","background-media":"","overlay-type":"","overlay-color":"","overlay-opacity":"","overlay-gradient":""},"tablet":{"background-color":"var(--ast-global-color-5)","background-image":"","background-repeat":"repeat","background-position":"center center","background-size":"auto","background-attachment":"scroll","background-type":"","background-media":"","overlay-type":"","overlay-color":"","overlay-opacity":"","overlay-gradient":""},"mobile":{"background-color":"var(--ast-global-color-5)","background-image":"","background-repeat":"repeat","background-position":"center center","background-size":"auto","background-attachment":"scroll","background-type":"","background-media":"","overlay-type":"","overlay-color":"","overlay-opacity":"","overlay-gradient":""}},"footnotes":""},"categories":[8],"tags":[2237,6554,3424,6553],"class_list":["post-18493","post","type-post","status-publish","format-standard","has-post-thumbnail","hentry","category-noticias","tag-oosl","tag-pasa","tag-puebla-ciudad","tag-supsa"],"_links":{"self":[{"href":"https:\/\/losperiodistas.com.mx\/portal\/wp-json\/wp\/v2\/posts\/18493","targetHints":{"allow":["GET"]}}],"collection":[{"href":"https:\/\/losperiodistas.com.mx\/portal\/wp-json\/wp\/v2\/posts"}],"about":[{"href":"https:\/\/losperiodistas.com.mx\/portal\/wp-json\/wp\/v2\/types\/post"}],"author":[{"embeddable":true,"href":"https:\/\/losperiodistas.com.mx\/portal\/wp-json\/wp\/v2\/users\/1"}],"replies":[{"embeddable":true,"href":"https:\/\/losperiodistas.com.mx\/portal\/wp-json\/wp\/v2\/comments?post=18493"}],"version-history":[{"count":1,"href":"https:\/\/losperiodistas.com.mx\/portal\/wp-json\/wp\/v2\/posts\/18493\/revisions"}],"predecessor-version":[{"id":18495,"href":"https:\/\/losperiodistas.com.mx\/portal\/wp-json\/wp\/v2\/posts\/18493\/revisions\/18495"}],"wp:featuredmedia":[{"embeddable":true,"href":"https:\/\/losperiodistas.com.mx\/portal\/wp-json\/wp\/v2\/media\/18494"}],"wp:attachment":[{"href":"https:\/\/losperiodistas.com.mx\/portal\/wp-json\/wp\/v2\/media?parent=18493"}],"wp:term":[{"taxonomy":"category","embeddable":true,"href":"https:\/\/losperiodistas.com.mx\/portal\/wp-json\/wp\/v2\/categories?post=18493"},{"taxonomy":"post_tag","embeddable":true,"href":"https:\/\/losperiodistas.com.mx\/portal\/wp-json\/wp\/v2\/tags?post=18493"}],"curies":[{"name":"wp","href":"https:\/\/api.w.org\/{rel}","templated":true}]}}