{"id":18490,"date":"2021-12-31T08:44:07","date_gmt":"2021-12-31T14:44:07","guid":{"rendered":"http:\/\/losperiodistas.com.mx\/portal\/?p=18490"},"modified":"2021-12-31T08:44:08","modified_gmt":"2021-12-31T14:44:08","slug":"la-nasa-contrata-sacerdotes-ante-posible-contacto-con-extraterrestres-aleteia","status":"publish","type":"post","link":"https:\/\/losperiodistas.com.mx\/portal\/la-nasa-contrata-sacerdotes-ante-posible-contacto-con-extraterrestres-aleteia\/","title":{"rendered":"La NASA contrata sacerdotes ante posible contacto con extraterrestres | Aleteia"},"content":{"rendered":"\n<p style=\"font-size:18px\"><em>Le interesa comprender c\u00f3mo reaccionar\u00eda la humanidad y su postura de fe ante un posible hallazgo o descubrimiento de extraterrestres<\/em><\/p>\n\n\n\n<figure class=\"wp-block-image size-large\"><img fetchpriority=\"high\" decoding=\"async\" width=\"1024\" height=\"541\" src=\"https:\/\/losperiodistas.com.mx\/portal\/wp-content\/uploads\/2021\/12\/shutterstock_1074796898-1024x541.jpeg\" alt=\"\" class=\"wp-image-18491\" srcset=\"https:\/\/losperiodistas.com.mx\/portal\/wp-content\/uploads\/2021\/12\/shutterstock_1074796898-1024x541.jpeg 1024w, https:\/\/losperiodistas.com.mx\/portal\/wp-content\/uploads\/2021\/12\/shutterstock_1074796898-300x158.jpeg 300w, https:\/\/losperiodistas.com.mx\/portal\/wp-content\/uploads\/2021\/12\/shutterstock_1074796898-768x406.jpeg 768w, https:\/\/losperiodistas.com.mx\/portal\/wp-content\/uploads\/2021\/12\/shutterstock_1074796898.jpeg 1280w\" sizes=\"(max-width: 1024px) 100vw, 1024px\" \/><figcaption>Shutterstock | Fer Gregory<\/figcaption><\/figure>\n\n\n\n<p><\/p>\n\n\n\n<p class=\"has-vivid-cyan-blue-color has-text-color has-medium-font-size\">JES\u00daS V. PIC\u00d3N \/ ALETEIA<\/p>\n\n\n\n<p>Sin duda alguna, de suceder un contacto con seres extraterrestres alien\u00edgenos, se convertir\u00eda en uno de los acontecimientos&nbsp;m\u00e1s grandes en la historia de la humanidad.<\/p>\n\n\n\n<p>Es cierto que a muchos les inquieta este tema, y para muchos otros en los \u00faltimos a\u00f1os y d\u00e9cadas, han encontrado en la cartelera de los cines y la televisi\u00f3n el material para alimentar ese fervor por el posible contacto con los alien\u00edgenos.<\/p>\n\n\n\n<p>El cine hollywoodense ha encontrado una veta exitosa con las producciones del g\u00e9nero de ciencia ficci\u00f3n, han sabido lucrar con las invasiones de los alien\u00edgenos y con el posible suceso, este \u00e9xito en las taquillas es un poco por el morbo de toda la sociedad a esta posibilidad abierta a lo extra\u00f1o y sensacional, al que el hombre siempre est\u00e1 dispuesto a entender o descubrir, por una curiosidad insertada en lo m\u00e1s profundo del ser.<\/p>\n\n\n\n<p>Ciertamente&nbsp; el ser humano tiende a maravillarse por lo extraordinario, y la vida extraterrestre no es la excepci\u00f3n, por lo tanto, la humanidad ha dejado abierta esta posibilidad, de poder alg\u00fan d\u00eda encontrar vida en el espacio exterior.<\/p>\n\n\n\n<p>Y a los cat\u00f3licos pareciera que realmente no les inquieta tanto este tema, pues ante un Dios todopoderoso todo es posible. Y casi sucede lo mismo con otras religiones que no se oponen ante el posible hallazgo y contacto de seres vivos extraterrestres.<\/p>\n\n\n\n<p>Esta afirmaci\u00f3n lo confirma el art\u00edculo publicado por&nbsp;<a href=\"https:\/\/www.thetimes.co.uk\/article\/heavens-above-nasa-hires-priest-to-prepare-for-an-alien-discovery-sdczvwgqm\" target=\"_blank\" rel=\"noreferrer noopener\">El Times,<\/a>&nbsp;el peri\u00f3dico nacional de Inglaterra, donde manifiesta que la NASA ha reclutado sacerdotes y te\u00f3logos para investigar y comprender el comportamiento de los seres humanos creyentes y afines a una religi\u00f3n ante la posible llegada, o contacto con seres vivos extraterrestres alien\u00edgenos.&nbsp;<\/p>\n\n\n\n<figure class=\"wp-block-image\"><img decoding=\"async\" src=\"https:\/\/wp.es.aleteia.org\/wp-content\/uploads\/sites\/7\/2015\/08\/kndmcgen-ztmso1kp384um_kebozpqwarv6tfmnvh26uqjlapwdnhb7p5zqhknokfc97j3pdldbmvic-d7ws6vxfgg8.jpg?w=300&amp;h=169&amp;crop=1\" alt=\"Thumbnail for read also\"\/><\/figure>\n\n\n\n<p><em>Te puede interesar:<\/em><a href=\"https:\/\/es.aleteia.org\/2018\/09\/10\/en-el-vaticano-congreso-sobre-meteoritos-y-muestras-extraterrestres\/\"> En el Vaticano congreso\u00a0 sobre meteoritos y muestras extraterrestres\u00a0<\/a><\/p>\n\n\n\n<p>Es interesante resaltar que la NASA se est\u00e1 preparando ante posibles descubrimientos y hallazgos en el infinito del universo, y ante el desarrollo tecnol\u00f3gico cient\u00edfico y conquista del universo, ven en los sacerdotes y te\u00f3logos a unos aliados, ven en ellos una oportunidad para entender c\u00f3mo la fe y la religi\u00f3n influirian en el comportamiento del ser humano ante un posible hallazgo, y m\u00e1s all\u00e1 de eso, como el ser humano creyente reaccionaria ante este posible contacto con seres extraterrestres.<\/p>\n\n\n\n<p>&nbsp;\u00bfCambiar\u00edan su postura sobre Dios? Lo dudo mucho, como mencionamos al principio de este art\u00edculo, los creyentes cat\u00f3licos y de otras religiones, ven en Dios a un todopoderoso que todo lo puede y ante este designio de Dios, si llegara a suceder el posible hallazgo, los creyentes del mundo lo entender\u00edan como una acci\u00f3n y manifestaci\u00f3n del poder de Dios y su capacidad creadora en todo el universo.<\/p>\n\n\n\n<p>\u00bfHa<a href=\"https:\/\/es.aleteia.org\/2014\/05\/13\/un-cristiano-puede-creer-que-hay-vida-extraterrestre\/\">y que tener miedo ante un posible descubrimiento o hallazgo de vida extraterrestre?<\/a>\u00a0para nada, consideramos que de ser cierto esto, en la muy lejana y remota posibilidad de que existiera vida en otro lugar del universo, ser\u00edan tambi\u00e9n hijos de Dios, el mismo Dios que cre\u00f3 el cosmos y el universo, el mismo que cre\u00f3 a la humanidad y al mundo, el mismo Dios que nos ha dado a su Hijo, por lo tanto tendr\u00edan que ser seres potencialmente buenos, como Dios es bueno y perfecto, ciertamente con defectos como los seres humanos, tendr\u00edan que ser seres perfectibles, pero potencialmente buenos y creados para alcanzar un grado de perfecci\u00f3n y santidad.<\/p>\n\n\n\n<p>Fuente: https:\/\/es.aleteia.org\/2021\/12\/31\/la-nasa-contrata-sacerdotes-ante-posible-contacto-con-extraterrestres\/<\/p>\n","protected":false},"excerpt":{"rendered":"<p>Le interesa comprender c\u00f3mo reaccionar\u00eda la humanidad y su postura de fe ante un posible hallazgo o descubrimiento de extraterrestres [&hellip;]<\/p>\n","protected":false},"author":1,"featured_media":18491,"comment_status":"open","ping_status":"open","sticky":false,"template":"","format":"standard","meta":{"site-sidebar-layout":"default","site-content-layout":"","ast-site-content-layout":"default","site-content-style":"default","site-sidebar-style":"default","ast-global-header-display":"","ast-banner-title-visibility":"","ast-main-header-display":"","ast-hfb-above-header-display":"","ast-hfb-below-header-display":"","ast-hfb-mobile-header-display":"","site-post-title":"","ast-breadcrumbs-content":"","ast-featured-img":"","footer-sml-layout":"","theme-transparent-header-meta":"","adv-header-id-meta":"","stick-header-meta":"","header-above-stick-meta":"","header-main-stick-meta":"","header-below-stick-meta":"","astra-migrate-meta-layouts":"default","ast-page-background-enabled":"default","ast-page-background-meta":{"desktop":{"background-color":"var(--ast-global-color-4)","background-image":"","background-repeat":"repeat","background-position":"center center","background-size":"auto","background-attachment":"scroll","background-type":"","background-media":"","overlay-type":"","overlay-color":"","overlay-opacity":"","overlay-gradient":""},"tablet":{"background-color":"","background-image":"","background-repeat":"repeat","background-position":"center center","background-size":"auto","background-attachment":"scroll","background-type":"","background-media":"","overlay-type":"","overlay-color":"","overlay-opacity":"","overlay-gradient":""},"mobile":{"background-color":"","background-image":"","background-repeat":"repeat","background-position":"center center","background-size":"auto","background-attachment":"scroll","background-type":"","background-media":"","overlay-type":"","overlay-color":"","overlay-opacity":"","overlay-gradient":""}},"ast-content-background-meta":{"desktop":{"background-color":"var(--ast-global-color-5)","background-image":"","background-repeat":"repeat","background-position":"center center","background-size":"auto","background-attachment":"scroll","background-type":"","background-media":"","overlay-type":"","overlay-color":"","overlay-opacity":"","overlay-gradient":""},"tablet":{"background-color":"var(--ast-global-color-5)","background-image":"","background-repeat":"repeat","background-position":"center center","background-size":"auto","background-attachment":"scroll","background-type":"","background-media":"","overlay-type":"","overlay-color":"","overlay-opacity":"","overlay-gradient":""},"mobile":{"background-color":"var(--ast-global-color-5)","background-image":"","background-repeat":"repeat","background-position":"center center","background-size":"auto","background-attachment":"scroll","background-type":"","background-media":"","overlay-type":"","overlay-color":"","overlay-opacity":"","overlay-gradient":""}},"footnotes":""},"categories":[8],"tags":[6552,6247,150],"class_list":["post-18490","post","type-post","status-publish","format-standard","has-post-thumbnail","hentry","category-noticias","tag-extraterrestres","tag-iglesia-catolica","tag-nasa"],"_links":{"self":[{"href":"https:\/\/losperiodistas.com.mx\/portal\/wp-json\/wp\/v2\/posts\/18490","targetHints":{"allow":["GET"]}}],"collection":[{"href":"https:\/\/losperiodistas.com.mx\/portal\/wp-json\/wp\/v2\/posts"}],"about":[{"href":"https:\/\/losperiodistas.com.mx\/portal\/wp-json\/wp\/v2\/types\/post"}],"author":[{"embeddable":true,"href":"https:\/\/losperiodistas.com.mx\/portal\/wp-json\/wp\/v2\/users\/1"}],"replies":[{"embeddable":true,"href":"https:\/\/losperiodistas.com.mx\/portal\/wp-json\/wp\/v2\/comments?post=18490"}],"version-history":[{"count":1,"href":"https:\/\/losperiodistas.com.mx\/portal\/wp-json\/wp\/v2\/posts\/18490\/revisions"}],"predecessor-version":[{"id":18492,"href":"https:\/\/losperiodistas.com.mx\/portal\/wp-json\/wp\/v2\/posts\/18490\/revisions\/18492"}],"wp:featuredmedia":[{"embeddable":true,"href":"https:\/\/losperiodistas.com.mx\/portal\/wp-json\/wp\/v2\/media\/18491"}],"wp:attachment":[{"href":"https:\/\/losperiodistas.com.mx\/portal\/wp-json\/wp\/v2\/media?parent=18490"}],"wp:term":[{"taxonomy":"category","embeddable":true,"href":"https:\/\/losperiodistas.com.mx\/portal\/wp-json\/wp\/v2\/categories?post=18490"},{"taxonomy":"post_tag","embeddable":true,"href":"https:\/\/losperiodistas.com.mx\/portal\/wp-json\/wp\/v2\/tags?post=18490"}],"curies":[{"name":"wp","href":"https:\/\/api.w.org\/{rel}","templated":true}]}}