{"id":18045,"date":"2021-12-23T06:22:21","date_gmt":"2021-12-23T12:22:21","guid":{"rendered":"http:\/\/losperiodistas.com.mx\/portal\/?p=18045"},"modified":"2021-12-23T06:22:22","modified_gmt":"2021-12-23T12:22:22","slug":"efemerides-del-23-de-diciembre-que-paso-un-dia-como-hoy-adn-40","status":"publish","type":"post","link":"https:\/\/losperiodistas.com.mx\/portal\/efemerides-del-23-de-diciembre-que-paso-un-dia-como-hoy-adn-40\/","title":{"rendered":"Efem\u00e9rides del 23 de diciembre: Qu\u00e9 pas\u00f3 un d\u00eda como hoy | ADN 40"},"content":{"rendered":"\n<p style=\"font-size:18px\"><em>\u00bfSabes qu\u00e9 pas\u00f3 un d\u00eda como hoy? El 23 de diciembre se celebra la \u201cNoche de r\u00e1banos\u201d. Conoce las efem\u00e9rides de este d\u00eda.<\/em><\/p>\n\n\n\n<p><\/p>\n\n\n\n<figure class=\"wp-block-image size-large\"><img fetchpriority=\"high\" decoding=\"async\" width=\"968\" height=\"644\" src=\"https:\/\/losperiodistas.com.mx\/portal\/wp-content\/uploads\/2021\/12\/efem-dic-23.jpeg\" alt=\"\" class=\"wp-image-18046\" srcset=\"https:\/\/losperiodistas.com.mx\/portal\/wp-content\/uploads\/2021\/12\/efem-dic-23.jpeg 968w, https:\/\/losperiodistas.com.mx\/portal\/wp-content\/uploads\/2021\/12\/efem-dic-23-300x200.jpeg 300w, https:\/\/losperiodistas.com.mx\/portal\/wp-content\/uploads\/2021\/12\/efem-dic-23-768x511.jpeg 768w\" sizes=\"(max-width: 968px) 100vw, 968px\" \/><\/figure>\n\n\n\n<p><\/p>\n\n\n\n<p class=\"has-vivid-cyan-blue-color has-text-color has-medium-font-size\">ADN 40<\/p>\n\n\n\n<h2 class=\"wp-block-heading\">Qu\u00e9 se conmemora cada 23 de diciembre<\/h2>\n\n\n\n<p><strong>Un d\u00eda como hoy<\/strong>, pero de 1970 se fundaba el CONACyT, el Consejo Nacional de Ciencia y Tecnolog\u00eda. Organismo que se encarga de dise\u00f1ar, planear, ejecutar y coordinar las pol\u00edticas p\u00fablicas en materia de ciencia, tecnolog\u00eda e innovaci\u00f3n.<\/p>\n\n\n\n<p>Cada\u00a0<strong>23 de diciembre<\/strong>, se festeja \u2018La Noche de los R\u00e1banos\u2019 o \u2018Noche de R\u00e1banos\u2019. Se trata de un concurso oaxaque\u00f1o anual que se lleva a cabo el d\u00eda del \u2018Mercado Navide\u00f1o\u2019 (23 de diciembre) en la ciudad de Oaxaca, M\u00e9xico.<\/p>\n\n\n\n<p>Durante este d\u00eda, las personas crean figuras o escenas talladas de r\u00e1banos (<em>Raphanus sativus<\/em>) las cuales son postuladas para competir dentro de varias categor\u00edas.<\/p>\n\n\n\n<h2 class=\"wp-block-heading\">Efem\u00e9rides del 23 de diciembre de 2021<\/h2>\n\n\n\n<p>1588: En el actual M\u00e9xico, los espa\u00f1oles fundan \u2018Zacatecas\u2019.<\/p>\n\n\n\n<figure class=\"wp-block-image\"><img decoding=\"async\" src=\"https:\/\/tvazteca.brightspotcdn.com\/dims4\/default\/9e0e9e4\/2147483647\/strip\/true\/crop\/1380x919+0+0\/resize\/968x645!\/format\/jpg\/quality\/80\/?url=https%3A%2F%2Ftvazteca.brightspotcdn.com%2F7f%2F83%2F43a398bd44d19c3909662f9b82a9%2Fefemerides-23-de-diciembre-2.jpg\" alt=\"efem\u00e9rides 23 de diciembre 2.jpg\"\/><\/figure>\n\n\n\n<p>1715: En Jadraque (Guadalajara) se celebra una entrevista entre la reina de Espa\u00f1a, Isabel de Farnesio, y la Princesa de los Ursinos.<\/p>\n\n\n\n<p>1783: En los Estados Unidos, George Washington depone sus poderes, una vez terminada la Guerra de Independencia.<\/p>\n\n\n\n<p>1788: En Espa\u00f1a, Carlos IV es proclamado rey.<\/p>\n\n\n\n<p>1808: En Espa\u00f1a, custodiado por el ej\u00e9rcito franc\u00e9s, Jos\u00e9 I Bonaparte accede al trono, otorgado por su hermano Napole\u00f3n Bonaparte.<\/p>\n\n\n\n<p>1933: El r\u00e1pido de Estrasburgo choca con el expreso de Nancy, causando 210 muertos y 300 heridos.<\/p>\n\n\n\n<p>1938: En el marco de la Guerra Civil Espa\u00f1ola, tropas franquistas entran en Catalu\u00f1a tras romper las l\u00edneas republicanas en diversos puntos.<\/p>\n\n\n\n<p>1970: Se establece el Consejo Nacional de Ciencia y Tecnolog\u00eda (CONACyT).<\/p>\n\n\n\n<figure class=\"wp-block-image\"><img decoding=\"async\" src=\"https:\/\/tvazteca.brightspotcdn.com\/dims4\/default\/c34013a\/2147483647\/strip\/true\/crop\/980x681+0+0\/resize\/968x673!\/format\/jpg\/quality\/80\/?url=https%3A%2F%2Ftvazteca.brightspotcdn.com%2F79%2Fa9%2F99253110435d9dd948dd82546ef1%2Fefemerides-23-de-diciembre-3.jpg\" alt=\"efem\u00e9rides 23 de diciembre 3.jpg\"\/><\/figure>\n\n\n\n<p>1972: En Nicaragua, un terremoto de magnitud 6.2 en la escala Richter destruye la capital, Managua (especialmente el centro), causando m\u00e1s de 10 000 muertos.<\/p>\n\n\n\n<p>1973: En Marruecos se estrella un avi\u00f3n Caravelle; mueren 106 personas.<\/p>\n\n\n\n<p>1975: En Argentina falla un intento de golpe de Estado.<\/p>\n\n\n\n<p>1985: Francia indemniza a&nbsp;<a href=\"https:\/\/www.adn40.mx\/noticia\/internacional\/notas\/2019-06-26-06-00\/greenpeace-denuncia-aprobacion-excesiva-de-pesticidas-en-brasil\" target=\"_blank\" rel=\"noreferrer noopener\">Greenpeace&nbsp;<\/a>por el hundimiento del buque Rainbow Warrior.<\/p>\n\n\n\n<p>1989: Tropas estadounidenses invaden Panam\u00e1.<\/p>\n\n\n\n<p>2011: En el municipio de Dosquebradas (Colombia) explota un poliducto, dejando un saldo de 13 muertos y al menos 80 heridos.<\/p>\n\n\n\n<p>2019: El presidente chileno\u00a0<a href=\"https:\/\/www.adn40.mx\/noticia\/internacional\/notas\/2019-10-25-20-34\/video-organizan-lamarchamasgrandedechile-para-protestar-contra-pinera\" target=\"_blank\" rel=\"noreferrer noopener\">Sebasti\u00e1n Pi\u00f1era\u00a0<\/a>promulga la reforma constitucional que da inicio al Proceso constituyente en Chile.<\/p>\n\n\n\n<p>Fuente: https:\/\/www.adn40.mx\/mexico\/efemerides-23-de-diciembre-gm-especial<\/p>\n","protected":false},"excerpt":{"rendered":"<p>\u00bfSabes qu\u00e9 pas\u00f3 un d\u00eda como hoy? El 23 de diciembre se celebra la \u201cNoche de r\u00e1banos\u201d. Conoce las efem\u00e9rides [&hellip;]<\/p>\n","protected":false},"author":1,"featured_media":18046,"comment_status":"open","ping_status":"open","sticky":false,"template":"","format":"standard","meta":{"site-sidebar-layout":"default","site-content-layout":"","ast-site-content-layout":"default","site-content-style":"default","site-sidebar-style":"default","ast-global-header-display":"","ast-banner-title-visibility":"","ast-main-header-display":"","ast-hfb-above-header-display":"","ast-hfb-below-header-display":"","ast-hfb-mobile-header-display":"","site-post-title":"","ast-breadcrumbs-content":"","ast-featured-img":"","footer-sml-layout":"","theme-transparent-header-meta":"","adv-header-id-meta":"","stick-header-meta":"","header-above-stick-meta":"","header-main-stick-meta":"","header-below-stick-meta":"","astra-migrate-meta-layouts":"default","ast-page-background-enabled":"default","ast-page-background-meta":{"desktop":{"background-color":"var(--ast-global-color-4)","background-image":"","background-repeat":"repeat","background-position":"center center","background-size":"auto","background-attachment":"scroll","background-type":"","background-media":"","overlay-type":"","overlay-color":"","overlay-opacity":"","overlay-gradient":""},"tablet":{"background-color":"","background-image":"","background-repeat":"repeat","background-position":"center center","background-size":"auto","background-attachment":"scroll","background-type":"","background-media":"","overlay-type":"","overlay-color":"","overlay-opacity":"","overlay-gradient":""},"mobile":{"background-color":"","background-image":"","background-repeat":"repeat","background-position":"center center","background-size":"auto","background-attachment":"scroll","background-type":"","background-media":"","overlay-type":"","overlay-color":"","overlay-opacity":"","overlay-gradient":""}},"ast-content-background-meta":{"desktop":{"background-color":"var(--ast-global-color-5)","background-image":"","background-repeat":"repeat","background-position":"center center","background-size":"auto","background-attachment":"scroll","background-type":"","background-media":"","overlay-type":"","overlay-color":"","overlay-opacity":"","overlay-gradient":""},"tablet":{"background-color":"var(--ast-global-color-5)","background-image":"","background-repeat":"repeat","background-position":"center center","background-size":"auto","background-attachment":"scroll","background-type":"","background-media":"","overlay-type":"","overlay-color":"","overlay-opacity":"","overlay-gradient":""},"mobile":{"background-color":"var(--ast-global-color-5)","background-image":"","background-repeat":"repeat","background-position":"center center","background-size":"auto","background-attachment":"scroll","background-type":"","background-media":"","overlay-type":"","overlay-color":"","overlay-opacity":"","overlay-gradient":""}},"footnotes":""},"categories":[8],"tags":[4165,6332,6333],"class_list":["post-18045","post","type-post","status-publish","format-standard","has-post-thumbnail","hentry","category-noticias","tag-conacyt","tag-noche-de-rabanos","tag-zacatecas"],"_links":{"self":[{"href":"https:\/\/losperiodistas.com.mx\/portal\/wp-json\/wp\/v2\/posts\/18045","targetHints":{"allow":["GET"]}}],"collection":[{"href":"https:\/\/losperiodistas.com.mx\/portal\/wp-json\/wp\/v2\/posts"}],"about":[{"href":"https:\/\/losperiodistas.com.mx\/portal\/wp-json\/wp\/v2\/types\/post"}],"author":[{"embeddable":true,"href":"https:\/\/losperiodistas.com.mx\/portal\/wp-json\/wp\/v2\/users\/1"}],"replies":[{"embeddable":true,"href":"https:\/\/losperiodistas.com.mx\/portal\/wp-json\/wp\/v2\/comments?post=18045"}],"version-history":[{"count":1,"href":"https:\/\/losperiodistas.com.mx\/portal\/wp-json\/wp\/v2\/posts\/18045\/revisions"}],"predecessor-version":[{"id":18047,"href":"https:\/\/losperiodistas.com.mx\/portal\/wp-json\/wp\/v2\/posts\/18045\/revisions\/18047"}],"wp:featuredmedia":[{"embeddable":true,"href":"https:\/\/losperiodistas.com.mx\/portal\/wp-json\/wp\/v2\/media\/18046"}],"wp:attachment":[{"href":"https:\/\/losperiodistas.com.mx\/portal\/wp-json\/wp\/v2\/media?parent=18045"}],"wp:term":[{"taxonomy":"category","embeddable":true,"href":"https:\/\/losperiodistas.com.mx\/portal\/wp-json\/wp\/v2\/categories?post=18045"},{"taxonomy":"post_tag","embeddable":true,"href":"https:\/\/losperiodistas.com.mx\/portal\/wp-json\/wp\/v2\/tags?post=18045"}],"curies":[{"name":"wp","href":"https:\/\/api.w.org\/{rel}","templated":true}]}}