{"id":18028,"date":"2021-12-22T08:49:50","date_gmt":"2021-12-22T14:49:50","guid":{"rendered":"http:\/\/losperiodistas.com.mx\/portal\/?p=18028"},"modified":"2021-12-23T06:18:50","modified_gmt":"2021-12-23T12:18:50","slug":"israel-comenzara-a-aplicar-la-cuarta-dosis-a-mayores-de-60-y-sanitarios-publico","status":"publish","type":"post","link":"https:\/\/losperiodistas.com.mx\/portal\/israel-comenzara-a-aplicar-la-cuarta-dosis-a-mayores-de-60-y-sanitarios-publico\/","title":{"rendered":"Israel comenzar\u00e1 a aplicar la cuarta dosis a mayores de 60 y sanitarios | P\u00fablico"},"content":{"rendered":"\n<p style=\"font-size:18px\"><em>El primer ministro, Naftali Benet,&nbsp;se comprometi\u00f3 a iniciar la campa\u00f1a \u00abde inmediato\u00bb para frenar la quinta ola y la propagaci\u00f3n de la variante \u00f3micron.<\/em><\/p>\n\n\n\n<p><\/p>\n\n\n\n<figure class=\"wp-block-image size-large\"><img fetchpriority=\"high\" decoding=\"async\" width=\"1024\" height=\"682\" src=\"https:\/\/losperiodistas.com.mx\/portal\/wp-content\/uploads\/2021\/12\/Captura-de-Pantalla-2021-12-22-a-las-8.46.21-1024x682.png\" alt=\"\" class=\"wp-image-18029\" srcset=\"https:\/\/losperiodistas.com.mx\/portal\/wp-content\/uploads\/2021\/12\/Captura-de-Pantalla-2021-12-22-a-las-8.46.21-1024x682.png 1024w, https:\/\/losperiodistas.com.mx\/portal\/wp-content\/uploads\/2021\/12\/Captura-de-Pantalla-2021-12-22-a-las-8.46.21-300x200.png 300w, https:\/\/losperiodistas.com.mx\/portal\/wp-content\/uploads\/2021\/12\/Captura-de-Pantalla-2021-12-22-a-las-8.46.21-768x511.png 768w, https:\/\/losperiodistas.com.mx\/portal\/wp-content\/uploads\/2021\/12\/Captura-de-Pantalla-2021-12-22-a-las-8.46.21.png 1412w\" sizes=\"(max-width: 1024px) 100vw, 1024px\" \/><figcaption><a href=\"https:\/\/www.publico.es\/uploads\/2021\/12\/22\/61c2ee4ce6832.jpeg\"><\/a>Preparaci\u00f3n de una vacuna durante la vacunaci\u00f3n de menores en el Hospital Ni\u00f1o Jes\u00fas de Madrid, a 15 de diciembre de 2021.&nbsp;<em>\u2014<\/em>&nbsp;<em>Zipi<\/em>&nbsp;<em>\/<\/em>&nbsp;<em>EFE<\/em><br><\/figcaption><\/figure>\n\n\n\n<p class=\"has-vivid-cyan-blue-color has-text-color has-medium-font-size\">EFE \/ P\u00daBLICO<\/p>\n\n\n\n<p id=\"m413-412-414\">Israel comenzar\u00e1 a aplicar&nbsp;<strong>la cuarta dosis de la vacuna<\/strong>&nbsp;contra la covid-19 a mayores de 60 a\u00f1os y a trabajadores de la salud, cuando hayan pasado cuatro meses desde la tercera dosis. El comit\u00e9 de expertos que asesora al gobierno en la respuesta a la pandemia aprob\u00f3 la noche del martes esa medida, a petici\u00f3n del primer ministro, Naftali Benet, quien celebr\u00f3 la decisi\u00f3n y se comprometi\u00f3 a iniciar la campa\u00f1a \u00abde inmediato\u00bb para<strong>&nbsp;frenar la quinta ola<\/strong>&nbsp;y la propagaci\u00f3n de la variante \u00f3micron.<\/p>\n\n\n\n<p id=\"m418-1-419\">M\u00e1s de cuatro millones de personas<strong>&nbsp;ya cuentan con la tercera dosis<\/strong>&nbsp;de la vacuna Pfizer en Israel, uno de los primeros pa\u00edses del mundo en impulsar con \u00e9xito en el verano esa campa\u00f1a de inoculaci\u00f3n con la que lograron contener la cuarta ola de la pandemia.<\/p>\n\n\n\n<p id=\"m423-2-424\">\u00abEs una maravillosa noticia que nos ayudar\u00e1 a superar esta oleada de la variante \u00f3micron que est\u00e1 azotando el mundo entero\u00bb, indic\u00f3 Benet en un comunicado tras conocerse la decisi\u00f3n del comit\u00e9 de expertos. De hecho, el primer ministro ya hizo un llamamiento al&nbsp;<em>Home Front Command<\/em>&nbsp;\u2014comando del Ej\u00e9rcito que gestiona temas civiles\u2014, que asiste al gobierno en la respuesta a la pandemia y la distribuci\u00f3n de vacunas, a que est\u00e9n listos para esa nueva tarea.<\/p>\n\n\n\n<p id=\"m428-3-429\">Aunque la decisi\u00f3n&nbsp;<strong>a\u00fan requiere el anuncio formal&nbsp;<\/strong>del Ministerio de Salud, su titular, Nitzan Horowitz, tambi\u00e9n celebr\u00f3 en Twitter la noticia y destac\u00f3 que \u00abla prioridad es proteger a los adultos mayores, que son m\u00e1s vulnerables, y mantener a salvo al personal m\u00e9dico\u00bb.<\/p>\n\n\n\n<p id=\"m433-4-434\">Con m\u00e1s del 62% de la poblaci\u00f3n inoculada con al menos dos dosis de Pfizer y casi un 45% con tres dosis, el foco de la campa\u00f1a de vacunaci\u00f3n estaba puesto hasta ahora en los ni\u00f1os de entre 5 y 11 a\u00f1os, que registran<strong>&nbsp;cifras de inoculaci\u00f3n muy bajas<\/strong>&nbsp;(solo el 11% ha recibido al menos una dosis) a pesar de poder recibir su dosis desde hace ya un mes.<\/p>\n\n\n\n<p id=\"m438-5-439\">Adem\u00e1s, el comit\u00e9 de expertos tambi\u00e9n aconsej\u00f3 que el periodo entre la segunda y la tercera dosis&nbsp;<strong>se reduzca de cinco a tres meses<\/strong>, para aumentar los niveles de inmunizaci\u00f3n cuando la variante \u00f3micron se propaga por Israel, que ya ha confirmado m\u00e1s de 340 casos, tras duplicarse la cifra en solo un d\u00eda.<\/p>\n\n\n\n<p id=\"m443-6-444\">El pa\u00eds tambi\u00e9n ha confirmado<strong>&nbsp;la primera muerte&nbsp;<\/strong>por esa variante de un hombre de 60 a\u00f1os con patolog\u00edas previas y que ten\u00eda dos dosis de la vacuna. Israel lleva tres d\u00edas registrando m\u00e1s de mil nuevas infecciones de covid-19 diarias, cifras que no alcanzaba<strong>&nbsp;desde mediados de octubre<\/strong>, en plena cuarta ola<\/p>\n\n\n\n<p>Fuente: https:\/\/www.publico.es\/internacional\/israel-comenzara-aplicar-cuarta-dosis-mayores-60-sanitarios.html<\/p>\n","protected":false},"excerpt":{"rendered":"<p>El primer ministro, Naftali Benet,&nbsp;se comprometi\u00f3 a iniciar la campa\u00f1a \u00abde inmediato\u00bb para frenar la quinta ola y la propagaci\u00f3n [&hellip;]<\/p>\n","protected":false},"author":1,"featured_media":18029,"comment_status":"open","ping_status":"open","sticky":false,"template":"","format":"standard","meta":{"site-sidebar-layout":"default","site-content-layout":"","ast-site-content-layout":"default","site-content-style":"default","site-sidebar-style":"default","ast-global-header-display":"","ast-banner-title-visibility":"","ast-main-header-display":"","ast-hfb-above-header-display":"","ast-hfb-below-header-display":"","ast-hfb-mobile-header-display":"","site-post-title":"","ast-breadcrumbs-content":"","ast-featured-img":"","footer-sml-layout":"","theme-transparent-header-meta":"","adv-header-id-meta":"","stick-header-meta":"","header-above-stick-meta":"","header-main-stick-meta":"","header-below-stick-meta":"","astra-migrate-meta-layouts":"default","ast-page-background-enabled":"default","ast-page-background-meta":{"desktop":{"background-color":"var(--ast-global-color-4)","background-image":"","background-repeat":"repeat","background-position":"center center","background-size":"auto","background-attachment":"scroll","background-type":"","background-media":"","overlay-type":"","overlay-color":"","overlay-opacity":"","overlay-gradient":""},"tablet":{"background-color":"","background-image":"","background-repeat":"repeat","background-position":"center center","background-size":"auto","background-attachment":"scroll","background-type":"","background-media":"","overlay-type":"","overlay-color":"","overlay-opacity":"","overlay-gradient":""},"mobile":{"background-color":"","background-image":"","background-repeat":"repeat","background-position":"center center","background-size":"auto","background-attachment":"scroll","background-type":"","background-media":"","overlay-type":"","overlay-color":"","overlay-opacity":"","overlay-gradient":""}},"ast-content-background-meta":{"desktop":{"background-color":"var(--ast-global-color-5)","background-image":"","background-repeat":"repeat","background-position":"center center","background-size":"auto","background-attachment":"scroll","background-type":"","background-media":"","overlay-type":"","overlay-color":"","overlay-opacity":"","overlay-gradient":""},"tablet":{"background-color":"var(--ast-global-color-5)","background-image":"","background-repeat":"repeat","background-position":"center center","background-size":"auto","background-attachment":"scroll","background-type":"","background-media":"","overlay-type":"","overlay-color":"","overlay-opacity":"","overlay-gradient":""},"mobile":{"background-color":"var(--ast-global-color-5)","background-image":"","background-repeat":"repeat","background-position":"center center","background-size":"auto","background-attachment":"scroll","background-type":"","background-media":"","overlay-type":"","overlay-color":"","overlay-opacity":"","overlay-gradient":""}},"footnotes":""},"categories":[8],"tags":[6331,1582],"class_list":["post-18028","post","type-post","status-publish","format-standard","has-post-thumbnail","hentry","category-noticias","tag-cuarta-dosis-covid-19","tag-israel"],"_links":{"self":[{"href":"https:\/\/losperiodistas.com.mx\/portal\/wp-json\/wp\/v2\/posts\/18028","targetHints":{"allow":["GET"]}}],"collection":[{"href":"https:\/\/losperiodistas.com.mx\/portal\/wp-json\/wp\/v2\/posts"}],"about":[{"href":"https:\/\/losperiodistas.com.mx\/portal\/wp-json\/wp\/v2\/types\/post"}],"author":[{"embeddable":true,"href":"https:\/\/losperiodistas.com.mx\/portal\/wp-json\/wp\/v2\/users\/1"}],"replies":[{"embeddable":true,"href":"https:\/\/losperiodistas.com.mx\/portal\/wp-json\/wp\/v2\/comments?post=18028"}],"version-history":[{"count":2,"href":"https:\/\/losperiodistas.com.mx\/portal\/wp-json\/wp\/v2\/posts\/18028\/revisions"}],"predecessor-version":[{"id":18044,"href":"https:\/\/losperiodistas.com.mx\/portal\/wp-json\/wp\/v2\/posts\/18028\/revisions\/18044"}],"wp:featuredmedia":[{"embeddable":true,"href":"https:\/\/losperiodistas.com.mx\/portal\/wp-json\/wp\/v2\/media\/18029"}],"wp:attachment":[{"href":"https:\/\/losperiodistas.com.mx\/portal\/wp-json\/wp\/v2\/media?parent=18028"}],"wp:term":[{"taxonomy":"category","embeddable":true,"href":"https:\/\/losperiodistas.com.mx\/portal\/wp-json\/wp\/v2\/categories?post=18028"},{"taxonomy":"post_tag","embeddable":true,"href":"https:\/\/losperiodistas.com.mx\/portal\/wp-json\/wp\/v2\/tags?post=18028"}],"curies":[{"name":"wp","href":"https:\/\/api.w.org\/{rel}","templated":true}]}}