{"id":18025,"date":"2021-12-22T08:46:29","date_gmt":"2021-12-22T14:46:29","guid":{"rendered":"http:\/\/losperiodistas.com.mx\/portal\/?p=18025"},"modified":"2021-12-22T08:46:30","modified_gmt":"2021-12-22T14:46:30","slug":"una-monja-marinera-navega-por-el-mundo-masculino-del-vaticano-wsj","status":"publish","type":"post","link":"https:\/\/losperiodistas.com.mx\/portal\/una-monja-marinera-navega-por-el-mundo-masculino-del-vaticano-wsj\/","title":{"rendered":"Una monja marinera navega por el mundo masculino del Vaticano | WSJ"},"content":{"rendered":"\n<p style=\"font-size:18px\"><em>La hermana Nathalie Becquart es la m\u00e1s destacada de varias mujeres nombradas para puestos de alto nivel en el Vaticano por el Papa Francisco.<\/em><\/p>\n\n\n\n<p><\/p>\n\n\n\n<figure class=\"wp-block-image size-large\"><img fetchpriority=\"high\" decoding=\"async\" width=\"1024\" height=\"682\" src=\"https:\/\/losperiodistas.com.mx\/portal\/wp-content\/uploads\/2021\/12\/im-455610-1024x682.jpeg\" alt=\"\" class=\"wp-image-18026\" srcset=\"https:\/\/losperiodistas.com.mx\/portal\/wp-content\/uploads\/2021\/12\/im-455610-1024x682.jpeg 1024w, https:\/\/losperiodistas.com.mx\/portal\/wp-content\/uploads\/2021\/12\/im-455610-300x200.jpeg 300w, https:\/\/losperiodistas.com.mx\/portal\/wp-content\/uploads\/2021\/12\/im-455610-768x512.jpeg 768w, https:\/\/losperiodistas.com.mx\/portal\/wp-content\/uploads\/2021\/12\/im-455610-1536x1023.jpeg 1536w, https:\/\/losperiodistas.com.mx\/portal\/wp-content\/uploads\/2021\/12\/im-455610.jpeg 1720w\" sizes=\"(max-width: 1024px) 100vw, 1024px\" \/><figcaption>La hermana Nathalie Becquart fue nombrada la primera mujer en servir como subsecretaria del S\u00ednodo de los Obispos a principios de este a\u00f1o. FOTO:\u00a0ALESSIA GIULIANI \/ CPP \/ ZUMA PRESS<\/figcaption><\/figure>\n\n\n\n<p><\/p>\n\n\n\n<p class=\"has-vivid-cyan-blue-color has-text-color has-medium-font-size\">FRANCIS X. ROCCA \/ THE WALL STREET JOURNAL<\/p>\n\n\n\n<p>CIUDAD DEL VATICANO \u2014 A la hermana Nathalie Becquart le gustan las met\u00e1foras n\u00e1uticas.&nbsp;Aprendi\u00f3 a navegar cuando era peque\u00f1a durante las vacaciones de verano con su familia en la costa de Breta\u00f1a en el noroeste de Francia y dice que convertirse en patr\u00f3n le ense\u00f1\u00f3 sobre el liderazgo.<\/p>\n\n\n\n<p>La mujer francesa de 52 a\u00f1os dice que ahora est\u00e1 aprovechando esas habilidades, despu\u00e9s de que el Papa Francisco la nombr\u00f3 como la primera mujer en servir como subsecretaria del S\u00ednodo de los Obispos a principios de este a\u00f1o.&nbsp;El cuerpo asesor se re\u00fane peri\u00f3dicamente en Roma para ayudar al Papa a navegar por temas de amplio inter\u00e9s para la iglesia.<\/p>\n\n\n\n<p>\u201cMe sent\u00ed como si estuviera al comienzo de una nueva aventura, llamada a ir a las profundidades del mar\u201d, recuerda la hermana Becquart.&nbsp;\u201cIncluso si estoy muy impresionado y asustado, de una manera como cuando tomas un barco y te embarcas, tienes que poner tu confianza en Dios, en el barco, en la tripulaci\u00f3n.<\/p>\n\n\n\n<p>El nombramiento de la hermana Becquart la convirti\u00f3 en la primera mujer elegible para votar junto con los obispos en una asamblea sinodal, un cambio que caus\u00f3 malestar en algunos en el Vaticano.<\/p>\n\n\n\n<hr class=\"wp-block-separator\"\/>\n\n\n\n<p>Ahora es la m\u00e1s visible de&nbsp;<a href=\"https:\/\/www.wsj.com\/articles\/pope-francis-names-six-women-to-senior-vatican-jobs-11596708567?mod=article_inline\" target=\"_blank\" rel=\"noreferrer noopener\">varias mujeres nombradas por el Papa Francisco<\/a>&nbsp;para puestos de liderazgo en el Vaticano que anteriormente solo ocupaban hombres, lo que recalibra gradualmente el liderazgo de la instituci\u00f3n.&nbsp;El Papa prometi\u00f3 a principios de su reinado \u00abcrear oportunidades a\u00fan m\u00e1s amplias para&nbsp;<a href=\"https:\/\/www.wsj.com\/articles\/SB10001424052702303369904579420532931785604?mod=article_inline\" target=\"_blank\" rel=\"noreferrer noopener\">una presencia femenina m\u00e1s incisiva en la iglesia<\/a>&nbsp;\u00ab, incluido \u00abel posible papel de las mujeres en la toma de decisiones en diferentes \u00e1reas de la vida de la iglesia\u00bb.<\/p>\n\n\n\n<figure class=\"wp-block-image\"><img decoding=\"async\" src=\"https:\/\/images.wsj.net\/im-455609?width=700&amp;height=467\" alt=\"\" title=\"\"\/><figcaption>La hermana Becquart con el Papa Francisco el 9 de octubre.FOTO:&nbsp;MEDIOS DEL VATICANO \/ V\u00cdA REUTERS<\/figcaption><\/figure>\n\n\n\n<p>La pol\u00edtica es&nbsp;<a href=\"https:\/\/www.wsj.com\/articles\/pope-francis-says-women-can-read-at-mass-as-debate-on-women-clergy-continues-11610388208?mod=article_inline\" target=\"_blank\" rel=\"noreferrer noopener\">parte de la agenda modernizadora del Papa<\/a>&nbsp;en el esp\u00edritu del Concilio Vaticano II (1962-65), que pidi\u00f3&nbsp;<a href=\"https:\/\/www.wsj.com\/articles\/an-innovator-at-the-vatican-1485886295?mod=article_inline\" target=\"_blank\" rel=\"noreferrer noopener\">un papel m\u00e1s activo<\/a>&nbsp;para los laicos y sus talentos en la iglesia.<\/p>\n\n\n\n<p>Si bien el pont\u00edfice ha descartado la ordenaci\u00f3n de mujeres como obispos o sacerdotes, tambi\u00e9n ha denunciado con frecuencia el clericalismo o la deferencia excesiva a la jerarqu\u00eda exclusivamente masculina.&nbsp;Tambi\u00e9n ha escrito sobre \u00abla contribuci\u00f3n indispensable que las mujeres hacen a la sociedad a trav\u00e9s de la sensibilidad, la intuici\u00f3n y otras habilidades distintivas que ellas, m\u00e1s que los hombres, tienden a poseer\u00bb.<\/p>\n\n\n\n<p>Las citas comienzan a acumularse.<\/p>\n\n\n\n<p>Casi la mitad de los puestos en el Consejo de Econom\u00eda, que el Papa Francisco estableci\u00f3 para supervisar las finanzas del Vaticano, est\u00e1n designados para miembros laicos, de los cuales todos menos uno son actualmente mujeres, incluida la ex ministra del gabinete del Reino Unido, Ruth Kelly.<\/p>\n\n\n\n<p>En agosto, el Papa nombr\u00f3 a la hermana Alessandra Smerilli, una monja italiana, como la segunda funcionaria m\u00e1s alta de la oficina del Vaticano para asuntos de justicia social y paz.<\/p>\n\n\n\n<h4 class=\"wp-block-heading\">COMPARTE TUS PENSAMIENTOS<\/h4>\n\n\n\n<p><em>\u00bfEspera que m\u00e1s mujeres encuentren roles m\u00e1s importantes dentro de la Iglesia Cat\u00f3lica?&nbsp;<\/em><em>\u00danase a la conversaci\u00f3n a continuaci\u00f3n.<\/em><\/p>\n\n\n\n<p>En su \u00faltimo movimiento, el mes pasado, el Papa Francisco nombr\u00f3 a la hermana Raffaella Petrini, otra monja italiana, como la segunda funcionaria m\u00e1s alta en la administraci\u00f3n de la Ciudad del Vaticano, el territorio soberano del papado dentro de Roma.<\/p>\n\n\n\n<p>Los roles de liderazgo en el Vaticano se han reservado tradicionalmente para cardenales y obispos, pero estos nombramientos sugieren que incluso los puestos m\u00e1s altos podr\u00edan estar abiertos a candidatos que no han sido ordenados, incluidas las mujeres.<\/p>\n\n\n\n<p>La hermana Becquart dice que ya existe tensi\u00f3n entre el modelo tradicional de una iglesia de arriba hacia abajo dirigida por la jerarqu\u00eda y lo que ella llama un modelo m\u00e1s horizontal defendido por el Papa Francisco.&nbsp;En un ejemplo de esto \u00faltimo, en una reuni\u00f3n en octubre para inaugurar el s\u00ednodo global, apoy\u00f3 una propuesta para interrumpir el plan de asientos habitual, mezclando cardenales y obispos con los laicos.&nbsp;Pero los funcionarios del s\u00ednodo decidieron que tal ruptura con la tradici\u00f3n ser\u00eda demasiado abrupta y los cardenales mantuvieron sus lugares reservados al frente, con asientos abiertos para todos los dem\u00e1s.<\/p>\n\n\n\n<p>\u201cQuiz\u00e1s dentro de unos a\u00f1os\u2026 ser\u00eda posible mezclar a todos\u201d, dice.<\/p>\n\n\n\n<figure class=\"wp-block-image\"><img decoding=\"async\" src=\"https:\/\/images.wsj.net\/im-455614?width=700&amp;height=467\" alt=\"\" title=\"\"\/><figcaption>El nombramiento de la hermana Becquart la hizo elegible para votar junto con los obispos en una asamblea sinodal.FOTO:&nbsp;ALBERTO PIZZOLI \/ AGENCE FRANCE-PRESSE \/ GETTY IMAGES<\/figcaption><\/figure>\n\n\n\n<p>La hermana Becquart tiene antecedentes no tradicionales para ser monja.&nbsp;Graduada de la prestigiosa escuela de negocios HEC Paris de Francia, trabaj\u00f3 durante dos a\u00f1os como consultora en comunicaciones de marketing.<\/p>\n\n\n\n<p>Un a\u00f1o de trabajo voluntario en Beirut, L\u00edbano, donde ense\u00f1\u00f3 en una escuela y trabaj\u00f3 con refugiados y hu\u00e9rfanos mientras viv\u00eda con una comunidad de monjas, la convenci\u00f3 de que ten\u00eda una vocaci\u00f3n religiosa.&nbsp;Se uni\u00f3 a las Xavi\u00e8res, una orden francesa de monjas, y finalmente obtuvo t\u00edtulos adicionales en filosof\u00eda y teolog\u00eda.<\/p>\n\n\n\n<h4 class=\"wp-block-heading\">M\u00c1S SOBRE EL PAPA FRANCISCO<\/h4>\n\n\n\n<ul class=\"wp-block-list\"><li><a href=\"https:\/\/www.wsj.com\/articles\/pope-francis-says-women-can-read-at-mass-as-debate-on-women-clergy-continues-11610388208?mod=article_relatedinline\" target=\"_blank\" rel=\"noreferrer noopener\">El Papa Francisco dice que las mujeres pueden leer en la misa mientras contin\u00faa el debate sobre el clero femenino<\/a>&nbsp;(11 de enero de 2021)<\/li><li><a href=\"https:\/\/www.wsj.com\/articles\/pope-francis-names-six-women-to-senior-vatican-jobs-11596708567?mod=article_relatedinline\" target=\"_blank\" rel=\"noreferrer noopener\">El Papa Francisco nombra a seis mujeres para altos cargos en el Vaticano<\/a>&nbsp;(6 de agosto de 2020)<\/li><li><a href=\"https:\/\/www.wsj.com\/articles\/is-pope-francis-leading-the-church-to-a-schism-11626447418?mod=article_relatedinline\" target=\"_blank\" rel=\"noreferrer noopener\">\u00bfEst\u00e1 el Papa Francisco llevando a la Iglesia a un cisma?&nbsp;<\/a>(16 de julio de 2021)<\/li><li><a href=\"https:\/\/www.wsj.com\/articles\/pope-struggles-to-contain-conservative-liberal-tensions-in-catholic-church-11616245220?mod=article_relatedinline\" target=\"_blank\" rel=\"noreferrer noopener\">El Papa lucha por contener las tensiones conservador-liberales en la Iglesia cat\u00f3lica<\/a>&nbsp;(20 de marzo de 2021)<\/li><li><a href=\"https:\/\/www.wsj.com\/articles\/an-innovator-at-the-vatican-1485886295?mod=article_relatedinline\" target=\"_blank\" rel=\"noreferrer noopener\">Un innovador en el Vaticano<\/a>&nbsp;(31 de enero de 2017)<\/li><\/ul>\n\n\n\n<p>Su educaci\u00f3n empresarial fue \u00fatil en su trabajo para la conferencia episcopal francesa.&nbsp;Como la primera mujer en encabezar su oficina para la evangelizaci\u00f3n de la juventud, llev\u00f3 a cabo la recaudaci\u00f3n de fondos y organiz\u00f3 a decenas de miles de participantes franceses en las reuniones peri\u00f3dicas de la Jornada Mundial de la Juventud de la iglesia.<\/p>\n\n\n\n<p>La hermana Becquart encaja perfectamente en el Vaticano del Papa Francisco.\u00a0Los Xavi\u00e8res est\u00e1n asociados con la orden de los jesuitas del Papa y comparten un m\u00e9todo de toma de decisiones a trav\u00e9s de la reflexi\u00f3n espiritual llamado discernimiento.\u00a0En un pontificado donde el cuidado del medio ambiente es un tema distintivo, ella es vegetariana por convicci\u00f3n ecol\u00f3gica.\u00a0Lo m\u00e1s importante para su trabajo actual es que est\u00e1 comprometida con\u00a0<a href=\"https:\/\/www.wsj.com\/articles\/is-pope-francis-leading-the-church-to-a-schism-11626447418?mod=article_inline\" target=\"_blank\" rel=\"noreferrer noopener\">el concepto de \u201csinodalidad\u201d del Papa:<\/a>\u00a0una participaci\u00f3n de base amplia en la toma de decisiones de toda la iglesia, no solo de la jerarqu\u00eda.<\/p>\n\n\n\n<p><a href=\"https:\/\/www.wsj.com\/video\/watch-biden-greet-pope-francis-ahead-of-cop26-summit-in-glasgow\/128F4BFB-C152-41AB-A4E6-D8E1F7933797.html\">https:\/\/www.wsj.com\/video\/watch-biden-greet-pope-francis-ahead-of-cop26-summit-in-glasgow\/128F4BFB-C152-41AB-A4E6-D8E1F7933797.html<\/a><\/p>\n\n\n\n<figure class=\"wp-block-image\"><img decoding=\"async\" src=\"https:\/\/m.wsj.net\/video\/20211029\/102921bidenmeetspope5\/thumbstrip.jpg\" alt=\"\"\/><figcaption>El presidente Biden, el segundo presidente cat\u00f3lico en la historia de Estados Unidos, salud\u00f3 al Papa Francisco en el Vaticano.&nbsp;La agenda de la reuni\u00f3n incluye temas como el cambio clim\u00e1tico, antes de la cumbre COP26 de la ONU en Glasgow.&nbsp;Foto: VaticanMedia \/ Picciarella \/ Zuma Press<\/figcaption><\/figure>\n\n\n\n<p>Esa idea est\u00e1 detr\u00e1s del s\u00ednodo global que el Papa Francisco lanz\u00f3 en octubre, una consulta con los fieles de una escala sin precedentes que se desarrollar\u00e1 durante dos a\u00f1os a nivel diocesano, nacional y continental antes de culminar en un encuentro en Roma en 2023. Las m\u00faltiples responsabilidades de la hermana incluir el desarrollo de pautas para este proceso de gran alcance, que podr\u00eda tocar todos los aspectos de la vida de la iglesia.<\/p>\n\n\n\n<p>Si bien elogia el papel m\u00e1s importante de las mujeres en el pontificado actual y dice que espera m\u00e1s, la hermana Becquart dice que lo m\u00e1s importante sobre la creciente presencia de mujeres es que&nbsp;<a href=\"https:\/\/www.wsj.com\/articles\/after-two-decades-abuse-crisis-has-humbled-the-catholic-church-11639400404?mod=article_inline\" target=\"_blank\" rel=\"noreferrer noopener\">no son cl\u00e9rigos<\/a>&nbsp;.&nbsp;Ella se\u00f1ala el nombramiento por parte del Papa en 2018 de un laico, el periodista italiano Paolo Ruffini, como jefe de la oficina de comunicaciones del Vaticano como otro ejemplo de una tendencia m\u00e1s amplia.<\/p>\n\n\n\n<p>\u00abLo que el Papa Francisco est\u00e1 haciendo aqu\u00ed en el Vaticano &#8230; es tratar de desconectar el papel de liderazgo de la ordenaci\u00f3n\u00bb, dijo.<\/p>\n\n\n\n<p>Sin embargo, se trata de un cambio significativo en la forma en que la iglesia se ha gobernado tradicionalmente, y tomar\u00e1 tiempo dirigirla por este nuevo curso.<\/p>\n\n\n\n<p>\u201cEl Vaticano es como un gran barco de carga, no es solo un peque\u00f1o velero\u201d, dijo la hermana Becquart.&nbsp;\u00abNo se mueve r\u00e1pido, hay que tener paciencia\u00bb.<\/p>\n\n\n\n<p><strong>Escriba a<\/strong>\u00a0Francis X. Rocca a\u00a0<a href=\"mailto:francis.rocca@wsj.com\" target=\"_blank\" rel=\"noreferrer noopener\">francis.rocca@wsj.com<\/a><\/p>\n\n\n\n<p>Fuente: https:\/\/www.wsj.com\/articles\/a-seafaring-nun-navigates-the-male-world-of-the-vatican-11640169003?mod=hp_lead_pos13<\/p>\n","protected":false},"excerpt":{"rendered":"<p>La hermana Nathalie Becquart es la m\u00e1s destacada de varias mujeres nombradas para puestos de alto nivel en el Vaticano [&hellip;]<\/p>\n","protected":false},"author":1,"featured_media":18026,"comment_status":"open","ping_status":"open","sticky":false,"template":"","format":"standard","meta":{"site-sidebar-layout":"default","site-content-layout":"","ast-site-content-layout":"default","site-content-style":"default","site-sidebar-style":"default","ast-global-header-display":"","ast-banner-title-visibility":"","ast-main-header-display":"","ast-hfb-above-header-display":"","ast-hfb-below-header-display":"","ast-hfb-mobile-header-display":"","site-post-title":"","ast-breadcrumbs-content":"","ast-featured-img":"","footer-sml-layout":"","theme-transparent-header-meta":"","adv-header-id-meta":"","stick-header-meta":"","header-above-stick-meta":"","header-main-stick-meta":"","header-below-stick-meta":"","astra-migrate-meta-layouts":"default","ast-page-background-enabled":"default","ast-page-background-meta":{"desktop":{"background-color":"var(--ast-global-color-4)","background-image":"","background-repeat":"repeat","background-position":"center center","background-size":"auto","background-attachment":"scroll","background-type":"","background-media":"","overlay-type":"","overlay-color":"","overlay-opacity":"","overlay-gradient":""},"tablet":{"background-color":"","background-image":"","background-repeat":"repeat","background-position":"center center","background-size":"auto","background-attachment":"scroll","background-type":"","background-media":"","overlay-type":"","overlay-color":"","overlay-opacity":"","overlay-gradient":""},"mobile":{"background-color":"","background-image":"","background-repeat":"repeat","background-position":"center center","background-size":"auto","background-attachment":"scroll","background-type":"","background-media":"","overlay-type":"","overlay-color":"","overlay-opacity":"","overlay-gradient":""}},"ast-content-background-meta":{"desktop":{"background-color":"var(--ast-global-color-5)","background-image":"","background-repeat":"repeat","background-position":"center center","background-size":"auto","background-attachment":"scroll","background-type":"","background-media":"","overlay-type":"","overlay-color":"","overlay-opacity":"","overlay-gradient":""},"tablet":{"background-color":"var(--ast-global-color-5)","background-image":"","background-repeat":"repeat","background-position":"center center","background-size":"auto","background-attachment":"scroll","background-type":"","background-media":"","overlay-type":"","overlay-color":"","overlay-opacity":"","overlay-gradient":""},"mobile":{"background-color":"var(--ast-global-color-5)","background-image":"","background-repeat":"repeat","background-position":"center center","background-size":"auto","background-attachment":"scroll","background-type":"","background-media":"","overlay-type":"","overlay-color":"","overlay-opacity":"","overlay-gradient":""}},"footnotes":""},"categories":[8],"tags":[6329,6330,2370],"class_list":["post-18025","post","type-post","status-publish","format-standard","has-post-thumbnail","hentry","category-noticias","tag-hermana-nathalie-becquart","tag-sinodo-de-los-obispos","tag-vaticano"],"_links":{"self":[{"href":"https:\/\/losperiodistas.com.mx\/portal\/wp-json\/wp\/v2\/posts\/18025","targetHints":{"allow":["GET"]}}],"collection":[{"href":"https:\/\/losperiodistas.com.mx\/portal\/wp-json\/wp\/v2\/posts"}],"about":[{"href":"https:\/\/losperiodistas.com.mx\/portal\/wp-json\/wp\/v2\/types\/post"}],"author":[{"embeddable":true,"href":"https:\/\/losperiodistas.com.mx\/portal\/wp-json\/wp\/v2\/users\/1"}],"replies":[{"embeddable":true,"href":"https:\/\/losperiodistas.com.mx\/portal\/wp-json\/wp\/v2\/comments?post=18025"}],"version-history":[{"count":1,"href":"https:\/\/losperiodistas.com.mx\/portal\/wp-json\/wp\/v2\/posts\/18025\/revisions"}],"predecessor-version":[{"id":18027,"href":"https:\/\/losperiodistas.com.mx\/portal\/wp-json\/wp\/v2\/posts\/18025\/revisions\/18027"}],"wp:featuredmedia":[{"embeddable":true,"href":"https:\/\/losperiodistas.com.mx\/portal\/wp-json\/wp\/v2\/media\/18026"}],"wp:attachment":[{"href":"https:\/\/losperiodistas.com.mx\/portal\/wp-json\/wp\/v2\/media?parent=18025"}],"wp:term":[{"taxonomy":"category","embeddable":true,"href":"https:\/\/losperiodistas.com.mx\/portal\/wp-json\/wp\/v2\/categories?post=18025"},{"taxonomy":"post_tag","embeddable":true,"href":"https:\/\/losperiodistas.com.mx\/portal\/wp-json\/wp\/v2\/tags?post=18025"}],"curies":[{"name":"wp","href":"https:\/\/api.w.org\/{rel}","templated":true}]}}