{"id":18022,"date":"2021-12-22T08:16:31","date_gmt":"2021-12-22T14:16:31","guid":{"rendered":"http:\/\/losperiodistas.com.mx\/portal\/?p=18022"},"modified":"2021-12-22T08:16:33","modified_gmt":"2021-12-22T14:16:33","slug":"rebelion-antivacunas-en-el-tirol-fiestas-covid-homeopatia-y-escuelas-paralelas-el-mundo","status":"publish","type":"post","link":"https:\/\/losperiodistas.com.mx\/portal\/rebelion-antivacunas-en-el-tirol-fiestas-covid-homeopatia-y-escuelas-paralelas-el-mundo\/","title":{"rendered":"Rebeli\u00f3n antivacunas en el Tirol: fiestas Covid, homeopat\u00eda y escuelas paralelas | El Mundo"},"content":{"rendered":"\n<p style=\"font-size:18px\"><em>Los activistas contra la inmunizaci\u00f3n se saltan las restricciones impuestas por el Gobierno italiano<\/em><\/p>\n\n\n\n<p><\/p>\n\n\n\n<figure class=\"wp-block-image size-large\"><img fetchpriority=\"high\" decoding=\"async\" width=\"990\" height=\"660\" src=\"https:\/\/losperiodistas.com.mx\/portal\/wp-content\/uploads\/2021\/12\/16401003167774.jpg\" alt=\"\" class=\"wp-image-18023\" srcset=\"https:\/\/losperiodistas.com.mx\/portal\/wp-content\/uploads\/2021\/12\/16401003167774.jpg 990w, https:\/\/losperiodistas.com.mx\/portal\/wp-content\/uploads\/2021\/12\/16401003167774-300x200.jpg 300w, https:\/\/losperiodistas.com.mx\/portal\/wp-content\/uploads\/2021\/12\/16401003167774-768x512.jpg 768w\" sizes=\"(max-width: 990px) 100vw, 990px\" \/><figcaption>Antivacunas protestan en Pisa (Italia). <strong>E. M. Del Punta<\/strong> GETTY<\/figcaption><\/figure>\n\n\n\n<p><\/p>\n\n\n\n<p class=\"has-vivid-cyan-blue-color has-text-color has-medium-font-size\">JAVIER ESPINOSA \/ Merano, Tirol, Italia \/ EL MUNDO<\/p>\n\n\n\n<p>Quiz\u00e1s el \u00fanico principio que comparten Patrick Franzoni y Ulrich Witweniger es el simbolismo que mantiene para la poblaci\u00f3n de la regi\u00f3n italiana de&nbsp;<strong>Alto Adige<\/strong>&nbsp;-\u00abTirol del Sur en alem\u00e1n- un personaje como Andreas Hofer.<\/p>\n\n\n\n<p>La estatua de bronce que le rinde memoria se alza frente a la estaci\u00f3n de tren de Merano secundada por dos banderas: la de este territorio aut\u00f3nomo y la de las legendarias milicias locales -los \u00absch\u00fctzen\u00bb- que lucharon contra Napole\u00f3n y sus aliados de lo que entonces era el reino de Baviera.<\/p>\n\n\n\n<p>El propio Franzoni, un doctor de 51 a\u00f1os nacido en Suiza que lidera los esfuerzos contra la pandemia en la regi\u00f3n fronteriza italiana, achaca parte de la resistencia de la poblaci\u00f3n de habla alemana a inocularse contra el&nbsp;<a href=\"https:\/\/www.elmundo.es\/internacional\/2021\/11\/16\/61938a3dfdddffc73f8b45b0.html\">Covid<\/a>&nbsp;al legado hist\u00f3rico de Hofer, que con cierto sentido ir\u00f3nico podr\u00eda considerarse como un precursor del&nbsp;<strong>movimiento anti vacuna<\/strong>&nbsp;de nuestra era.<\/p>\n\n\n\n<p>No en vano los \u00absch\u00fctzen\u00bb que lideraba se alzaron contra las fuerzas de Bavaria cuando esa monarqu\u00eda intent\u00f3 imponer la inmunizaci\u00f3n obligatoria contra la viruela a principios del siglo XIX. La tradici\u00f3n local y Franzoni recuerdan que uno de los lemas m\u00e1s usados por los rebeldes fue aquella frase de un religioso local que aduc\u00eda que la vacuna pretend\u00eda \u00abinocular el alma del enemigo\u00bb en el cuerpo de los tiroleses.<\/p>\n\n\n\n<p>\u00abEsa mentalidad permanece\u00bb, asegura Franzoni. Tanto el psic\u00f3logo Ulrich Witweniger como su esposa, Astrid Schonw\u00ebger, coinciden en esa apreciaci\u00f3n. \u00abSomos gente de monta\u00f1a. Nuestra cultura es tirolesa y solemos protegernos a nosotros mismos. Estamos m\u00e1s conectados a la homeopat\u00eda alemana -un sistema de medicina natural que data del siglo XVIII- que a las medicinas tradicionales, que prefieren los italianos\u00bb, explica Witweniger.<\/p>\n\n\n\n<p>La pandemia podr\u00eda entenderse en la mayor\u00eda del orbe como una cuesti\u00f3n meramente sanitaria pero aqu\u00ed, en la provincia aut\u00f3noma de Bolzano -\u00abTirol del Sur\u00bb para su comunidad de habla alemana-, el virus ha resucitado la&nbsp;<strong>memoria hist\u00f3rica<\/strong>&nbsp;de un territorio que hasta 1919 pertenec\u00eda a Austria y donde la mayor\u00eda de la poblaci\u00f3n todav\u00eda se expresa en el idioma de Goethe.<\/p>\n\n\n\n<p>Durante la d\u00e9cada de los 20 y los 30 del siglo pasado la dictadura fascista de Benito Mussolini intent\u00f3 minimizar los lazos de la poblaci\u00f3n local con los territorios contiguos prohibiendo el alem\u00e1n -incluidos los nombres- y promoviendo la llegada al \u00e1rea de italianos procedentes del sur.<\/p>\n\n\n\n<p>La&nbsp;<strong>alianza de Hitler y el Duce<\/strong>&nbsp;provoc\u00f3 una dolorosa escisi\u00f3n en la zona, cuando la pareja de aut\u00f3cratas decidi\u00f3 que los habitantes de cultura germana deb\u00edan optar por emigrar al Reich o aceptar la \u00abitalianizaci\u00f3n\u00bb impuesta por Mussolini.<\/p>\n\n\n\n<p>\u00abAquello fue terrible. Dividi\u00f3 a familias por la mitad. Quedamos partidos entre los `Dableiber&#8217; (los que se quedaron, tachados de traidores) y los Optanten (los que se fueron, acusados de ser pro nazis). Ahora est\u00e1 ocurriendo de nuevo. Mi madre me lo dice. Est\u00e1 surgiendo una divisi\u00f3n entre (gente) pro y anti vacuna\u00bb, admite Schonw\u00ebger.<\/p>\n\n\n\n<p>En esta evocadora regi\u00f3n instalada entre las imponentes cimas nevadas de los Alpes, la acci\u00f3n mortal del Covid no ha alcanzado los efectos devastadores que tuvo en otras zonas como&nbsp;<a href=\"https:\/\/www.elmundo.es\/internacional\/2020\/03\/20\/5e74c612fc6c83d2118b45e6.html\">Lombard\u00eda<\/a>.<\/p>\n\n\n\n<p>Sin embargo, los guarismos oficiales confirman la desconfianza que existe entre un significativo sector de la comunidad local respecto a la inoculaci\u00f3n, lo que ha provocado que tenga la tasa m\u00e1s baja de vacunaci\u00f3n a nivel nacional y por contra ostente ahora la&nbsp;<strong>incidencia m\u00e1s alta de contagios<\/strong>&nbsp;y de ocupaci\u00f3n de las Unidades de Cuidados Intensivos (UCI).<\/p>\n\n\n\n<figure class=\"wp-block-image\"><img decoding=\"async\" src=\"https:\/\/e00-elmundo.uecdn.es\/assets\/multimedia\/imagenes\/2021\/12\/21\/16401003121726.jpg\" alt=\"Una soldado tirolesa pone orden en un centro de vacunaci\u00f3n de Bolzano.\"\/><figcaption>Una soldado tirolesa pone orden en un centro de vacunaci\u00f3n de Bolzano.<strong>F. Volpi<\/strong>Getty<\/figcaption><\/figure>\n\n\n\n<p>Ulrich&nbsp;<strong>Gutweniger&nbsp;<\/strong>y su pareja se han erigido como dos de los portavoces m\u00e1s activos del movimiento local opuesto a la vacunaci\u00f3n anti Covid y el uso de la normativa del \u00abPase Verde\u00bb -que certifica que se han recibido las dos inyecciones-, que en Italia se ha convertido en un requisito indispensable que se exige para acceder a todos los recintos cerrados.<\/p>\n\n\n\n<p>\u00abNo estamos en contra de las vacunas, s\u00f3lo de estas que no han seguido el proceso de pruebas necesario. No nos pueden obligar a someternos a este experimento\u00bb, proclama Witweniger.<\/p>\n\n\n\n<p>Franzoni rebate su dial\u00e9ctica con datos. \u00abTenemos las mismas tasa de contagio del a\u00f1o pasado pero gracias a las vacunas s\u00f3lo un tercio de los infectados terminan hospitalizados. Es un claro ejemplo de que la vacuna funciona. Todos los pacientes en la UCI son gente sin vacunar\u00bb, dice.<\/p>\n\n\n\n<p>Como indica el facultativo, la actitud de los tiroleses italianos de habla alemana no es ni mucho menos una excepci\u00f3n sino que guarda gran relaci\u00f3n con el comportamiento de otras comunidades vecinas con las mismas ra\u00edces culturales, donde Austria podr\u00eda ser el mejor ejemplo. En ese pa\u00eds,&nbsp;<strong>un nuevo partido anti vacunas<\/strong>&nbsp;-el movimiento MFG- alcanza ya un 6% en los sondeos a nivel nacional, lo que le permitir\u00eda entrar en el parlamento, una cifra que a\u00f1adir a los seguidores del Partido de la Libertad de&nbsp;<a href=\"https:\/\/www.elmundo.es\/internacional\/austria.html\">Austria<\/a>&nbsp;-cuyo primer l\u00edder fue un ex oficial de las SS- que logr\u00f3 reunir a finales de noviembre a cerca de 40.000 personas contra la inmunizaci\u00f3n obligatoria, que se implementar\u00e1 a partir del 1 de febrero.<\/p>\n\n\n\n<p>De hecho, Alemania, Austria y las regiones de habla alemana de Suiza acogen al mayor porcentaje de&nbsp;<a href=\"https:\/\/www.elmundo.es\/ciencia-y-salud\/salud\/2021\/11\/20\/6198c1a6fdddff22198b45ec.html\">poblaci\u00f3n no vacunada de todo el oeste de Europa<\/a>.<\/p>\n\n\n\n<p>\u00abEn los pa\u00edses del sur de Europa siempre se ha considerado que las vacunas forman una red de seguridad. La cultura germana es diferente\u00bb, agrega Franzoni.<\/p>\n\n\n\n<p>La principal disparidad entre las dos comunidades estriba precisamente en el notable predicamento del que goza la homeopat\u00eda entre los habitantes de lengua alemana. Sentada en su domicilio, Astrid Schonw\u00ebger exhibe el \u00faltimo libro que ha escrito: \u00abLa fuerza de las hierbas\u00bb.<\/p>\n\n\n\n<p>\u00abSon 350 recetas sobre como usar las hierbas (locales) y un tercio de ellas est\u00e1n dedicadas a como tratarse (en base a estos remedios). Esta es una regi\u00f3n donde todos tenemos buena salud, que hacemos deporte, que disfrutamos de un aire sano. \u00bfPor qu\u00e9 quieren imponernos la vacuna si sabemos curarnos?\u00bb, argumenta la f\u00e9mina.<\/p>\n\n\n\n<p>Merano se encuentra rodeada de las impresionantes cumbres nevadas de los montes Dolomitas, que personifican ese esp\u00edritu natural y saludable asociado a la cultura tirolesa. En sus laderas se suceden&nbsp;<strong>estaciones de esqu\u00ed<\/strong>&nbsp;como la que dirige Paul Jakomet, que sonr\u00ede cuando discute sobre los activistas contrarios a la vacunaci\u00f3n.<\/p>\n\n\n\n<p>\u00abSomos campesinos y somos muy cabezotas\u00bb, asevera.<\/p>\n\n\n\n<p>Pese a los estragos econ\u00f3micos que ha generado en su negocio las restricciones impuestas por la pandemia, Jakomet asume las circunstancias con las que debe lidiar y ya ha preparado un sistema inform\u00e1tico que vincula la obtenci\u00f3n de los billetes para disfrutar de las pistas nevadas con la presentaci\u00f3n del Pase Verde.<\/p>\n\n\n\n<p>Los \u00abrebeldes\u00bb han sido descalificados por notables representantes del particular estilo de vida aut\u00f3ctono. Uno de ellos fue el reputado escalador y explorador&nbsp;<strong>Reinhold Messner<\/strong>, un deportista que pese a autodeifinirse como \u00abanarquista\u00bb se ha apresurado a defender la vacunaci\u00f3n criticando a esas \u00abpersonalidades que quisieran ser personajes heroicos del pasado como Andreas Hofer. Algunas personas no han entendido la historia y cu\u00e1l es la definici\u00f3n de libertad\u00bb.<\/p>\n\n\n\n<p>La crisis generada al socaire del virus amenaza con agravar las divergencias que han mantenido durante d\u00e9cadas los sectores tiroleses m\u00e1s recalcitrantes y aquellos que enterraron hace a\u00f1os el legado de las Guerras Mundiales.<\/p>\n\n\n\n<p>Muchos de los seguidores del movimiento anti vacunas se identifican con un&nbsp;<strong>ideario nacionalista tirol\u00e9s<\/strong>&nbsp;que se ha prodigado en la zona desde la d\u00e9cada de los 50 del siglo pasado. Por eso recurren a colocar \u00abvelas encendidas en las ventanas como acto de resistencia\u00bb contra las inyecciones -lo explica Schonw\u00ebger- buscando la simbolog\u00eda que adquirieron los \u00abfuegos del Sagrado Coraz\u00f3n\u00bb que se prendieron durante la \u00e9poca del recurrente Hofer, cuando los tiroleses ped\u00edan la asistencia divina en su lucha contra las tropas de Napole\u00f3n y sus aliados con estas fogatas.<\/p>\n\n\n\n<p>Ante la decisi\u00f3n de Roma de intensificar las restricciones a los no vacunados, estos grupos opositores han comenzado a establecer una \u00absociedad paralela\u00bb -expresi\u00f3n de Mark Antonio de Giuseppe- para no tener que obedecer las directrices del ejecutivo. De Giuseppe es uno de los abogados que se han incorporado al equipo de voluntarios que intenta asistir legalmente a profesores o empleados del sector sanitarios \u00abrebeldes\u00bb, que se niegan a vacunarse y someterse a la normativa general.<\/p>\n\n\n\n<p>Cuando \u00e9l y sus padres -de 73 y 62 a\u00f1os- se contagiaron del virus, recurri\u00f3 a un doctor sancionado por no querer vacunarse y a remedios como pastillas de Omega 3 o Vitamina D.<\/p>\n\n\n\n<p>\u00abLa poblaci\u00f3n no se f\u00eda ni de los pol\u00edticos, ni de los medios de comunicaci\u00f3n\u00bb, opina.<\/p>\n\n\n\n<p>Los&nbsp;<strong>actos de \u00abdesobediencia civil\u00bb<\/strong>&nbsp;apadrinados por esta nebulosa han disparado las deserciones escolares de alumnos cuyos padres se niegan a que los ni\u00f1os sean vacunados.<\/p>\n\n\n\n<p>Sigrun Falkesteiner, responsable de los colegios de lengua alemana a nivel provincial, reconoce que las directrices sobre el Covid est\u00e1n relacionadas con el notable incremento de alumnos que han abandonado las escuelas oficiales para acogerse al sistema de \u00abeducaci\u00f3n en casa\u00bb, que en Italia es algo legal.<\/p>\n\n\n\n<p>\u00abNo son colegios sino grupos de estudio. Son gente que intenta aislarse del sistema. Hay profesores suspendidos, retirados o familiares. Antes eran menos de 50 estudiantes. Ahora son 600, aunque respecto a un total de 55.000 (de lengua alemana). Siguen siendo una minor\u00eda\u00bb, expone en su despacho de Bolzano, la capital provincial.<\/p>\n\n\n\n<p>El n\u00famero de profesores y funcionarios del sistema educativo dispuestos a enfrentar una suspensi\u00f3n laboral por&nbsp;<strong>no aceptar las normativas oficiales<\/strong>&nbsp;tambi\u00e9n ha registrado un incremento significativo. Han pasado de ser una an\u00e9cdota a contarse por cientos (654).<\/p>\n\n\n\n<p>Pese a los avisos oficiales, las multas, las campa\u00f1as de concienciaci\u00f3n o las declaraciones de gente como Messer, los anti vacunas contin\u00faan aferrados a su \u00abfe\u00bb.<\/p>\n\n\n\n<h2 class=\"wp-block-heading\">INVITA A UN CONTAGIADO<\/h2>\n\n\n\n<p>La versi\u00f3n m\u00e1s extrema de este movimiento de \u00abdesobediencia civil\u00bb ha llevado a una minor\u00eda a organizar fiestas que contaban con la presencia de un contagiado buscando as\u00ed infectarse bajo la creencia de que los efectos del Covid ser\u00edan anecd\u00f3ticos. Los seguidores de esta pr\u00e1ctica radical se han inspirado en las miles de personas -m\u00e1s de 7.000 s\u00f3lo en la regi\u00f3n de Friuli Venecia Giulia en noviembre- que han conseguido el Pase Verde tras sufrir la enfermedad pero sin tener que recibir la inyecci\u00f3n.<\/p>\n\n\n\n<p>Franzoni fue quien denunci\u00f3 este comportamiento el mes pasado. \u00abHemos recibido m\u00e1s de un caso de pacientes que admiten haberse infectado a prop\u00f3sito. No se dan cuenta de que el virus es peligros para ni\u00f1os y j\u00f3venes\u00bb, manifest\u00f3 en una entrevista con un medio local.<\/p>\n\n\n\n<p>La prensa austriaca inform\u00f3 de inmediato sobre la muerte de un individuo de 55 a\u00f1os que hab\u00eda participado en uno de esos festejos, donde se contagi\u00f3 del virus.<\/p>\n\n\n\n<p>A las pocas horas de que Ulrich Witweniger y, Astrid Schonw\u00ebger se entrevistaran con este diario, la agrupaci\u00f3n que lideran, Wir\/Noi, difund\u00eda un preocupante mensaje a trav\u00e9s de las redes sociales en el que&nbsp;<strong>equiparaban los esfuerzos por vacunar a la poblaci\u00f3n a una \u00abguerra\u00bb<\/strong>, llamaban a la \u00abresistencia\u00bb y advert\u00edan que todos aquellos que est\u00e1n vinculados a estas iniciativas son ahora sus \u00abenemigos mortales\u00bb.<\/p>\n\n\n\n<p>El comunicado suscit\u00f3 un notable alboroto en la regi\u00f3n y un concejal de la zona, Felix von Wohlgemut advirti\u00f3 que los anti vacunas parecen estar \u00abfuera de control\u00bb.<\/p>\n\n\n\n<p>\u00abRealmente temo que, tarde o temprano, los seguidores de este grupo lleven a cabo actos de violencia concretos. En la vecina Alemania, estos grupos est\u00e1n siendo vigilados\u00bb, escribi\u00f3 el pol\u00edtico en su p\u00e1gina Facebook.<\/p>\n\n\n\n<p>Von Wohlgemut alud\u00eda a la detenci\u00f3n el 15 de noviembre en Alemania noviembre de media docena de activistas anti vacunas en el estado de Sajonia a los que acus\u00f3 de preparar el asesinato de pol\u00edticos locales por su defensa de las restricciones impuestas para combatir la pandemia.<\/p>\n\n\n\n<p>Ese mismo mes la justicia italiana inici\u00f3 una investigaci\u00f3n contra el&nbsp;<strong>grupo anti vacunas local \u00abBasta Dittatura\u00bb<\/strong>, establecido en torno a una red social, que no s\u00f3lo organizaba manifestaciones contra el Pase Verde sino que lleg\u00f3 a amenazar al primer ministro&nbsp;<a href=\"https:\/\/www.elmundo.es\/e\/ma\/mario-draghi.html\">Mario Draghi<\/a>, a otros pol\u00edticos, a doctores y periodistas. Algunos de los comentarios que se recog\u00edan en su foro virtual -que fue clausurado- eran tan expl\u00edcitos como aquel que ped\u00eda pasar a la clandestinidad y comenzar \u00aba lanzar bombas para acabar con esta dictadura\u00bb.<\/p>\n\n\n\n<p>La obstrucci\u00f3n a las medidas oficiales dictadas para luchar contra la pandemia se ha erigido en bandera de enganche para l\u00edderes populistas de todo pelaje, incluidos los dirigentes de los partidos de la ultraderecha m\u00e1s radical como Forza Nuova, los Hermanos de Italia que lidera Giorgia Meloni o la Liga de&nbsp;<a href=\"https:\/\/www.elmundo.es\/e\/ma\/matteo-salvini.html\">Matteo Salvini<\/a>.<\/p>\n\n\n\n<p>El pa\u00eds sufri\u00f3 una conmoci\u00f3n cuando en octubre una movilizaci\u00f3n donde participaron miles de neofascistas protagoniz\u00f3&nbsp;<a href=\"https:\/\/www.elmundo.es\/economia\/2021\/10\/15\/616934a5e4d4d8735a8b45c4.html\">violentos altercados en Roma<\/a>, incluido el ataque contra un hospital, donde resultaron heridos varios sanitarios. Las amenazas contra representante p\u00fablicos y encargados de la campa\u00f1a contra el Covid como el mismo Franzoni -\u00absi, me han dicho cosas muy malas\u00bb, apostilla sin otorgarle mayor importancia- son legi\u00f3n.<\/p>\n\n\n\n<p>Sin embargo, Ulrich Witweniger y su esposa, Astrid Schonw\u00ebger, siguen defendiendo que su \u00abresistencia es totalmente pac\u00edfica\u00bb y acusan a los medios de comunicaci\u00f3n de retratarles como \u00abcriminales\u00bb.<\/p>\n\n\n\n<p>\u00abSe nos ha descrito como diablos y s\u00f3lo queremos ser libres\u00bb, concluye el primero.<\/p>\n\n\n\n<p>Fuente: https:\/\/www.elmundo.es\/internacional\/2021\/12\/21\/61c1f16ee4d4d80c338b45ae.html<\/p>\n","protected":false},"excerpt":{"rendered":"<p>Los activistas contra la inmunizaci\u00f3n se saltan las restricciones impuestas por el Gobierno italiano JAVIER ESPINOSA \/ Merano, Tirol, Italia [&hellip;]<\/p>\n","protected":false},"author":1,"featured_media":18023,"comment_status":"open","ping_status":"open","sticky":false,"template":"","format":"standard","meta":{"site-sidebar-layout":"default","site-content-layout":"","ast-site-content-layout":"default","site-content-style":"default","site-sidebar-style":"default","ast-global-header-display":"","ast-banner-title-visibility":"","ast-main-header-display":"","ast-hfb-above-header-display":"","ast-hfb-below-header-display":"","ast-hfb-mobile-header-display":"","site-post-title":"","ast-breadcrumbs-content":"","ast-featured-img":"","footer-sml-layout":"","theme-transparent-header-meta":"","adv-header-id-meta":"","stick-header-meta":"","header-above-stick-meta":"","header-main-stick-meta":"","header-below-stick-meta":"","astra-migrate-meta-layouts":"default","ast-page-background-enabled":"default","ast-page-background-meta":{"desktop":{"background-color":"var(--ast-global-color-4)","background-image":"","background-repeat":"repeat","background-position":"center center","background-size":"auto","background-attachment":"scroll","background-type":"","background-media":"","overlay-type":"","overlay-color":"","overlay-opacity":"","overlay-gradient":""},"tablet":{"background-color":"","background-image":"","background-repeat":"repeat","background-position":"center center","background-size":"auto","background-attachment":"scroll","background-type":"","background-media":"","overlay-type":"","overlay-color":"","overlay-opacity":"","overlay-gradient":""},"mobile":{"background-color":"","background-image":"","background-repeat":"repeat","background-position":"center center","background-size":"auto","background-attachment":"scroll","background-type":"","background-media":"","overlay-type":"","overlay-color":"","overlay-opacity":"","overlay-gradient":""}},"ast-content-background-meta":{"desktop":{"background-color":"var(--ast-global-color-5)","background-image":"","background-repeat":"repeat","background-position":"center center","background-size":"auto","background-attachment":"scroll","background-type":"","background-media":"","overlay-type":"","overlay-color":"","overlay-opacity":"","overlay-gradient":""},"tablet":{"background-color":"var(--ast-global-color-5)","background-image":"","background-repeat":"repeat","background-position":"center center","background-size":"auto","background-attachment":"scroll","background-type":"","background-media":"","overlay-type":"","overlay-color":"","overlay-opacity":"","overlay-gradient":""},"mobile":{"background-color":"var(--ast-global-color-5)","background-image":"","background-repeat":"repeat","background-position":"center center","background-size":"auto","background-attachment":"scroll","background-type":"","background-media":"","overlay-type":"","overlay-color":"","overlay-opacity":"","overlay-gradient":""}},"footnotes":""},"categories":[8],"tags":[6327,6328,6326],"class_list":["post-18022","post","type-post","status-publish","format-standard","has-post-thumbnail","hentry","category-noticias","tag-alto-adige","tag-andreas-hofer","tag-antivacunas-italia"],"_links":{"self":[{"href":"https:\/\/losperiodistas.com.mx\/portal\/wp-json\/wp\/v2\/posts\/18022","targetHints":{"allow":["GET"]}}],"collection":[{"href":"https:\/\/losperiodistas.com.mx\/portal\/wp-json\/wp\/v2\/posts"}],"about":[{"href":"https:\/\/losperiodistas.com.mx\/portal\/wp-json\/wp\/v2\/types\/post"}],"author":[{"embeddable":true,"href":"https:\/\/losperiodistas.com.mx\/portal\/wp-json\/wp\/v2\/users\/1"}],"replies":[{"embeddable":true,"href":"https:\/\/losperiodistas.com.mx\/portal\/wp-json\/wp\/v2\/comments?post=18022"}],"version-history":[{"count":1,"href":"https:\/\/losperiodistas.com.mx\/portal\/wp-json\/wp\/v2\/posts\/18022\/revisions"}],"predecessor-version":[{"id":18024,"href":"https:\/\/losperiodistas.com.mx\/portal\/wp-json\/wp\/v2\/posts\/18022\/revisions\/18024"}],"wp:featuredmedia":[{"embeddable":true,"href":"https:\/\/losperiodistas.com.mx\/portal\/wp-json\/wp\/v2\/media\/18023"}],"wp:attachment":[{"href":"https:\/\/losperiodistas.com.mx\/portal\/wp-json\/wp\/v2\/media?parent=18022"}],"wp:term":[{"taxonomy":"category","embeddable":true,"href":"https:\/\/losperiodistas.com.mx\/portal\/wp-json\/wp\/v2\/categories?post=18022"},{"taxonomy":"post_tag","embeddable":true,"href":"https:\/\/losperiodistas.com.mx\/portal\/wp-json\/wp\/v2\/tags?post=18022"}],"curies":[{"name":"wp","href":"https:\/\/api.w.org\/{rel}","templated":true}]}}