{"id":18009,"date":"2021-12-22T07:24:48","date_gmt":"2021-12-22T13:24:48","guid":{"rendered":"http:\/\/losperiodistas.com.mx\/portal\/?p=18009"},"modified":"2021-12-22T07:24:50","modified_gmt":"2021-12-22T13:24:50","slug":"the-economist-elige-al-ganador-del-pais-del-ano-2021-rt","status":"publish","type":"post","link":"https:\/\/losperiodistas.com.mx\/portal\/the-economist-elige-al-ganador-del-pais-del-ano-2021-rt\/","title":{"rendered":"The Economist elige al ganador del Pa\u00eds del A\u00f1o 2021 | RT"},"content":{"rendered":"\n<p style=\"font-size:18px\"><em>Este reconocimiento se concede a los Estados que muestran un progreso positivo de gobernanza o demuestran \u00e9xito en la resoluci\u00f3n de los problemas durante un a\u00f1o.<\/em><\/p>\n\n\n\n<p><\/p>\n\n\n\n<figure class=\"wp-block-image size-large\"><img fetchpriority=\"high\" decoding=\"async\" width=\"1024\" height=\"577\" src=\"https:\/\/losperiodistas.com.mx\/portal\/wp-content\/uploads\/2021\/12\/61c30b59e9ff71711645661b-1024x577.jpeg\" alt=\"\" class=\"wp-image-18010\" srcset=\"https:\/\/losperiodistas.com.mx\/portal\/wp-content\/uploads\/2021\/12\/61c30b59e9ff71711645661b-1024x577.jpeg 1024w, https:\/\/losperiodistas.com.mx\/portal\/wp-content\/uploads\/2021\/12\/61c30b59e9ff71711645661b-300x169.jpeg 300w, https:\/\/losperiodistas.com.mx\/portal\/wp-content\/uploads\/2021\/12\/61c30b59e9ff71711645661b-768x433.jpeg 768w, https:\/\/losperiodistas.com.mx\/portal\/wp-content\/uploads\/2021\/12\/61c30b59e9ff71711645661b.jpeg 1104w\" sizes=\"(max-width: 1024px) 100vw, 1024px\" \/><figcaption>Imagen ilustrativaI gor Tichonow\u00a0\/ Legion-Media<\/figcaption><\/figure>\n\n\n\n<p><\/p>\n\n\n\n<p class=\"has-vivid-cyan-blue-color has-text-color has-medium-font-size\">RT<\/p>\n\n\n\n<p>La revista brit\u00e1nica&nbsp;<a href=\"https:\/\/www.economist.com\/leaders\/2021\/12\/18\/which-is-the-economists-country-of-the-year-for-2021\" target=\"_blank\" rel=\"noreferrer noopener\">The Economist<\/a>&nbsp;ha elegido a Italia como el Pa\u00eds del A\u00f1o 2021 por su gesti\u00f3n durante la pandemia de coronavirus y los cambios positivos en su pol\u00edtica interna.<\/p>\n\n\n\n<p>La menci\u00f3n no se concede a los Estados por su riqueza o \u00edndice de felicidad de la poblaci\u00f3n, sino a aquellos que muestran un progreso positivo de gobernanza o demuestran \u00e9xito frente a los problemas durante un a\u00f1o.<\/p>\n\n\n\n<p>En esta edici\u00f3n, adem\u00e1s de Italia, los candidatos fueron: Samoa, por el derrocamiento del partido que estuvo en el poder durante 33 a\u00f1os, y el primer ministro, que se consideraba a s\u00ed mismo un l\u00edder elegido por Dios; Moldavia, por la elecci\u00f3n del nuevo mandatario, cuyo programa contribuye a la lucha contra la corrupci\u00f3n; Zambia, por establecer la democracia a trav\u00e9s de las elecciones y la soluci\u00f3n de los problemas econ\u00f3micos; y Lituania, por la concesi\u00f3n de asilo a los disidentes de pa\u00edses vecinos, entre otros motivos.&nbsp; &nbsp;<\/p>\n\n\n\n<figure class=\"wp-block-image\"><img decoding=\"async\" src=\"https:\/\/cdni.rt.com\/actualidad\/public_images\/2021.10\/thumbnail\/616980f959bf5b6ee9048d3c.JPG\" alt=\"Estos son los pa\u00edses con niveles m\u00e1s altos de crimen organizado (y tres son de Latinoam\u00e9rica)\"\/><\/figure>\n\n\n\n<p><a href=\"https:\/\/actualidad.rt.com\/actualidad\/407232-paises-niveles-altos-crimen-organizado\">Estos son los pa\u00edses con niveles m\u00e1s altos de crimen organizado (y tres son de Latinoam\u00e9rica)<\/a><\/p>\n\n\n\n<p>Seg\u00fan la revista, Italia gan\u00f3 este t\u00edtulo por la gesti\u00f3n de Mario Draghi, el primer ministro del pa\u00eds. Asimismo, se\u00f1ala que la mayor\u00eda de los pol\u00edticos italianos \u00abenterr\u00f3 sus diferencias para respaldar un programa de reformas radicales\u00bb, gracias a las cuales la naci\u00f3n europea ha logrado muchos cambios positivos.<\/p>\n\n\n\n<p>\u00abTras un dif\u00edcil 2020, su econom\u00eda se est\u00e1 recuperando m\u00e1s r\u00e1pidamente que la de Francia y Alemania\u00bb, escribieron los editores. El medio tambi\u00e9n se\u00f1al\u00f3 que la tasa de vacunaci\u00f3n contra el covid-19 en Italia es una de m\u00e1s altas de Europa.<\/p>\n\n\n\n<p>\u00abEs dif\u00edcil ignorar que la Italia de hoy es un lugar mejor que la de diciembre de 2020. Por eso, es nuestro Pa\u00eds del A\u00f1o\u00bb, concluy\u00f3 The Economist.<\/p>\n\n\n\n<p>Fuente: https:\/\/actualidad.rt.com\/actualidad\/414449-italia-economist-paisdela%C3%B1o<\/p>\n","protected":false},"excerpt":{"rendered":"<p>Este reconocimiento se concede a los Estados que muestran un progreso positivo de gobernanza o demuestran \u00e9xito en la resoluci\u00f3n [&hellip;]<\/p>\n","protected":false},"author":1,"featured_media":18010,"comment_status":"open","ping_status":"open","sticky":false,"template":"","format":"standard","meta":{"site-sidebar-layout":"default","site-content-layout":"","ast-site-content-layout":"default","site-content-style":"default","site-sidebar-style":"default","ast-global-header-display":"","ast-banner-title-visibility":"","ast-main-header-display":"","ast-hfb-above-header-display":"","ast-hfb-below-header-display":"","ast-hfb-mobile-header-display":"","site-post-title":"","ast-breadcrumbs-content":"","ast-featured-img":"","footer-sml-layout":"","theme-transparent-header-meta":"","adv-header-id-meta":"","stick-header-meta":"","header-above-stick-meta":"","header-main-stick-meta":"","header-below-stick-meta":"","astra-migrate-meta-layouts":"default","ast-page-background-enabled":"default","ast-page-background-meta":{"desktop":{"background-color":"var(--ast-global-color-4)","background-image":"","background-repeat":"repeat","background-position":"center center","background-size":"auto","background-attachment":"scroll","background-type":"","background-media":"","overlay-type":"","overlay-color":"","overlay-opacity":"","overlay-gradient":""},"tablet":{"background-color":"","background-image":"","background-repeat":"repeat","background-position":"center center","background-size":"auto","background-attachment":"scroll","background-type":"","background-media":"","overlay-type":"","overlay-color":"","overlay-opacity":"","overlay-gradient":""},"mobile":{"background-color":"","background-image":"","background-repeat":"repeat","background-position":"center center","background-size":"auto","background-attachment":"scroll","background-type":"","background-media":"","overlay-type":"","overlay-color":"","overlay-opacity":"","overlay-gradient":""}},"ast-content-background-meta":{"desktop":{"background-color":"var(--ast-global-color-5)","background-image":"","background-repeat":"repeat","background-position":"center center","background-size":"auto","background-attachment":"scroll","background-type":"","background-media":"","overlay-type":"","overlay-color":"","overlay-opacity":"","overlay-gradient":""},"tablet":{"background-color":"var(--ast-global-color-5)","background-image":"","background-repeat":"repeat","background-position":"center center","background-size":"auto","background-attachment":"scroll","background-type":"","background-media":"","overlay-type":"","overlay-color":"","overlay-opacity":"","overlay-gradient":""},"mobile":{"background-color":"var(--ast-global-color-5)","background-image":"","background-repeat":"repeat","background-position":"center center","background-size":"auto","background-attachment":"scroll","background-type":"","background-media":"","overlay-type":"","overlay-color":"","overlay-opacity":"","overlay-gradient":""}},"footnotes":""},"categories":[8],"tags":[6320,6319,1723],"class_list":["post-18009","post","type-post","status-publish","format-standard","has-post-thumbnail","hentry","category-noticias","tag-italia","tag-pais-del-ano-2021","tag-the-economist"],"_links":{"self":[{"href":"https:\/\/losperiodistas.com.mx\/portal\/wp-json\/wp\/v2\/posts\/18009","targetHints":{"allow":["GET"]}}],"collection":[{"href":"https:\/\/losperiodistas.com.mx\/portal\/wp-json\/wp\/v2\/posts"}],"about":[{"href":"https:\/\/losperiodistas.com.mx\/portal\/wp-json\/wp\/v2\/types\/post"}],"author":[{"embeddable":true,"href":"https:\/\/losperiodistas.com.mx\/portal\/wp-json\/wp\/v2\/users\/1"}],"replies":[{"embeddable":true,"href":"https:\/\/losperiodistas.com.mx\/portal\/wp-json\/wp\/v2\/comments?post=18009"}],"version-history":[{"count":1,"href":"https:\/\/losperiodistas.com.mx\/portal\/wp-json\/wp\/v2\/posts\/18009\/revisions"}],"predecessor-version":[{"id":18011,"href":"https:\/\/losperiodistas.com.mx\/portal\/wp-json\/wp\/v2\/posts\/18009\/revisions\/18011"}],"wp:featuredmedia":[{"embeddable":true,"href":"https:\/\/losperiodistas.com.mx\/portal\/wp-json\/wp\/v2\/media\/18010"}],"wp:attachment":[{"href":"https:\/\/losperiodistas.com.mx\/portal\/wp-json\/wp\/v2\/media?parent=18009"}],"wp:term":[{"taxonomy":"category","embeddable":true,"href":"https:\/\/losperiodistas.com.mx\/portal\/wp-json\/wp\/v2\/categories?post=18009"},{"taxonomy":"post_tag","embeddable":true,"href":"https:\/\/losperiodistas.com.mx\/portal\/wp-json\/wp\/v2\/tags?post=18009"}],"curies":[{"name":"wp","href":"https:\/\/api.w.org\/{rel}","templated":true}]}}