{"id":18003,"date":"2021-12-22T06:59:27","date_gmt":"2021-12-22T12:59:27","guid":{"rendered":"http:\/\/losperiodistas.com.mx\/portal\/?p=18003"},"modified":"2021-12-22T06:59:28","modified_gmt":"2021-12-22T12:59:28","slug":"egresada-udlap-una-de-las-galardonadas-con-el-premio-nacional-de-diseno-2021-momento-diario","status":"publish","type":"post","link":"https:\/\/losperiodistas.com.mx\/portal\/egresada-udlap-una-de-las-galardonadas-con-el-premio-nacional-de-diseno-2021-momento-diario\/","title":{"rendered":"Egresada UDLAP Una De Las Galardonadas Con El Premio Nacional De Dise\u00f1o 2021 | Momento Diario"},"content":{"rendered":"\n<p><\/p>\n\n\n\n<figure class=\"wp-block-image size-large\"><img fetchpriority=\"high\" decoding=\"async\" width=\"520\" height=\"273\" src=\"https:\/\/losperiodistas.com.mx\/portal\/wp-content\/uploads\/2021\/12\/udlap2-10.jpeg\" alt=\"\" class=\"wp-image-18004\" srcset=\"https:\/\/losperiodistas.com.mx\/portal\/wp-content\/uploads\/2021\/12\/udlap2-10.jpeg 520w, https:\/\/losperiodistas.com.mx\/portal\/wp-content\/uploads\/2021\/12\/udlap2-10-300x158.jpeg 300w\" sizes=\"(max-width: 520px) 100vw, 520px\" \/><\/figure>\n\n\n\n<p><\/p>\n\n\n\n<p class=\"has-vivid-cyan-blue-color has-text-color has-medium-font-size\">MOMENTO DIARIO<\/p>\n\n\n\n<p>Paloma V\u00e1zquez Mej\u00eda, egresada de Dise\u00f1o de Informaci\u00f3n Visual de la Universidad de las Am\u00e9ricas Puebla result\u00f3 ganadora de la categor\u00eda de Identidad Gr\u00e1fica Profesional dentro del rubro de Dise\u00f1o de Comunicaciones Visuales del Premio Nacional de Dise\u00f1o 2021, uno de los reconocimientos m\u00e1s importantes a nivel nacional.<\/p>\n\n\n\n<p>La dise\u00f1adora Paloma V\u00e1zquez Mej\u00eda, se hizo acreedora a este reconocimiento con el proyecto Itacate \/ Saborea M\u00e9xico, un servicio de&nbsp;<em>suscription box&nbsp;<\/em>que tiene como misi\u00f3n brindar una experiencia sensorial \u00fanica e inesperada a sus suscriptores para poder saborear y conocer que es M\u00e9xico desde diferentes perspectivas. En entrevista, la egresada UDLAP comparti\u00f3 que este proyecto fue creado gracias a su colaboraci\u00f3n con Mar\u00eda Cicero. \u201cCada caja es un elemento \u00fanico y de colecci\u00f3n, quer\u00edamos que envolviera todos los sentidos, desde como se sent\u00eda la caja, que olores nos daban los productos y tambi\u00e9n quer\u00edamos ser inclusivos, entonces las postales y los elementos est\u00e1n hechos tambi\u00e9n para d\u00e9biles visuales\u201d, comparti\u00f3.<\/p>\n\n\n\n<p>Respecto a este reconocimiento, la egresada UDLAP celebr\u00f3 haber sido una de las ganadoras ya que esto representa a nivel profesional un logro, as\u00ed como una prueba del trabajo que hay detr\u00e1s de sus proyectos creativos. \u201cEs un logro que tomo mucho en cuenta y me pone nuevos retos\u201d, afirm\u00f3. Cabe la pena destacar que este premio es organizado por Dise\u00f1a M\u00e9xico y busca reconocer a las empresas, instituciones y dise\u00f1adores que hayan desarrollado innovaci\u00f3n a trav\u00e9s del uso estrat\u00e9gico del dise\u00f1o, mejorando as\u00ed la calidad de vida de la poblaci\u00f3n y elevando la competitividad de las empresas e instituciones, por tal raz\u00f3n proyectos como el presentado por Paloma V\u00e1zquez Mej\u00eda son reconocidos por su buen dise\u00f1o y la innovaci\u00f3n generada en el producto que ofrecen, as\u00ed como en el proceso que hay detr\u00e1s de \u00e9ste.&nbsp;<\/p>\n\n\n\n<p>Paloma V\u00e1zquez Mej\u00eda, egresada de la UDLAP como una estudiante destacada ya que obtuvo el promedio m\u00e1s alto de la Escuela de Artes y Humanidades, reconoci\u00f3 la importancia de participar en concursos como este, \u00a1ya que durante sus estudios de licenciatura fue parte de otros m\u00e1s como a! dise\u00f1o y Adobe Challenge. \u201cDesde que estaba en la universidad, el hecho de estar en premios y concursos ha sido una gran plataforma para dar a conocer mi trabajo y ver qu\u00e9 est\u00e1n haciendo otros dise\u00f1adores y ver qu\u00e9 elementos puedo recuperar o faltan en mis dise\u00f1os para poder mejorar\u201d, se\u00f1al\u00f3.<\/p>\n\n\n\n<p>Actualmente, la dise\u00f1adora Paloma V\u00e1zquez Mej\u00eda se encuentra laborando de la mano de MIPYMES y emprendedores con la finalidad de brindarles apoyo en la estrategia de sus negocios, \u201cno s\u00f3lo a partir del desarrollo de una parte creativa o gr\u00e1fica, sino tambi\u00e9n para ir creciendo y escalando su negocio<em>\u201d.<\/em>&nbsp;Finalmente, la egresada UDLAP destac\u00f3 la importancia de valorar el trabajo que realizan los profesionales del dise\u00f1o, comunicaci\u00f3n, mercadotecnia y licenciaturas afines, \u201csi t\u00fa regalas tu trabajo est\u00e1s forzando a otro a regalarlo, el darle el valor a tu tiempo y lo que sabes es muy importante. Desde que estudias debes valorarlo, se puede vivir de esto\u201d.<\/p>\n\n\n\n<p>Para conocer m\u00e1s sobre el proyecto Itacate \/ Saborea M\u00e9xico visite:\u00a0<a href=\"https:\/\/www.behance.net\/gallery\/123179485\/Branding-Itacate\">https:\/\/www.behance.net\/gallery\/123179485\/Branding-Itacate<\/a><\/p>\n\n\n\n<p>Fuente: https:\/\/www.diariomomento.com\/egresada-udlap-una-de-las-galardonadas-con-el-premio-nacional-de-diseno-2021\/<\/p>\n","protected":false},"excerpt":{"rendered":"<p>MOMENTO DIARIO Paloma V\u00e1zquez Mej\u00eda, egresada de Dise\u00f1o de Informaci\u00f3n Visual de la Universidad de las Am\u00e9ricas Puebla result\u00f3 ganadora [&hellip;]<\/p>\n","protected":false},"author":1,"featured_media":18004,"comment_status":"open","ping_status":"open","sticky":false,"template":"","format":"standard","meta":{"site-sidebar-layout":"default","site-content-layout":"","ast-site-content-layout":"default","site-content-style":"default","site-sidebar-style":"default","ast-global-header-display":"","ast-banner-title-visibility":"","ast-main-header-display":"","ast-hfb-above-header-display":"","ast-hfb-below-header-display":"","ast-hfb-mobile-header-display":"","site-post-title":"","ast-breadcrumbs-content":"","ast-featured-img":"","footer-sml-layout":"","theme-transparent-header-meta":"","adv-header-id-meta":"","stick-header-meta":"","header-above-stick-meta":"","header-main-stick-meta":"","header-below-stick-meta":"","astra-migrate-meta-layouts":"default","ast-page-background-enabled":"default","ast-page-background-meta":{"desktop":{"background-color":"var(--ast-global-color-4)","background-image":"","background-repeat":"repeat","background-position":"center center","background-size":"auto","background-attachment":"scroll","background-type":"","background-media":"","overlay-type":"","overlay-color":"","overlay-opacity":"","overlay-gradient":""},"tablet":{"background-color":"","background-image":"","background-repeat":"repeat","background-position":"center center","background-size":"auto","background-attachment":"scroll","background-type":"","background-media":"","overlay-type":"","overlay-color":"","overlay-opacity":"","overlay-gradient":""},"mobile":{"background-color":"","background-image":"","background-repeat":"repeat","background-position":"center center","background-size":"auto","background-attachment":"scroll","background-type":"","background-media":"","overlay-type":"","overlay-color":"","overlay-opacity":"","overlay-gradient":""}},"ast-content-background-meta":{"desktop":{"background-color":"var(--ast-global-color-5)","background-image":"","background-repeat":"repeat","background-position":"center center","background-size":"auto","background-attachment":"scroll","background-type":"","background-media":"","overlay-type":"","overlay-color":"","overlay-opacity":"","overlay-gradient":""},"tablet":{"background-color":"var(--ast-global-color-5)","background-image":"","background-repeat":"repeat","background-position":"center center","background-size":"auto","background-attachment":"scroll","background-type":"","background-media":"","overlay-type":"","overlay-color":"","overlay-opacity":"","overlay-gradient":""},"mobile":{"background-color":"var(--ast-global-color-5)","background-image":"","background-repeat":"repeat","background-position":"center center","background-size":"auto","background-attachment":"scroll","background-type":"","background-media":"","overlay-type":"","overlay-color":"","overlay-opacity":"","overlay-gradient":""}},"footnotes":""},"categories":[8],"tags":[6316,6317,6318],"class_list":["post-18003","post","type-post","status-publish","format-standard","has-post-thumbnail","hentry","category-noticias","tag-paloma-vazquez-mejia","tag-premio-nacional-de-diseno-2021","tag-udlap-egresada"],"_links":{"self":[{"href":"https:\/\/losperiodistas.com.mx\/portal\/wp-json\/wp\/v2\/posts\/18003","targetHints":{"allow":["GET"]}}],"collection":[{"href":"https:\/\/losperiodistas.com.mx\/portal\/wp-json\/wp\/v2\/posts"}],"about":[{"href":"https:\/\/losperiodistas.com.mx\/portal\/wp-json\/wp\/v2\/types\/post"}],"author":[{"embeddable":true,"href":"https:\/\/losperiodistas.com.mx\/portal\/wp-json\/wp\/v2\/users\/1"}],"replies":[{"embeddable":true,"href":"https:\/\/losperiodistas.com.mx\/portal\/wp-json\/wp\/v2\/comments?post=18003"}],"version-history":[{"count":1,"href":"https:\/\/losperiodistas.com.mx\/portal\/wp-json\/wp\/v2\/posts\/18003\/revisions"}],"predecessor-version":[{"id":18005,"href":"https:\/\/losperiodistas.com.mx\/portal\/wp-json\/wp\/v2\/posts\/18003\/revisions\/18005"}],"wp:featuredmedia":[{"embeddable":true,"href":"https:\/\/losperiodistas.com.mx\/portal\/wp-json\/wp\/v2\/media\/18004"}],"wp:attachment":[{"href":"https:\/\/losperiodistas.com.mx\/portal\/wp-json\/wp\/v2\/media?parent=18003"}],"wp:term":[{"taxonomy":"category","embeddable":true,"href":"https:\/\/losperiodistas.com.mx\/portal\/wp-json\/wp\/v2\/categories?post=18003"},{"taxonomy":"post_tag","embeddable":true,"href":"https:\/\/losperiodistas.com.mx\/portal\/wp-json\/wp\/v2\/tags?post=18003"}],"curies":[{"name":"wp","href":"https:\/\/api.w.org\/{rel}","templated":true}]}}