{"id":17997,"date":"2021-12-22T06:49:18","date_gmt":"2021-12-22T12:49:18","guid":{"rendered":"http:\/\/losperiodistas.com.mx\/portal\/?p=17997"},"modified":"2021-12-22T06:49:20","modified_gmt":"2021-12-22T12:49:20","slug":"catequesis-de-papa-francisco-sobre-navidad-evento-del-que-no-puede-prescindir-la-historia-aci","status":"publish","type":"post","link":"https:\/\/losperiodistas.com.mx\/portal\/catequesis-de-papa-francisco-sobre-navidad-evento-del-que-no-puede-prescindir-la-historia-aci\/","title":{"rendered":"Catequesis de Papa Francisco sobre Navidad: evento del que no puede prescindir la historia | ACI"},"content":{"rendered":"\n<p><\/p>\n\n\n\n<figure class=\"wp-block-image size-large\"><img fetchpriority=\"high\" decoding=\"async\" width=\"900\" height=\"500\" src=\"https:\/\/losperiodistas.com.mx\/portal\/wp-content\/uploads\/2021\/12\/Papa_audienciageneral_PabloEsparza_ACIPrensa_22122021.jpg\" alt=\"\" class=\"wp-image-17998\" srcset=\"https:\/\/losperiodistas.com.mx\/portal\/wp-content\/uploads\/2021\/12\/Papa_audienciageneral_PabloEsparza_ACIPrensa_22122021.jpg 900w, https:\/\/losperiodistas.com.mx\/portal\/wp-content\/uploads\/2021\/12\/Papa_audienciageneral_PabloEsparza_ACIPrensa_22122021-300x167.jpg 300w, https:\/\/losperiodistas.com.mx\/portal\/wp-content\/uploads\/2021\/12\/Papa_audienciageneral_PabloEsparza_ACIPrensa_22122021-768x427.jpg 768w\" sizes=\"(max-width: 900px) 100vw, 900px\" \/><figcaption>Papa Francisco en la Audiencia General. Foto: Pablo Esparza \/ ACI Prensa<\/figcaption><\/figure>\n\n\n\n<p><\/p>\n\n\n\n<p class=\"has-vivid-cyan-blue-color has-text-color has-medium-font-size\">ACI PRENSA<\/p>\n\n\n\n<p>El Papa Francisco dedic\u00f3 la catequesis de la Audiencia General de este mi\u00e9rcoles 22 de diciembre a la Navidad, \u201cel evento del cual no puede prescindir la historia: el nacimiento de Jes\u00fas\u201d.<\/p>\n\n\n\n<p>\u201cQueridos hermanos y hermanas, quisiera invitar a todos los hombres y las mujeres a la gruta de Bel\u00e9n a adorar al Hijo de Dios hecho hombre. Cada uno de nosotros, acerqu\u00e9monos al pesebre, que encuentre en su casa o en la Iglesia, o donde sea, e intente realizar un acto de adoraci\u00f3n en el interior: yo creo que T\u00fa eres Dios, que este ni\u00f1o es Dios, por favor, dame la gracia de la humildad para poder entender\u201d, dijo el Santo Padre.<\/p>\n\n\n\n<p>A continuaci\u00f3n, la catequesis pronunciada por el Papa Francisco:<\/p>\n\n\n\n<p>Queridos hermanos y hermanas, \u00a1buenos d\u00edas!<br>Hoy, a pocos d\u00edas de la Navidad, quisiera recordar con ustedes el evento del cual no puede prescindir la historia: el nacimiento de Jes\u00fas.<br>Para observar el decreto del emperador C\u00e9sar Augusto, que ordenaba registrarse en el censo del propio pueblo de procedencia, Jos\u00e9 y Mar\u00eda van de Nazaret a Bel\u00e9n. Nada m\u00e1s llegar, buscan en seguida alojamiento, porque el parto es inminente; pero lamentablemente no lo encuentran, y entonces Mar\u00eda se ve obligada a dar a luz en un pesebre (cfr&nbsp;<em>Lc&nbsp;<\/em>2,1-7).<\/p>\n\n\n\n<p><strong>Pensemos: \u00a1al Creador del universo no le fue concedido un lugar para nacer!&nbsp;<\/strong>Quiz\u00e1 fue una anticipaci\u00f3n de lo que dice el evangelista Juan: \u00abVino a su casa, y los suyos no la recibieron\u00bb (1,11); y de lo que Jes\u00fas mismo dir\u00e1: \u00abLas zorras tienen guaridas, y las aves del cielo nidos; pero el Hijo del hombre no tiene donde reclinar la cabeza\u00bb (<em>Lc&nbsp;<\/em>9,58).<\/p>\n\n\n\n<p>Fue un \u00e1ngel quien anunci\u00f3 el nacimiento de Jes\u00fas, y lo hizo a los pastores humildes. Y fue una estrella la que indic\u00f3 a los Magos el camino para llegar a Bel\u00e9n (cfr&nbsp;<em>Mt&nbsp;<\/em>2,1.9-10). El \u00e1ngel es un mensajero de Dios. La estrella recuerda que Dios cre\u00f3 la luz (<em>Gen&nbsp;<\/em>1,3) y que&nbsp;<strong>ese Ni\u00f1o ser\u00e1 \u201cla luz del mundo\u201d<\/strong>, como \u00c9l mismo se autodefinir\u00e1 (cfr&nbsp;<em>Jn&nbsp;<\/em>8,12.46), la \u00abluz verdadera [&#8230;] que ilumina a todo hombre (<em>Jn&nbsp;<\/em>1,9), que \u00abbrilla en las tinieblas y las tinieblas no la vencieron\u00bb (v. 5).<\/p>\n\n\n\n<p>Los pastores representan a los pobres de Israel, personas humildes que interiormente viven con la conciencia de la propia falta, y precisamente por esto conf\u00edan m\u00e1s que los otros en Dios. Son ellos los primeros en ver al Hijo de Dios hecho hombre, y&nbsp;<strong>este encuentro les cambia profundamente<\/strong>. Cuenta el Evangelio que se volvieron \u00abglorificando y alabando a Dios por todo lo que hab\u00edan o\u00eddo y visto\u00bb (<em>Lc&nbsp;<\/em>2,20).<\/p>\n\n\n\n<p>En torno al Ni\u00f1o Jes\u00fas est\u00e1n tambi\u00e9n los Magos (cfr&nbsp;<em>Mt&nbsp;<\/em>2,1-12). Los Evangelios no dicen que fueran reyes, ni el n\u00famero, ni sus nombres. Con certeza se sabe solo que desde un pa\u00eds lejano de Oriente (se puede pensar en Persia, Babilonia o Arabia del sur)&nbsp;<strong>se pusieron en viaje para buscar al Rey de los Jud\u00edos, que en su coraz\u00f3n identifican con Dios<\/strong>, porque dicen que le quieren adorar. Los Magos representan a los pueblos paganos, en particular a todos aquellos que a lo largo de los siglos buscan a Dios y se ponen en camino para encontrarlo. Representan tambi\u00e9n a los ricos y a los poderosos, pero solo a los que no son esclavos de la posesi\u00f3n, que no est\u00e1n \u201cpose\u00eddos\u201d por las cosas que creen poseer.<\/p>\n\n\n\n<p>El mensaje del Evangelio es claro: el nacimiento de Jes\u00fas es un evento universal que afecta a todos los hombres.<\/p>\n\n\n\n<p>Queridos hermanos y queridas hermanas,&nbsp;<strong>solo la humildad es el camino que nos conduce a<\/strong>&nbsp;<strong>Dios&nbsp;<\/strong>y, al mismo tiempo, precisamente porque nos conduce a \u00c9l, nos lleva tambi\u00e9n a lo esencial de la vida, a su significado m\u00e1s verdadero, al motivo m\u00e1s fiable por el que la vida vale la pena ser vivida.<\/p>\n\n\n\n<p><strong>Solo la humildad nos abre a la experiencia de la verdad, de la alegr\u00eda aut\u00e9ntica<\/strong>, del conocimiento que cuenta. Sin humildad estamos \u201caislados\u201d, estamos \u201caislados\u201d de la comprensi\u00f3n de Dios y de nosotros mismos. Es necesario ser humilde para comprendernos tambi\u00e9n a nosotros mismos, mucho m\u00e1s para entender a Dios.<\/p>\n\n\n\n<p>Los Magos pod\u00edan tambi\u00e9n ser grandes seg\u00fan la l\u00f3gica del mundo, pero se hacen peque\u00f1os, humildes, y precisamente por esto logran encontrar a Jes\u00fas y a reconocerlo. Aceptan la humildad de buscar, de ponerse en viaje, de pedir, de arriesgarse, de equivocarse&#8230;<\/p>\n\n\n\n<p>Todo hombre, en lo profundo de su coraz\u00f3n, est\u00e1 llamado a buscar a Dios, todos nosotros tenemos esa inquietud, y nuestro trabajo es no apagar esa inquietud, dejarla crecer, esa inquietud de buscar a Dios y, con su misma gracia, puede encontrarlo.<\/p>\n\n\n\n<p>Hagamos nuestra la oraci\u00f3n de san Anselmo (1033-1109): Se\u00f1or \u00abEns\u00e9\u00f1ame a buscarte y mu\u00e9strate a quien te busca; porque no puedo ir en tu busca a menos que t\u00fa me ense\u00f1es, y no puedo encontrarte si t\u00fa no te manifiestas. Deseando te buscar\u00e9, buscando te desear\u00e9, amando te hallar\u00e9 y hall\u00e1ndote te amar\u00e9\u00bb (<em>Proslogion<\/em>, 1).<\/p>\n\n\n\n<p>Queridos hermanos y hermanas,&nbsp;<strong>quisiera invitar a todos los hombres y las mujeres a la gruta de Bel\u00e9n a adorar al Hijo de Dios hecho hombre<\/strong>. Cada uno de nosotros, acerqu\u00e9monos al pesebre, que encuentre en su casa o en la Iglesia, o donde sea, e intente realizar un acto de adoraci\u00f3n en el interior: yo creo que T\u00fa eres Dios, que este ni\u00f1o es Dios, por favor, dame la gracia de la humildad para poder entender.<\/p>\n\n\n\n<p>En primera fila, para acercarse al pesebre y rezar, deseo poner a los pobres, que \u2013 como exhortaba San Pablo VI &#8211; \u00abdebemos amar, porque&nbsp;<strong>en cierto modo son sacramento de Cristo<\/strong>; en ellos \u2013 en los hambrientos, en los sedientos, en los exiliados, en los desnudos, en los enfermos, en los prisioneros \u2013 \u00c9l ha querido m\u00edsticamente identificarse. Debemos ayudarles, sufrir con ellos, y tambi\u00e9n seguirles, porque la pobreza es el camino m\u00e1s seguro para la plena posesi\u00f3n del Reino de Dios\u00bb (<em>Homil\u00eda<\/em>, 1 de mayo 1969).<\/p>\n\n\n\n<p>Por eso, debemos&nbsp;<strong>pedir la humildad como una gracia<\/strong>: \u201cSe\u00f1or que no sea soberbio, que no sea autosuficiente, que no crea que yo soy el centro del universo, hazme humilde, dame la gracia de la humildad, y con esta humildad yo puedo encontrarte\u201d.<\/p>\n\n\n\n<p>Es el \u00fanico camino,&nbsp;<strong>sin humildad nunca encontraremos a Dios<\/strong>, nos encontraremos a nosotros mismos, porque la persona que no tiene humildad no tiene horizonte delante, tiene solamente un espejo, se mira a s\u00ed mismo, se mira a s\u00ed mismo. Pidamos al Se\u00f1or romper el espejo y mirar m\u00e1s all\u00e1, al horizonte donde est\u00e1 \u00c9l, pero esto lo debe hacer \u00c9l, darnos la gracia y la alegr\u00eda de la humildad para recorrer este camino.<\/p>\n\n\n\n<p>Despu\u00e9s, hermanos y hermanas, quisiera acompa\u00f1ar a Bel\u00e9n, como hizo la estrella con los Magos, a todos aquellos que no tienen una inquietud religiosa, que no se plantean el problema de Dios, o incluso combaten con la religi\u00f3n, todos aquellos que indebidamente son denominados ateos. Quisiera repetirles el mensaje del Concilio Vaticano II: \u00abLa Iglesia afirma que el reconocimiento de Dios no se opone en modo alguno a la dignidad humana, ya que esta dignidad tiene en el mismo Dios su fundamento y perfecci\u00f3n. [&#8230;] La Iglesia sabe perfectamente que su mensaje est\u00e1 de acuerdo con los deseos m\u00e1s profundos del coraz\u00f3n humano\u00bb (<em>Gaudium et spes<\/em>, 21).<\/p>\n\n\n\n<p>Volvamos a casa con el deseo de los \u00e1ngeles: \u00abPaz en la tierra a los hombres que ama el Se\u00f1or\u00bb. Recordemos siempre: \u00abno hemos sido nosotros quienes amamos a Dios, sino en que \u00c9l nos am\u00f3, \u00c9l nos am\u00f3 primero\u00bb (<em>1 Jn&nbsp;<\/em>4,10.19), nos busc\u00f3, no olvidemos esto.<\/p>\n\n\n\n<p>Este es el motivo de nuestra alegr\u00eda:&nbsp;<strong>hemos sido amados, hemos sido buscados, el Se\u00f1or nos busca para encontrarnos, para amarnos m\u00e1s<\/strong>. Este es el motivo de la alegr\u00eda: saber que hemos sido amados sin ning\u00fan m\u00e9rito, siempre somos precedidos por Dios en el amor, un amor tan concreto que se ha hecho carne y vino a habitar en medio de nosotros, en aquel Ni\u00f1o que vemos en el pesebre. Este amor tiene un nombre y un rostro: Jes\u00fas. Jes\u00fas es el nombre y el rostro del amor que est\u00e1 en el fundamento de nuestra alegr\u00eda.<\/p>\n\n\n\n<p>Hermanos y hermanas les deseo una feliz Navidad, una santa y feliz Navidad, y quisiera que, si habr\u00e1 las felicitaciones, las reuniones de familia, esto es hermoso siempre, pero que exista tambi\u00e9n la conciencia de que Dios viene por m\u00ed.\u00a0<strong>Cada uno diga esto: Dios viene por m\u00ed.<\/strong>\u00a0La conciencia de que, para buscar a Dios, encontrar a Dios, aceptar a Dios, es necesaria la humildad. Mirar con humildad, la gracia de romper el espejo de la vanidad, de la soberbia, de mirar a nosotros mismos. En cambio, mirar a Jes\u00fas, mirar el horizonte, mirar a Dios que viene hacia nosotros y que toca el coraz\u00f3n con esa inquietud que nos conduce a la esperanza. \u00a1Feliz y santa Navidad!<\/p>\n\n\n\n<p>Fuente: https:\/\/www.aciprensa.com\/noticias\/catequesis-de-papa-francisco-sobre-navidad-evento-del-que-no-puede-prescindir-la-historia-40875<\/p>\n","protected":false},"excerpt":{"rendered":"<p>ACI PRENSA El Papa Francisco dedic\u00f3 la catequesis de la Audiencia General de este mi\u00e9rcoles 22 de diciembre a la [&hellip;]<\/p>\n","protected":false},"author":1,"featured_media":17998,"comment_status":"open","ping_status":"open","sticky":false,"template":"","format":"standard","meta":{"site-sidebar-layout":"default","site-content-layout":"","ast-site-content-layout":"default","site-content-style":"default","site-sidebar-style":"default","ast-global-header-display":"","ast-banner-title-visibility":"","ast-main-header-display":"","ast-hfb-above-header-display":"","ast-hfb-below-header-display":"","ast-hfb-mobile-header-display":"","site-post-title":"","ast-breadcrumbs-content":"","ast-featured-img":"","footer-sml-layout":"","theme-transparent-header-meta":"","adv-header-id-meta":"","stick-header-meta":"","header-above-stick-meta":"","header-main-stick-meta":"","header-below-stick-meta":"","astra-migrate-meta-layouts":"default","ast-page-background-enabled":"default","ast-page-background-meta":{"desktop":{"background-color":"var(--ast-global-color-4)","background-image":"","background-repeat":"repeat","background-position":"center center","background-size":"auto","background-attachment":"scroll","background-type":"","background-media":"","overlay-type":"","overlay-color":"","overlay-opacity":"","overlay-gradient":""},"tablet":{"background-color":"","background-image":"","background-repeat":"repeat","background-position":"center center","background-size":"auto","background-attachment":"scroll","background-type":"","background-media":"","overlay-type":"","overlay-color":"","overlay-opacity":"","overlay-gradient":""},"mobile":{"background-color":"","background-image":"","background-repeat":"repeat","background-position":"center center","background-size":"auto","background-attachment":"scroll","background-type":"","background-media":"","overlay-type":"","overlay-color":"","overlay-opacity":"","overlay-gradient":""}},"ast-content-background-meta":{"desktop":{"background-color":"var(--ast-global-color-5)","background-image":"","background-repeat":"repeat","background-position":"center center","background-size":"auto","background-attachment":"scroll","background-type":"","background-media":"","overlay-type":"","overlay-color":"","overlay-opacity":"","overlay-gradient":""},"tablet":{"background-color":"var(--ast-global-color-5)","background-image":"","background-repeat":"repeat","background-position":"center center","background-size":"auto","background-attachment":"scroll","background-type":"","background-media":"","overlay-type":"","overlay-color":"","overlay-opacity":"","overlay-gradient":""},"mobile":{"background-color":"var(--ast-global-color-5)","background-image":"","background-repeat":"repeat","background-position":"center center","background-size":"auto","background-attachment":"scroll","background-type":"","background-media":"","overlay-type":"","overlay-color":"","overlay-opacity":"","overlay-gradient":""}},"footnotes":""},"categories":[8],"tags":[6313,6314],"class_list":["post-17997","post","type-post","status-publish","format-standard","has-post-thumbnail","hentry","category-noticias","tag-catequesis-papa-francisco-2021","tag-nacimiento-de-jesus"],"_links":{"self":[{"href":"https:\/\/losperiodistas.com.mx\/portal\/wp-json\/wp\/v2\/posts\/17997","targetHints":{"allow":["GET"]}}],"collection":[{"href":"https:\/\/losperiodistas.com.mx\/portal\/wp-json\/wp\/v2\/posts"}],"about":[{"href":"https:\/\/losperiodistas.com.mx\/portal\/wp-json\/wp\/v2\/types\/post"}],"author":[{"embeddable":true,"href":"https:\/\/losperiodistas.com.mx\/portal\/wp-json\/wp\/v2\/users\/1"}],"replies":[{"embeddable":true,"href":"https:\/\/losperiodistas.com.mx\/portal\/wp-json\/wp\/v2\/comments?post=17997"}],"version-history":[{"count":1,"href":"https:\/\/losperiodistas.com.mx\/portal\/wp-json\/wp\/v2\/posts\/17997\/revisions"}],"predecessor-version":[{"id":17999,"href":"https:\/\/losperiodistas.com.mx\/portal\/wp-json\/wp\/v2\/posts\/17997\/revisions\/17999"}],"wp:featuredmedia":[{"embeddable":true,"href":"https:\/\/losperiodistas.com.mx\/portal\/wp-json\/wp\/v2\/media\/17998"}],"wp:attachment":[{"href":"https:\/\/losperiodistas.com.mx\/portal\/wp-json\/wp\/v2\/media?parent=17997"}],"wp:term":[{"taxonomy":"category","embeddable":true,"href":"https:\/\/losperiodistas.com.mx\/portal\/wp-json\/wp\/v2\/categories?post=17997"},{"taxonomy":"post_tag","embeddable":true,"href":"https:\/\/losperiodistas.com.mx\/portal\/wp-json\/wp\/v2\/tags?post=17997"}],"curies":[{"name":"wp","href":"https:\/\/api.w.org\/{rel}","templated":true}]}}