{"id":17994,"date":"2021-12-22T06:33:23","date_gmt":"2021-12-22T12:33:23","guid":{"rendered":"http:\/\/losperiodistas.com.mx\/portal\/?p=17994"},"modified":"2021-12-22T06:33:24","modified_gmt":"2021-12-22T12:33:24","slug":"efemerides-del-22-de-diciembre-que-paso-un-dia-como-hoy-adn-40","status":"publish","type":"post","link":"https:\/\/losperiodistas.com.mx\/portal\/efemerides-del-22-de-diciembre-que-paso-un-dia-como-hoy-adn-40\/","title":{"rendered":"Efem\u00e9rides del 22 de diciembre: Qu\u00e9 pas\u00f3 un d\u00eda como hoy | ADN 40"},"content":{"rendered":"\n<p style=\"font-size:18px\"><em>\u00bfSabes qu\u00e9 pas\u00f3 un d\u00eda como hoy? El 22 de diciembre se celebra el \u201cD\u00eda del Agente de Tr\u00e1nsito y Vialidad\u201d. Conoce las efem\u00e9rides de este d\u00eda.<\/em><\/p>\n\n\n\n<p><\/p>\n\n\n\n<figure class=\"wp-block-image size-large\"><img fetchpriority=\"high\" decoding=\"async\" width=\"968\" height=\"645\" src=\"https:\/\/losperiodistas.com.mx\/portal\/wp-content\/uploads\/2021\/12\/eem-dic-22.jpeg\" alt=\"\" class=\"wp-image-17995\" srcset=\"https:\/\/losperiodistas.com.mx\/portal\/wp-content\/uploads\/2021\/12\/eem-dic-22.jpeg 968w, https:\/\/losperiodistas.com.mx\/portal\/wp-content\/uploads\/2021\/12\/eem-dic-22-300x200.jpeg 300w, https:\/\/losperiodistas.com.mx\/portal\/wp-content\/uploads\/2021\/12\/eem-dic-22-768x512.jpeg 768w\" sizes=\"(max-width: 968px) 100vw, 968px\" \/><\/figure>\n\n\n\n<p><\/p>\n\n\n\n<p class=\"has-vivid-cyan-blue-color has-text-color has-medium-font-size\">ADN 40<\/p>\n\n\n\n<h2 class=\"wp-block-heading\">Qu\u00e9 se conmemora cada 22 de diciembre de 2021<\/h2>\n\n\n\n<p>Cada&nbsp;<strong>22 de diciembre<\/strong>&nbsp;se celebra en M\u00e9xico y en varios pa\u00edses del mundo el \u2018D\u00eda del Agente de Tr\u00e1nsito y Vialidad\u2019. Se busca en este d\u00eda honrar a los trabajadores del personal de tr\u00e1nsito y vialidad.<\/p>\n\n\n\n<h2 class=\"wp-block-heading\">Efem\u00e9rides del 22 de diciembre de 2021<\/h2>\n\n\n\n<p>1522: Se funda Coatzacoalcos.<\/p>\n\n\n\n<p>1808: En Viena, se estrenan las<em>&nbsp;Sinfon\u00edas n.\u00ba 5<\/em>&nbsp;y&nbsp;<em>n.\u00ba 6,<\/em>&nbsp;la<em>&nbsp;Fantas\u00eda coral&nbsp;<\/em>y el&nbsp;<em>Concierto para piano n.\u00ba 4&nbsp;<\/em>de Ludwig van Beethoven.<\/p>\n\n\n\n<figure class=\"wp-block-image\"><img decoding=\"async\" src=\"https:\/\/tvazteca.brightspotcdn.com\/dims4\/default\/1a1f56b\/2147483647\/strip\/true\/crop\/915x481+0+0\/resize\/968x509!\/format\/jpg\/quality\/80\/?url=https%3A%2F%2Ftvazteca.brightspotcdn.com%2F5a%2F8e%2F725988a36999444b721d44f63db7%2F0\" alt=\"efem\u00e9rides 22 de diciembre\"\/><figcaption>Beethoven<\/figcaption><\/figure>\n\n\n\n<p>1815: En San Crist\u00f3bal Ecatepec (M\u00e9xico) es fusilado el l\u00edder de la independencia Jos\u00e9 Mar\u00eda Morelos.<\/p>\n\n\n\n<p>1860: Se resolvi\u00f3 el triunfo del ej\u00e9rcito liberal con la Batalla de Calpulalpan; con ello se da la Guerra de Tres A\u00f1os o Guerra de Reforma.<\/p>\n\n\n\n<p>1864: Durante la guerra franco-mexicana (1862-1867), en el estado mexicano de Sinaloa el general mexicano Antonio Rosales (con 264 hombres) derrota a una tropa invasora francesa (700 hombres) en lo que se conoce como la batalla de San Pedro.<\/p>\n\n\n\n<p>1871: El general Porfirio D\u00edaz llega a Tetela de Ocampo buscando apoyo militar de Los tres Juanes de la sierra Norte en el marco de la \u201cRebeli\u00f3n del Plan de La Noria\u201d.<\/p>\n\n\n\n<p>1898: Nace Salvador Zubir\u00e1n Anchondo, en Chihuahua. M\u00e9dico cirujano y rector de la Universidad Nacional Aut\u00f3noma de M\u00e9xico de 1946.<\/p>\n\n\n\n<p>1938: Otto Hahn, director de qu\u00edmica del Instituto Kaiser Wilhelm de Berl\u00edn, y su equipo consiguen la primera fisi\u00f3n nuclear de la historia.<\/p>\n\n\n\n<p>1947: En el transcurso de la Revoluci\u00f3n China, los comunistas llegan a las puertas de Pek\u00edn.<\/p>\n\n\n\n<p>1948: Inici\u00f3 el \u2018Programa de Construcci\u00f3n de Ciudad Universitaria\u2019.<\/p>\n\n\n\n<p>1961: En la ciudad de La Habana, ante una enorme concentraci\u00f3n general reunida en la Plaza de la Revoluci\u00f3n, el comandante Fidel Castro declara a Cuba \u00abTerritorio Libre de Analfabetismo\u00bb en Am\u00e9rica Latina.<\/p>\n\n\n\n<figure class=\"wp-block-image\"><img decoding=\"async\" src=\"https:\/\/tvazteca.brightspotcdn.com\/dims4\/default\/8cb8be4\/2147483647\/strip\/true\/crop\/766x510+0+0\/resize\/968x644!\/format\/jpg\/quality\/80\/?url=https%3A%2F%2Ftvazteca.brightspotcdn.com%2Fce%2F25%2F0abdf6cb47458542126ee47dc217%2Fefemerides-22-de-diciembre.jpg\" alt=\"efem\u00e9rides 22 de diciembre.jpg\"\/><\/figure>\n\n\n\n<p>1963: A 180 millas al norte de Madeira, se hunde el crucero Lakonia, provocando la muerte de 128 personas.<\/p>\n\n\n\n<p>1965: En Vietnam, el comandante de las tropas estadounidenses, general William Westmoreland, anuncia un alto el fuego por Navidad.<\/p>\n\n\n\n<p>1969: Bernadette Devlin, miembro de la C\u00e1mara de los Comunes, es condenada en Londonderry (Irlanda del Norte) a seis meses de prisi\u00f3n, acusada de participar en los des\u00f3rdenes del mes de agosto pasado.<\/p>\n\n\n\n<p>1972: Son rescatados los 16 supervivientes del vuelo 571 accidentado en la cordillera de los Andes con 36 personas a bordo (para sobrevivir tuvieron que comer carne humana).<\/p>\n\n\n\n<p>1973: La OPEP duplica sus precios por la crisis del petr\u00f3leo.<\/p>\n\n\n\n<p>1978: En Buenos Aires, la dictadura de Videla (1976-1983) planea una invasi\u00f3n a gran escala contra Chile, planificada por la p\u00e9rdida en el litigio de las islas Picton, Lennox y Nueva.<\/p>\n\n\n\n<p>1989: En Berl\u00edn se abre la puerta de Brandeburgo, acabando con 30 a\u00f1os de<a href=\"https:\/\/www.adn40.mx\/noticia\/internacional\/notas\/2018-08-30-12-55\/el-muro-de-berlin-revivira-en-alemania\" target=\"_blank\" rel=\"noreferrer noopener\">&nbsp;divisi\u00f3n de las dos Alemanias&nbsp;<\/a>.<\/p>\n\n\n\n<p>1992: En Paraguay se hallan los \u00abArchivos del Terror\u00bb de la dictadura de Alfredo Stroessner y de la denominada Operaci\u00f3n C\u00f3ndor (de la CIA estadounidense).<\/p>\n\n\n\n<p>1997: Matanza de Acteal: 45&nbsp;<a href=\"https:\/\/www.adn40.mx\/noticia\/especiales\/notas\/2018-08-09-11-28\/por-que-se-celebra-el-dia-internacional-de-los-pueblos-indigenas\" target=\"_blank\" rel=\"noreferrer noopener\">ind\u00edgenas tzotziles&nbsp;<\/a>fueron asesinados mientras rezaban en una iglesia de la comunidad de Acteal, en el estado mexicano de Chiapas.<\/p>\n\n\n\n<p>2018: En Indonesia, el volc\u00e1n Anak Krakatoa entra en erupci\u00f3n, provocando un tsunami que dej\u00f3 m\u00e1s de 200 fallecidos.<\/p>\n\n\n\n<p>Fuente: https:\/\/www.adn40.mx\/mexico\/efemerides-22-de-diciembre-gm-especial<\/p>\n","protected":false},"excerpt":{"rendered":"<p>\u00bfSabes qu\u00e9 pas\u00f3 un d\u00eda como hoy? El 22 de diciembre se celebra el \u201cD\u00eda del Agente de Tr\u00e1nsito y [&hellip;]<\/p>\n","protected":false},"author":1,"featured_media":17995,"comment_status":"open","ping_status":"open","sticky":false,"template":"","format":"standard","meta":{"site-sidebar-layout":"default","site-content-layout":"","ast-site-content-layout":"default","site-content-style":"default","site-sidebar-style":"default","ast-global-header-display":"","ast-banner-title-visibility":"","ast-main-header-display":"","ast-hfb-above-header-display":"","ast-hfb-below-header-display":"","ast-hfb-mobile-header-display":"","site-post-title":"","ast-breadcrumbs-content":"","ast-featured-img":"","footer-sml-layout":"","theme-transparent-header-meta":"","adv-header-id-meta":"","stick-header-meta":"","header-above-stick-meta":"","header-main-stick-meta":"","header-below-stick-meta":"","astra-migrate-meta-layouts":"default","ast-page-background-enabled":"default","ast-page-background-meta":{"desktop":{"background-color":"var(--ast-global-color-4)","background-image":"","background-repeat":"repeat","background-position":"center center","background-size":"auto","background-attachment":"scroll","background-type":"","background-media":"","overlay-type":"","overlay-color":"","overlay-opacity":"","overlay-gradient":""},"tablet":{"background-color":"","background-image":"","background-repeat":"repeat","background-position":"center center","background-size":"auto","background-attachment":"scroll","background-type":"","background-media":"","overlay-type":"","overlay-color":"","overlay-opacity":"","overlay-gradient":""},"mobile":{"background-color":"","background-image":"","background-repeat":"repeat","background-position":"center center","background-size":"auto","background-attachment":"scroll","background-type":"","background-media":"","overlay-type":"","overlay-color":"","overlay-opacity":"","overlay-gradient":""}},"ast-content-background-meta":{"desktop":{"background-color":"var(--ast-global-color-5)","background-image":"","background-repeat":"repeat","background-position":"center center","background-size":"auto","background-attachment":"scroll","background-type":"","background-media":"","overlay-type":"","overlay-color":"","overlay-opacity":"","overlay-gradient":""},"tablet":{"background-color":"var(--ast-global-color-5)","background-image":"","background-repeat":"repeat","background-position":"center center","background-size":"auto","background-attachment":"scroll","background-type":"","background-media":"","overlay-type":"","overlay-color":"","overlay-opacity":"","overlay-gradient":""},"mobile":{"background-color":"var(--ast-global-color-5)","background-image":"","background-repeat":"repeat","background-position":"center center","background-size":"auto","background-attachment":"scroll","background-type":"","background-media":"","overlay-type":"","overlay-color":"","overlay-opacity":"","overlay-gradient":""}},"footnotes":""},"categories":[8],"tags":[6310,6308,5328,6312,6309,6311,5143],"class_list":["post-17994","post","type-post","status-publish","format-standard","has-post-thumbnail","hentry","category-noticias","tag-los-tres-juanes","tag-matanza-de-acteal","tag-muro-de-berlin","tag-porfirio-diaz","tag-puerta-de-branderburgo","tag-rebelion-plan-de-la-noria","tag-tetela-de-ocampo"],"_links":{"self":[{"href":"https:\/\/losperiodistas.com.mx\/portal\/wp-json\/wp\/v2\/posts\/17994","targetHints":{"allow":["GET"]}}],"collection":[{"href":"https:\/\/losperiodistas.com.mx\/portal\/wp-json\/wp\/v2\/posts"}],"about":[{"href":"https:\/\/losperiodistas.com.mx\/portal\/wp-json\/wp\/v2\/types\/post"}],"author":[{"embeddable":true,"href":"https:\/\/losperiodistas.com.mx\/portal\/wp-json\/wp\/v2\/users\/1"}],"replies":[{"embeddable":true,"href":"https:\/\/losperiodistas.com.mx\/portal\/wp-json\/wp\/v2\/comments?post=17994"}],"version-history":[{"count":1,"href":"https:\/\/losperiodistas.com.mx\/portal\/wp-json\/wp\/v2\/posts\/17994\/revisions"}],"predecessor-version":[{"id":17996,"href":"https:\/\/losperiodistas.com.mx\/portal\/wp-json\/wp\/v2\/posts\/17994\/revisions\/17996"}],"wp:featuredmedia":[{"embeddable":true,"href":"https:\/\/losperiodistas.com.mx\/portal\/wp-json\/wp\/v2\/media\/17995"}],"wp:attachment":[{"href":"https:\/\/losperiodistas.com.mx\/portal\/wp-json\/wp\/v2\/media?parent=17994"}],"wp:term":[{"taxonomy":"category","embeddable":true,"href":"https:\/\/losperiodistas.com.mx\/portal\/wp-json\/wp\/v2\/categories?post=17994"},{"taxonomy":"post_tag","embeddable":true,"href":"https:\/\/losperiodistas.com.mx\/portal\/wp-json\/wp\/v2\/tags?post=17994"}],"curies":[{"name":"wp","href":"https:\/\/api.w.org\/{rel}","templated":true}]}}