{"id":17991,"date":"2021-12-22T06:28:49","date_gmt":"2021-12-22T12:28:49","guid":{"rendered":"http:\/\/losperiodistas.com.mx\/portal\/?p=17991"},"modified":"2021-12-22T06:28:51","modified_gmt":"2021-12-22T12:28:51","slug":"caos-politico-covid-19-el-retiro-de-un-capo-y-nuevos-aliados-que-le-espera-a-mexico-en-2022-infobae","status":"publish","type":"post","link":"https:\/\/losperiodistas.com.mx\/portal\/caos-politico-covid-19-el-retiro-de-un-capo-y-nuevos-aliados-que-le-espera-a-mexico-en-2022-infobae\/","title":{"rendered":"Caos pol\u00edtico, Covid-19, el retiro de un capo y nuevos aliados: qu\u00e9 le espera a M\u00e9xico en 2022 | Infobae"},"content":{"rendered":"\n<p style=\"font-size:18px\"><em>El pa\u00eds atravesar\u00e1 por una serie de situaciones que indican transformaciones en los \u00e1mbitos econ\u00f3mico, pol\u00edtico y de seguridad. Pero tambi\u00e9n, enfrentar\u00e1 los embates del cambio clim\u00e1tico y los riesgos de la variante \u00d3micron.<\/em><\/p>\n\n\n\n<figure class=\"wp-block-image size-large\"><img fetchpriority=\"high\" decoding=\"async\" width=\"1024\" height=\"576\" src=\"https:\/\/losperiodistas.com.mx\/portal\/wp-content\/uploads\/2021\/12\/3V6PCOUNVVGF3C76YCVGHRAZJM-1024x576.jpg\" alt=\"\" class=\"wp-image-17992\" srcset=\"https:\/\/losperiodistas.com.mx\/portal\/wp-content\/uploads\/2021\/12\/3V6PCOUNVVGF3C76YCVGHRAZJM-1024x576.jpg 1024w, https:\/\/losperiodistas.com.mx\/portal\/wp-content\/uploads\/2021\/12\/3V6PCOUNVVGF3C76YCVGHRAZJM-300x169.jpg 300w, https:\/\/losperiodistas.com.mx\/portal\/wp-content\/uploads\/2021\/12\/3V6PCOUNVVGF3C76YCVGHRAZJM-768x432.jpg 768w, https:\/\/losperiodistas.com.mx\/portal\/wp-content\/uploads\/2021\/12\/3V6PCOUNVVGF3C76YCVGHRAZJM.jpg 1200w\" sizes=\"(max-width: 1024px) 100vw, 1024px\" \/><figcaption>El a\u00f1o que est\u00e1 por comenzar estar\u00e1 marcado por distintos fen\u00f3menos de toda \u00edndole que llevar\u00e1n a un reacomodo. (Ilustraci\u00f3n: Jovani P\u00e9rez\/ Infobae)<\/figcaption><\/figure>\n\n\n\n<p class=\"has-vivid-cyan-blue-color has-text-color has-medium-font-size\">INFOBAE<\/p>\n\n\n\n<p><strong>M\u00e9xico tendr\u00e1 un 2022 de claroscuros<\/strong>&nbsp;en el que el caos pol\u00edtico, traiciones y el surgimiento de nuevos grupos ser\u00e1n una constante a lo largo del a\u00f1o, al menos as\u00ed<strong>&nbsp;lo anticipan las predicciones de Grace Valenzzo<\/strong>, canalizadora vidente.<\/p>\n\n\n\n<p>Valenzzo augura\u00a0<strong>un primer trimestre complicado<\/strong>\u00a0ya que el arranque de a\u00f1o ser\u00e1 lento, algunos de los proyectos econ\u00f3micos no lograr\u00e1n concretarse o tardar\u00e1n m\u00e1s de lo pensado en cristalizarse. Sin embargo,\u00a0<strong>hacia la segunda parte del a\u00f1o se vislumbra un mayor dinamismo<\/strong>\u00a0en la materia, principalmente<strong>\u00a0en el sureste<\/strong>, gracias a distintas obras de infraestructura que se han empezado a realizar en la zona.<\/p>\n\n\n\n<p>Pero tambi\u00e9n,<strong>&nbsp;gran parte de esta recuperaci\u00f3n ser\u00e1 por la organizaci\u00f3n de empresarios<\/strong>&nbsp;quienes apoyar\u00e1n nuevos emprendedurismos que ayudar\u00e1n a iniciar una transformaci\u00f3n en la industria.<\/p>\n\n\n\n<p>\u201cSe ve complicado lo que es la primera parte del a\u00f1o sobre todo el primer trimestre, pero&nbsp;<strong>a partir de la primavera aqu\u00ed nos habla de un resurgimiento<\/strong>: nos sale la carta del emperador, una carta vinculada con los proyectos como econ\u00f3micos como m\u00e1s marcados&nbsp;<strong>nos habla aqu\u00ed de tres figuras importantes<\/strong>&nbsp;a nivel como econ\u00f3mico que vienen a tomar como responsabilidad o tomar como que mayor compromiso para hacer proyectos nuevos\u201d, asegur\u00f3 la canalizadora vidente.<img decoding=\"async\" alt=\"AMLO tendr\u00e1 un a\u00f1o dif\u00edcil en el que deber\u00e1 hacer una serie de ajustes en su gabinete. (Foto: Andrea Murcia\/Cuartoscuro)\" src=\"https:\/\/www.infobae.com\/new-resizer\/vH1HHA6BIQ5WF91QazgLQL7NX2s=\/420x280\/filters:format(webp):quality(85)\/cloudfront-us-east-1.images.arcpublishing.com\/infobae\/BI2GMDP2MJF75ABMTAJSXTBXVU.jpeg%20420w\" height=\"852\" width=\"1280\" srcset=\"https:\/\/www.infobae.com\/new-resizer\/vH1HHA6BIQ5WF91QazgLQL7NX2s=\/420x280\/filters:format(webp):quality(85)\/cloudfront-us-east-1.images.arcpublishing.com\/infobae\/BI2GMDP2MJF75ABMTAJSXTBXVU.jpeg 420w,https:\/\/www.infobae.com\/new-resizer\/UoXyBAgyY-kSxzCh1p5RnRPhXYg=\/768x512\/filters:format(webp):quality(85)\/cloudfront-us-east-1.images.arcpublishing.com\/infobae\/BI2GMDP2MJF75ABMTAJSXTBXVU.jpeg 768w,https:\/\/www.infobae.com\/new-resizer\/lk1GG73B7g9N2dyC7Mb-FQ5h4kY=\/992x661\/filters:format(webp):quality(85)\/cloudfront-us-east-1.images.arcpublishing.com\/infobae\/BI2GMDP2MJF75ABMTAJSXTBXVU.jpeg 992w,https:\/\/www.infobae.com\/new-resizer\/y9uFpYdAFTIbRWB6l4ebdpwc_nM=\/1200x800\/filters:format(webp):quality(85)\/cloudfront-us-east-1.images.arcpublishing.com\/infobae\/BI2GMDP2MJF75ABMTAJSXTBXVU.jpeg 1200w,https:\/\/www.infobae.com\/new-resizer\/riPFa5B8Knsa5I4Sp7JfY1JlKzk=\/1440x960\/filters:format(webp):quality(85)\/cloudfront-us-east-1.images.arcpublishing.com\/infobae\/BI2GMDP2MJF75ABMTAJSXTBXVU.jpeg 1440w\">AMLO tendr\u00e1 un a\u00f1o dif\u00edcil en el que deber\u00e1 hacer una serie de ajustes en su gabinete. (Foto: Andrea Murcia\/Cuartoscuro)<\/p>\n\n\n\n<p>Dentro del tema econ\u00f3mico<strong>&nbsp;se puede ver la integraci\u00f3n de nuevas alianzas<\/strong>, principalmente con pa\u00edses de Asia, como China, con los que se empezar\u00edan a construir las bases para nuevos acuerdos comerciales hacia el mes de julio.<\/p>\n\n\n\n<p>Aunque&nbsp;<strong>el gobierno de Andr\u00e9s Manuel L\u00f3pez Obrador intentar\u00e1 un acercamiento mayor con pa\u00edses de Am\u00e9rica Latina<\/strong>, en un intento por romper la dependencia de Estados Unidos,<strong>&nbsp;sus lazos m\u00e1s fuertes se construir\u00e1n con China y Rusia<\/strong>, lo que marcar\u00e1 un cambio en las importaciones.<\/p>\n\n\n\n<p>\u201cSin embargo,\u00a0<strong>hay tratos ocultos,<\/strong>\u00a0hay cosas que no se est\u00e1n como viendo totalmente de las alianzas que se est\u00e1n generando, pues la carta de la luna dice que<strong>\u00a0se debe tener cuidado con las letras chiquitas<\/strong>, porque eso puede llegar tambi\u00e9n traer como\u00a0<strong>situaciones en donde M\u00e9xico no termine ganando tanto<\/strong>\u201d, alert\u00f3.<\/p>\n\n\n\n<p><strong>Para los j\u00f3venes del pa\u00eds, el 2022 parece ser poco prometedor<\/strong>, ya que ser\u00e1 m\u00e1s marcado el rezago educativo que vienen arrastrando desde el inicio del confinamiento por el Covid-19, lo que influir\u00e1 para que algunos se sientan perdidos porque existir\u00e1n una serie de situaciones que no sabr\u00e1n c\u00f3mo ejecutar.<\/p>\n\n\n\n<p>\u201cAqu\u00ed nos puede generar como una desalineaci\u00f3n y un desorden sobre todo como en la parte de que puede haber como mucho conflicto para poder tener como a la gente como en paz sobre toda la parte de los j\u00f3venes\u201d, se\u00f1al\u00f3.<\/p>\n\n\n\n<p><strong>Otro a\u00f1o de pandemia<\/strong><img decoding=\"async\" alt=\"La variante \u00d3micron puede impacto controlable en M\u00e9xico durante 2022. (Foto: REUTERS\/Dado Ruvic)\" src=\"https:\/\/www.infobae.com\/new-resizer\/YW1W8Ha4qwfbqsBfQkUAAFa8mJU=\/420x280\/filters:format(webp):quality(85)\/cloudfront-us-east-1.images.arcpublishing.com\/infobae\/QQTDH2H25UDBSSU4TM5GWKDTCE.jpg%20420w\" height=\"553\" width=\"800\" srcset=\"https:\/\/www.infobae.com\/new-resizer\/YW1W8Ha4qwfbqsBfQkUAAFa8mJU=\/420x280\/filters:format(webp):quality(85)\/cloudfront-us-east-1.images.arcpublishing.com\/infobae\/QQTDH2H25UDBSSU4TM5GWKDTCE.jpg 420w,https:\/\/www.infobae.com\/new-resizer\/xeMsgB0dmp-vXY4ZvtZhA1tqyt8=\/768x512\/filters:format(webp):quality(85)\/cloudfront-us-east-1.images.arcpublishing.com\/infobae\/QQTDH2H25UDBSSU4TM5GWKDTCE.jpg 768w,https:\/\/www.infobae.com\/new-resizer\/UDnMQNxnMJQknOIFHk3RNBiOq6Q=\/992x661\/filters:format(webp):quality(85)\/cloudfront-us-east-1.images.arcpublishing.com\/infobae\/QQTDH2H25UDBSSU4TM5GWKDTCE.jpg 992w,https:\/\/www.infobae.com\/new-resizer\/6nDIP9oZPP4cdO269FhyqwJLZ5A=\/1200x800\/filters:format(webp):quality(85)\/cloudfront-us-east-1.images.arcpublishing.com\/infobae\/QQTDH2H25UDBSSU4TM5GWKDTCE.jpg 1200w,https:\/\/www.infobae.com\/new-resizer\/jK8l8Lr-52z-dwuCmasRi5Hxg8Y=\/1440x960\/filters:format(webp):quality(85)\/cloudfront-us-east-1.images.arcpublishing.com\/infobae\/QQTDH2H25UDBSSU4TM5GWKDTCE.jpg 1440w\">La variante \u00d3micron puede impacto controlable en M\u00e9xico durante 2022. (Foto: REUTERS\/Dado Ruvic)<\/p>\n\n\n\n<p>En el tema del&nbsp;<strong>manejo del Covid-19<\/strong>, Valenzzo expres\u00f3 que entre las autoridades sanitarias y los habitantes en el pa\u00eds&nbsp;<strong>existe un clima de confianza&nbsp;<\/strong>en el sentido de que la pandemia ya est\u00e1 controlado, sin embargo, ese exceso de confianza&nbsp;<strong>los puede llevar a descuidar la vigilancia<\/strong>, la aplicaci\u00f3n de vacunas y el abasto de medicamentos que ayuden a controlar los s\u00edntomas del virus.<\/p>\n\n\n\n<p>\u201cEl mes de<strong>&nbsp;junio es donde puede haber una complicaci\u00f3n<\/strong>&nbsp;por un tema como de desabasto. Nos est\u00e1 indicando la parte como de tener mayor orden: la<strong>&nbsp;gente viene a estar como que bastante distra\u00edda y los casos pueden aumentar<\/strong>&nbsp;sobre todo lo que es hacia la primavera y verano puede llegar a complicarse un poquito\u2026 pueden aumentar los casos nuevamente por esta falta como que de tomarse en serio la situaci\u00f3n\u201d, advirti\u00f3 Valenzzo.<\/p>\n\n\n\n<p>Sobre&nbsp;<strong>la variante \u00d3micron<\/strong>&nbsp;asegur\u00f3 que s\u00ed podr\u00eda tener un impacto, pero&nbsp;<strong>menor al de la primera cepa de la pandemia<\/strong>, que oblig\u00f3 al pa\u00eds a entrar en un severo confinamiento en marzo de 2020.<\/p>\n\n\n\n<p><strong>Rencillas pol\u00edticas, choques y traiciones<\/strong> Para el gobierno de Andr\u00e9s Manuel L\u00f3pez Obrador, puede que existan problemas de confianza entre sus colaboradores, augur\u00f3 Grace Valenzzo (Video\/ Infobae)<\/p>\n\n\n\n<p>En la arena pol\u00edtica, la canalizadora vidente anticip\u00f3 que<strong>&nbsp;en el 2022 podr\u00edan verse movimientos y situaciones que van a definir la carrera presidencial de 2024&nbsp;<\/strong>ante el surgimiento de nuevos grupos pol\u00edticos.<\/p>\n\n\n\n<p>\u201cNos est\u00e1 indicando como<strong>&nbsp;un periodo de mucha rencilla pol\u00edtica<\/strong>&nbsp;sobre todo lo que es la primera parte del a\u00f1o. Nos est\u00e1 hablando de que&nbsp;<strong>se pueden llegar a presentar tres grupos diferentes&nbsp;<\/strong>con tres tendencias diferentes en cuesti\u00f3n de organizaci\u00f3n, aqu\u00ed nos est\u00e1 hablando de choques\u201d, vaticin\u00f3.<\/p>\n\n\n\n<p>Esos choques estar\u00e1n marcados por&nbsp;<strong>movimientos de distintos personajes que dejar\u00e1n sus partidos pol\u00edticos<\/strong>&nbsp;para sumarse a otros diferentes, pero, tambi\u00e9n, habr\u00e1 una serie de cambios<strong>&nbsp;en el gabinete de AMLO&nbsp;<\/strong>ante el surgimiento de pol\u00e9micas en las que algunos de sus funcionarios cercanos perder\u00e1n la confianza del mandatario.<\/p>\n\n\n\n<p>Un grupo de estos personajes ser\u00e1 se\u00f1alado por presuntamente haber traicionado los principios impuestos por la administraci\u00f3n federal, lo que aumentar\u00e1 el<strong>&nbsp;nerviosismo al interior del primer c\u00edrculo presidencial.<\/strong><\/p>\n\n\n\n<p><strong>Desastres naturales y problemas estructurales<\/strong>PlayLos desastres naturales en 2022 estar\u00e1n principalmente ligados al elemento agua. (Video: Infobae)<\/p>\n\n\n\n<p>Los&nbsp;<strong>desastres naturales tambi\u00e9n ser\u00e1n una constante<\/strong>&nbsp;en el a\u00f1o que est\u00e1 por comenzar. La sequ\u00eda, huracanes y sismos ser\u00e1n eventos cotidianos para los que los ciudadanos deber\u00e1n estar preparados.<\/p>\n\n\n\n<p>\u201cPuede haber algunos cataclismos a lo largo del a\u00f1o, sobre todo nos&nbsp;<strong>est\u00e1 indicando mucho la cuesti\u00f3n del agua<\/strong>\u2026 hay mucho v\u00ednculo con respecto a cataclismos con el agua, o sea, puede haber como cuestiones aqu\u00ed de inundaciones como que se viene un periodo de huracanes que puede llegar a impactar en nuestra econom\u00eda,\u201d, dijo.<\/p>\n\n\n\n<p>Augur\u00f3 que gran parte de las afectaciones que dejar\u00e1n los desastres naturales&nbsp;<strong>ser\u00e1 consecuencia de la falta de recursos para invertir en la prevenci\u00f3n y de errores&nbsp;<\/strong>que se han venido acumulando a lo largo de los a\u00f1os en el tema de infraestructura, principalmente, en la Ciudad de M\u00e9xico, donde advirti\u00f3 que se debe poner especial atenci\u00f3n en el mantenimiento de la red de transporte p\u00fablico.PlayLa recomendaci\u00f3n para la Ciudad de M\u00e9xico es que sus autoridades pongan especial cuidado en la red de transporte p\u00fablico. (Video: Infobae)<\/p>\n\n\n\n<p>\u201cCon respecto a la cuesti\u00f3n como de&nbsp;<strong>terremotos y cuestiones como de tierra, las cartas s\u00ed nos est\u00e1n indicando como un periodo de cuidado&nbsp;<\/strong>sobre todo lo que es de mayo a septiembre\u201d, expres\u00f3.<\/p>\n\n\n\n<p>En el tema de&nbsp;<strong>desastres naturales, consider\u00f3 que se intensificar\u00e1n hacia los meses de mayo hasta noviembre<\/strong>, tambi\u00e9n advirti\u00f3 una fuerte temporada de sequ\u00eda entre marzo y julio en las zonas norte y centro de M\u00e9xico, la cual generar\u00e1 un fuerte desabasto de agua que obligar\u00e1 a las autoridades a realizar una fuerte inversi\u00f3n en infraestructura.<\/p>\n\n\n\n<p><strong>Divisi\u00f3n en el narco<\/strong><\/p>\n\n\n\n<p>En materia de seguridad, las predicciones indican que&nbsp;<strong>el 2022 estar\u00e1 marcado por una fragmentaci\u00f3n en el mundo del narco que llevar\u00e1 al surgimiento de nuevos cabecillas del crimen organizado<\/strong>, nuevas alianzas y a un repunte de la violencia en la zona sur del pa\u00eds hacia el segundo semestre.<\/p>\n\n\n\n<p>\u201cAqu\u00ed nos habla como de que<strong>&nbsp;se puede llegar a retirar cierto jefe<\/strong>\u201d, esto llevar\u00eda a relajar la vigilancia en las zonas centro y norte del pa\u00eds, \u201clo que puede reducir los niveles de violencia, sobre todo en la primera mitad del a\u00f1o\u201d.<\/p>\n\n\n\n<p>En el campo de la delincuencia com\u00fan, Valenzzo expres\u00f3 que&nbsp;<strong>las polic\u00edas se ver\u00e1n rebasadas<\/strong>&nbsp;y ser\u00e1n los ciudadanos quienes se organicen en sus colonias para disminuir los \u00edndices de delitos como asaltos, pero despu\u00e9s de haber atravesado por \u201cun mal periodo\u201d.<\/p>\n\n\n\n<p>\u201cAqu\u00ed habla de que&nbsp;<strong>la misma polic\u00eda no ser\u00e1 eficiente<\/strong>, sino m\u00e1s bien nos habla de la sociedad. Es la que empieza a tener un poco m\u00e1s de responsabilidad. Entonces puede ayudar a reducir un poco, pero estos despu\u00e9s de un mal periodo\u2026hay muchos polic\u00edas y hay muchas cosas, pero no est\u00e1n siendo completamente eficientes.\u201d<\/p>\n\n\n\n<p>Augur\u00f3 que el 2022 ser\u00e1 en general un a\u00f1o en el que se ver\u00e1n las primeras transformaciones en el mundo post pandemia, pero en el que tambi\u00e9n M\u00e9xico tendr\u00e1 que aprender a ver hacia el futuro.<\/p>\n\n\n\n<p>Fuente: https:\/\/www.infobae.com\/america\/mexico\/2021\/12\/21\/caos-politico-covid-19-el-retiro-de-un-capo-y-nuevos-aliados-que-le-espera-a-mexico-en-2022\/<\/p>\n","protected":false},"excerpt":{"rendered":"<p>El pa\u00eds atravesar\u00e1 por una serie de situaciones que indican transformaciones en los \u00e1mbitos econ\u00f3mico, pol\u00edtico y de seguridad. Pero [&hellip;]<\/p>\n","protected":false},"author":1,"featured_media":17992,"comment_status":"open","ping_status":"open","sticky":false,"template":"","format":"standard","meta":{"site-sidebar-layout":"default","site-content-layout":"","ast-site-content-layout":"default","site-content-style":"default","site-sidebar-style":"default","ast-global-header-display":"","ast-banner-title-visibility":"","ast-main-header-display":"","ast-hfb-above-header-display":"","ast-hfb-below-header-display":"","ast-hfb-mobile-header-display":"","site-post-title":"","ast-breadcrumbs-content":"","ast-featured-img":"","footer-sml-layout":"","theme-transparent-header-meta":"","adv-header-id-meta":"","stick-header-meta":"","header-above-stick-meta":"","header-main-stick-meta":"","header-below-stick-meta":"","astra-migrate-meta-layouts":"default","ast-page-background-enabled":"default","ast-page-background-meta":{"desktop":{"background-color":"var(--ast-global-color-4)","background-image":"","background-repeat":"repeat","background-position":"center center","background-size":"auto","background-attachment":"scroll","background-type":"","background-media":"","overlay-type":"","overlay-color":"","overlay-opacity":"","overlay-gradient":""},"tablet":{"background-color":"","background-image":"","background-repeat":"repeat","background-position":"center center","background-size":"auto","background-attachment":"scroll","background-type":"","background-media":"","overlay-type":"","overlay-color":"","overlay-opacity":"","overlay-gradient":""},"mobile":{"background-color":"","background-image":"","background-repeat":"repeat","background-position":"center center","background-size":"auto","background-attachment":"scroll","background-type":"","background-media":"","overlay-type":"","overlay-color":"","overlay-opacity":"","overlay-gradient":""}},"ast-content-background-meta":{"desktop":{"background-color":"var(--ast-global-color-5)","background-image":"","background-repeat":"repeat","background-position":"center center","background-size":"auto","background-attachment":"scroll","background-type":"","background-media":"","overlay-type":"","overlay-color":"","overlay-opacity":"","overlay-gradient":""},"tablet":{"background-color":"var(--ast-global-color-5)","background-image":"","background-repeat":"repeat","background-position":"center center","background-size":"auto","background-attachment":"scroll","background-type":"","background-media":"","overlay-type":"","overlay-color":"","overlay-opacity":"","overlay-gradient":""},"mobile":{"background-color":"var(--ast-global-color-5)","background-image":"","background-repeat":"repeat","background-position":"center center","background-size":"auto","background-attachment":"scroll","background-type":"","background-media":"","overlay-type":"","overlay-color":"","overlay-opacity":"","overlay-gradient":""}},"footnotes":""},"categories":[8],"tags":[6306,6307],"class_list":["post-17991","post","type-post","status-publish","format-standard","has-post-thumbnail","hentry","category-noticias","tag-grace-valenzzo","tag-predicciones-mexico-2022"],"_links":{"self":[{"href":"https:\/\/losperiodistas.com.mx\/portal\/wp-json\/wp\/v2\/posts\/17991","targetHints":{"allow":["GET"]}}],"collection":[{"href":"https:\/\/losperiodistas.com.mx\/portal\/wp-json\/wp\/v2\/posts"}],"about":[{"href":"https:\/\/losperiodistas.com.mx\/portal\/wp-json\/wp\/v2\/types\/post"}],"author":[{"embeddable":true,"href":"https:\/\/losperiodistas.com.mx\/portal\/wp-json\/wp\/v2\/users\/1"}],"replies":[{"embeddable":true,"href":"https:\/\/losperiodistas.com.mx\/portal\/wp-json\/wp\/v2\/comments?post=17991"}],"version-history":[{"count":1,"href":"https:\/\/losperiodistas.com.mx\/portal\/wp-json\/wp\/v2\/posts\/17991\/revisions"}],"predecessor-version":[{"id":17993,"href":"https:\/\/losperiodistas.com.mx\/portal\/wp-json\/wp\/v2\/posts\/17991\/revisions\/17993"}],"wp:featuredmedia":[{"embeddable":true,"href":"https:\/\/losperiodistas.com.mx\/portal\/wp-json\/wp\/v2\/media\/17992"}],"wp:attachment":[{"href":"https:\/\/losperiodistas.com.mx\/portal\/wp-json\/wp\/v2\/media?parent=17991"}],"wp:term":[{"taxonomy":"category","embeddable":true,"href":"https:\/\/losperiodistas.com.mx\/portal\/wp-json\/wp\/v2\/categories?post=17991"},{"taxonomy":"post_tag","embeddable":true,"href":"https:\/\/losperiodistas.com.mx\/portal\/wp-json\/wp\/v2\/tags?post=17991"}],"curies":[{"name":"wp","href":"https:\/\/api.w.org\/{rel}","templated":true}]}}