{"id":17985,"date":"2021-12-22T06:10:28","date_gmt":"2021-12-22T12:10:28","guid":{"rendered":"http:\/\/losperiodistas.com.mx\/portal\/?p=17985"},"modified":"2021-12-22T06:10:29","modified_gmt":"2021-12-22T12:10:29","slug":"panistas-batean-a-augusta-rechazan-nuevo-lider-en-el-congreso-e-consulta","status":"publish","type":"post","link":"https:\/\/losperiodistas.com.mx\/portal\/panistas-batean-a-augusta-rechazan-nuevo-lider-en-el-congreso-e-consulta\/","title":{"rendered":"Panistas batean a Augusta: rechazan nuevo l\u00edder en el Congreso | e-Consulta"},"content":{"rendered":"\n<p style=\"font-size:18px\"><em>Legisladores panistas prefieren continuar con Eduardo Alc\u00e1ntara como coordinador de la bancada<\/em><\/p>\n\n\n\n<p><\/p>\n\n\n\n<figure class=\"wp-block-image size-large\"><img fetchpriority=\"high\" decoding=\"async\" width=\"1024\" height=\"675\" src=\"https:\/\/losperiodistas.com.mx\/portal\/wp-content\/uploads\/2021\/12\/Captura-de-Pantalla-2021-12-22-a-las-6.06.22-1024x675.png\" alt=\"\" class=\"wp-image-17986\" srcset=\"https:\/\/losperiodistas.com.mx\/portal\/wp-content\/uploads\/2021\/12\/Captura-de-Pantalla-2021-12-22-a-las-6.06.22-1024x675.png 1024w, https:\/\/losperiodistas.com.mx\/portal\/wp-content\/uploads\/2021\/12\/Captura-de-Pantalla-2021-12-22-a-las-6.06.22-300x198.png 300w, https:\/\/losperiodistas.com.mx\/portal\/wp-content\/uploads\/2021\/12\/Captura-de-Pantalla-2021-12-22-a-las-6.06.22-768x506.png 768w, https:\/\/losperiodistas.com.mx\/portal\/wp-content\/uploads\/2021\/12\/Captura-de-Pantalla-2021-12-22-a-las-6.06.22.png 1172w\" sizes=\"(max-width: 1024px) 100vw, 1024px\" \/><figcaption><em>Foto \/ Agencia Enfoque<\/em><\/figcaption><\/figure>\n\n\n\n<p class=\"has-vivid-cyan-blue-color has-text-color has-medium-font-size\">MARIANA SALINAS \/ E-CONSULTA<\/p>\n\n\n\n<p>Aunque la nueva dirigencia PAN en Puebla encabezada por&nbsp;<strong>Augusta D\u00edaz de Rivera Hern\u00e1ndez&nbsp;<\/strong>ya analiza cambiar la coordinaci\u00f3n de la bancada en el Congreso local, legisladores panistas consideran que&nbsp;<strong>no es momento de un nuevo nombramiento.<\/strong><\/p>\n\n\n\n<p>En entrevista para e-consulta la diputada&nbsp;<strong>Aurora Sierra Rodr\u00edguez&nbsp;<\/strong>explic\u00f3 que el proceso interno&nbsp;<strong>desgast\u00f3 a la militancia,<\/strong>&nbsp;as\u00ed que antes de un \u201crevanchismo\u201d se debe&nbsp;<strong>reconciliar al partido.<\/strong><\/p>\n\n\n\n<p>\u201cAntes de cambiarlo primero instar\u00eda a que se deje de lado el revanchismo y se apegue a la&nbsp;<strong>institucionalidad que ha profesado la nueva dirigencia<\/strong>\u201d, sentenci\u00f3.<\/p>\n\n\n\n<p>Aurora Sierra recrimin\u00f3 que la nueva dirigencia tom\u00f3 protesta el lunes&nbsp;<strong>sin invitar a la bancada local,&nbsp;<\/strong>lo cual no demuestra la institucionalidad.<\/p>\n\n\n\n<p>\u201cPor una parte hay facultades, pero&nbsp;<strong>si no tiene las atenciones adecuadas&nbsp;<\/strong>ser\u00eda pol\u00edticamente incorrecto pensar que por default podr\u00edan quitar al coordinador, pues&nbsp;<strong>tambi\u00e9n compete a los compa\u00f1eros&nbsp;<\/strong>de la bancada del partido.&nbsp;<strong>Lo veo poco probable&nbsp;<\/strong>porque no tienen las atenciones adecuadas\u201d, advirti\u00f3.<\/p>\n\n\n\n<p>Aunque no defendi\u00f3 al actual coordinador\u00a0<strong>Eduardo Alc\u00e1ntara Montiel<\/strong>, asegur\u00f3 que D\u00edaz de Rivera inici\u00f3 su gesti\u00f3n\u00a0<strong>excluyendo a liderazgos\u00a0<\/strong>solo porque no son afines a ella.<\/p>\n\n\n\n<p><strong>Rechazan relevo<\/strong><\/p>\n\n\n\n<p>El diputado local&nbsp;<strong>Oswaldo Jim\u00e9nez<\/strong>&nbsp;<strong>L\u00f3pez<\/strong>&nbsp;asegur\u00f3 por su parte que no es necesario un cambio de coordinaci\u00f3n del grupo legislativo, e incluso alert\u00f3 que&nbsp;<strong>ser\u00eda inviable.<\/strong><\/p>\n\n\n\n<p>\u201cYo creo que no es necesario, creo que estamos funcionando bien con Eduardo Alc\u00e1ntara y no&nbsp;<strong>creo que sea viable a corto plazo\u201d<\/strong>, se\u00f1al\u00f3.<\/p>\n\n\n\n<p><strong>M\u00f3nica Rodr\u00edguez Della Vecchia&nbsp;<\/strong>consider\u00f3 a si vez que&nbsp;<strong>no es un buen momento para discutirlo<\/strong>, adem\u00e1s es una idea que debe de socializarse entre la bancada, ya que para hacer un cambio se necesita&nbsp;<strong>suscribir un acuerdo&nbsp;<\/strong>en donde la mayor\u00eda de integrantes&nbsp;<strong>avalen el nuevo nombramiento.<\/strong><\/p>\n\n\n\n<p>\u201cNo es momento para discutirlo hasta que realmente est\u00e9 pasando y para el cambio de coordinador se necesita la mitad m\u00e1s uno de la firma de los diputados\u201d, agreg\u00f3.<\/p>\n\n\n\n<p>Augusta D\u00edaz y Marcos Castro trabajar\u00e1n en el periodo 2021-2024 tras la elecci\u00f3n interna del pasado 14 de noviembre; en entrevista la dirigente revel\u00f3 que ya valora cambiar la coordinaci\u00f3n, as\u00ed que analizar\u00e1 el perfil de quienes integran la fracci\u00f3n panista en el Congreso.<\/p>\n\n\n\n<p>Y es que Eduardo Alc\u00e1ntara lleg\u00f3 como uno de los perfiles que comparten afinidad con la ex dirigente estatal, Genoveva Huerta Villegas que perdi\u00f3 en las urnas la posibilidad de la reelecci\u00f3n.<\/p>\n\n\n\n<p>Fuente: https:\/\/www.e-consulta.com\/nota\/2021-12-21\/politica\/panistas-batean-augusta-rechazan-nuevo-lider-en-el-congreso<\/p>\n","protected":false},"excerpt":{"rendered":"<p>Legisladores panistas prefieren continuar con Eduardo Alc\u00e1ntara como coordinador de la bancada MARIANA SALINAS \/ E-CONSULTA Aunque la nueva dirigencia [&hellip;]<\/p>\n","protected":false},"author":1,"featured_media":17986,"comment_status":"open","ping_status":"open","sticky":false,"template":"","format":"standard","meta":{"site-sidebar-layout":"default","site-content-layout":"","ast-site-content-layout":"default","site-content-style":"default","site-sidebar-style":"default","ast-global-header-display":"","ast-banner-title-visibility":"","ast-main-header-display":"","ast-hfb-above-header-display":"","ast-hfb-below-header-display":"","ast-hfb-mobile-header-display":"","site-post-title":"","ast-breadcrumbs-content":"","ast-featured-img":"","footer-sml-layout":"","theme-transparent-header-meta":"","adv-header-id-meta":"","stick-header-meta":"","header-above-stick-meta":"","header-main-stick-meta":"","header-below-stick-meta":"","astra-migrate-meta-layouts":"default","ast-page-background-enabled":"default","ast-page-background-meta":{"desktop":{"background-color":"var(--ast-global-color-4)","background-image":"","background-repeat":"repeat","background-position":"center center","background-size":"auto","background-attachment":"scroll","background-type":"","background-media":"","overlay-type":"","overlay-color":"","overlay-opacity":"","overlay-gradient":""},"tablet":{"background-color":"","background-image":"","background-repeat":"repeat","background-position":"center center","background-size":"auto","background-attachment":"scroll","background-type":"","background-media":"","overlay-type":"","overlay-color":"","overlay-opacity":"","overlay-gradient":""},"mobile":{"background-color":"","background-image":"","background-repeat":"repeat","background-position":"center center","background-size":"auto","background-attachment":"scroll","background-type":"","background-media":"","overlay-type":"","overlay-color":"","overlay-opacity":"","overlay-gradient":""}},"ast-content-background-meta":{"desktop":{"background-color":"var(--ast-global-color-5)","background-image":"","background-repeat":"repeat","background-position":"center center","background-size":"auto","background-attachment":"scroll","background-type":"","background-media":"","overlay-type":"","overlay-color":"","overlay-opacity":"","overlay-gradient":""},"tablet":{"background-color":"var(--ast-global-color-5)","background-image":"","background-repeat":"repeat","background-position":"center center","background-size":"auto","background-attachment":"scroll","background-type":"","background-media":"","overlay-type":"","overlay-color":"","overlay-opacity":"","overlay-gradient":""},"mobile":{"background-color":"var(--ast-global-color-5)","background-image":"","background-repeat":"repeat","background-position":"center center","background-size":"auto","background-attachment":"scroll","background-type":"","background-media":"","overlay-type":"","overlay-color":"","overlay-opacity":"","overlay-gradient":""}},"footnotes":""},"categories":[8],"tags":[4710,6302,4659,4612,2331],"class_list":["post-17985","post","type-post","status-publish","format-standard","has-post-thumbnail","hentry","category-noticias","tag-augusta-diaz-de-rivera","tag-dip-aurora-sierra-rodriguez","tag-eduardo-alcantara-montiel","tag-oswaldo-jimenez-lopez","tag-pan-puebla"],"_links":{"self":[{"href":"https:\/\/losperiodistas.com.mx\/portal\/wp-json\/wp\/v2\/posts\/17985","targetHints":{"allow":["GET"]}}],"collection":[{"href":"https:\/\/losperiodistas.com.mx\/portal\/wp-json\/wp\/v2\/posts"}],"about":[{"href":"https:\/\/losperiodistas.com.mx\/portal\/wp-json\/wp\/v2\/types\/post"}],"author":[{"embeddable":true,"href":"https:\/\/losperiodistas.com.mx\/portal\/wp-json\/wp\/v2\/users\/1"}],"replies":[{"embeddable":true,"href":"https:\/\/losperiodistas.com.mx\/portal\/wp-json\/wp\/v2\/comments?post=17985"}],"version-history":[{"count":1,"href":"https:\/\/losperiodistas.com.mx\/portal\/wp-json\/wp\/v2\/posts\/17985\/revisions"}],"predecessor-version":[{"id":17987,"href":"https:\/\/losperiodistas.com.mx\/portal\/wp-json\/wp\/v2\/posts\/17985\/revisions\/17987"}],"wp:featuredmedia":[{"embeddable":true,"href":"https:\/\/losperiodistas.com.mx\/portal\/wp-json\/wp\/v2\/media\/17986"}],"wp:attachment":[{"href":"https:\/\/losperiodistas.com.mx\/portal\/wp-json\/wp\/v2\/media?parent=17985"}],"wp:term":[{"taxonomy":"category","embeddable":true,"href":"https:\/\/losperiodistas.com.mx\/portal\/wp-json\/wp\/v2\/categories?post=17985"},{"taxonomy":"post_tag","embeddable":true,"href":"https:\/\/losperiodistas.com.mx\/portal\/wp-json\/wp\/v2\/tags?post=17985"}],"curies":[{"name":"wp","href":"https:\/\/api.w.org\/{rel}","templated":true}]}}