{"id":17980,"date":"2021-12-21T19:47:22","date_gmt":"2021-12-22T01:47:22","guid":{"rendered":"http:\/\/losperiodistas.com.mx\/portal\/?p=17980"},"modified":"2021-12-21T19:47:24","modified_gmt":"2021-12-22T01:47:24","slug":"existe-un-santo-patrono-de-la-cerveza","status":"publish","type":"post","link":"https:\/\/losperiodistas.com.mx\/portal\/existe-un-santo-patrono-de-la-cerveza\/","title":{"rendered":"Existe un Santo Patrono de la Cerveza"},"content":{"rendered":"\n<p style=\"font-size:22px\">*San Arnulfo promov\u00eda ingerirla para evitar la peste y la muerte en los a\u00f1os 600<\/p>\n\n\n\n<p><\/p>\n\n\n\n<figure class=\"wp-block-image size-large\"><img fetchpriority=\"high\" decoding=\"async\" width=\"480\" height=\"268\" src=\"https:\/\/losperiodistas.com.mx\/portal\/wp-content\/uploads\/2021\/12\/El-Santo-Patrono-de-la-cerveza-1.jpeg\" alt=\"\" class=\"wp-image-17981\" srcset=\"https:\/\/losperiodistas.com.mx\/portal\/wp-content\/uploads\/2021\/12\/El-Santo-Patrono-de-la-cerveza-1.jpeg 480w, https:\/\/losperiodistas.com.mx\/portal\/wp-content\/uploads\/2021\/12\/El-Santo-Patrono-de-la-cerveza-1-300x168.jpeg 300w\" sizes=\"(max-width: 480px) 100vw, 480px\" \/><\/figure>\n\n\n\n<p class=\"has-vivid-cyan-blue-color has-text-color\" style=\"font-size:26px\"><strong><em>Por Ra\u00fal Torres Salmer\u00f3n<\/em><\/strong><\/p>\n\n\n\n<p>Si usted es cat\u00f3lico, \u00bfsab\u00eda de la existencia de un santo de la cerveza y de los cerveceros? Se trata de San Arnulfo de Metz que la Iglesia Cat\u00f3lica celebra el 18 de julio.<\/p>\n\n\n\n<p>La historia est\u00e1 a cargo del Padre Jos\u00e9 de Jes\u00fas Aguilar, Subdirector de Radio y Televisi\u00f3n de la Arquidi\u00f3cesis de M\u00e9xico, quien public\u00f3 un video que relata la historia de San Arnulfo de Metz, una ciudad francesa y quien es el Santo Patrono de la Cerveza.<\/p>\n\n\n\n<p>De acuerdo a la Agencia Cat\u00f3lica de Informaciones (ACI Prensa), esta es la historia que cont\u00f3 el Padre Aguilar:<\/p>\n\n\n\n<p>-San Arnulfo o Arnoldo de Metz no es patrono de la embriaguez o los borrachos porque eso no tiene nada de santidad. De hecho la embriaguez es parte del pecado de gula, uno de los siete pecados capitales.<\/p>\n\n\n\n<p>-Durante cierta \u00e9poca la gente utilizaba los r\u00edos como basureros e incluso la gente lanzaba cad\u00e1veres de personas y animales por lo que tomar agua de los r\u00edos llegaba a ocasionar la muerte.<\/p>\n\n\n\n<p>-Por eso y para prevenir enfermedades y la peste, el Santo predicaba sobre el peligro de tomar agua en aquella \u00e9poca. En su lugar recomendaba tomar cerveza porque en aquella regi\u00f3n se elaboraba con mucha facilidad.<\/p>\n\n\n\n<p>-En el a\u00f1o 627 San Arnulfo se retir\u00f3 a un monasterio cerca de Remiremont, a 126 kil\u00f3metros de Metz, Francia, donde muri\u00f3 el 18 de julio alrededor del a\u00f1o 640. Un a\u00f1o m\u00e1s tarde, los ciudadanos de Metz pidieron que su cuerpo fuera exhumado y llevado a su ciudad para enterrarlo en su iglesia local en la cual predicaba las virtudes de la cerveza.<\/p>\n\n\n\n<p>-Seg\u00fan la tradici\u00f3n, durante el viaje, largo y agotador, los fieles se detuvieron para comprar cerveza pero quedaba muy poca, algunos dicen que solo hab\u00eda un tarro que ten\u00edan que compartir y sin embargo la cerveza alcanz\u00f3 para satisfacer la sed de todos.<\/p>\n\n\n\n<p>-A esto se le conoce como el milagro de la cerveza y es la raz\u00f3n por la que se considera a San Arnulfo el Santo Patr\u00f3n de los cerveceros y la cerveza.<\/p>\n\n\n\n<p>LA BIOGRAF\u00cdA DEL SANTO<\/p>\n\n\n\n<p>San Arnulfo o Arnoldo naci\u00f3 en Austria alrededor del a\u00f1o 580 en una familia acomodada. En su juventud entr\u00f3 al servicio de la corte bajo Brunegilda y luego del rey Teodoberto II quien lo incluy\u00f3 en la lista regular de oficiales reales, fue comandante militar y tuvo seis provincias bajo su cuidado.<\/p>\n\n\n\n<p>Pas\u00f3 30 a\u00f1os en Metz, durante el periodo de los reyes merovingios. En el a\u00f1o 612 renunci\u00f3 a todos sus cargos y pese a estar casado y tener dos hijos lleg\u00f3 a ser Obispo de Metz, algo que no era inusual en la \u00e9poca ya que el poder civil iba muy de la mano con la jerarqu\u00eda eclesial.<\/p>\n\n\n\n<p>San Arnulfo tambi\u00e9n es venerado como santo en la Iglesia Ortodoxa.<\/p>\n\n\n\n<p>En fin, como escribi\u00f3 Evaristo Carriego (Argentina, 1883-1912), en su poema Una Sorpresa:<\/p>\n\n\n\n<p>Y como un viejo, ahora, me he llamado<\/p>\n\n\n\n<p>a quietud, y a excepci\u00f3n \u00a1siempre el pasado! \u0097<\/p>\n\n\n\n<p>de uno que otro recuerdo que en la frente<\/p>\n\n\n\n<p>me pone alguna arruga de tristeza<\/p>\n\n\n\n<p>no me puedo quejar: tranquilamente<\/p>\n\n\n\n<p>fumo mi pipa y bebo mi cerveza.<\/p>\n\n\n\n<p>raultorress@hotmail.com<\/p>\n","protected":false},"excerpt":{"rendered":"<p>*San Arnulfo promov\u00eda ingerirla para evitar la peste y la muerte en los a\u00f1os 600 Por Ra\u00fal Torres Salmer\u00f3n Si [&hellip;]<\/p>\n","protected":false},"author":1,"featured_media":17981,"comment_status":"open","ping_status":"open","sticky":false,"template":"","format":"standard","meta":{"site-sidebar-layout":"default","site-content-layout":"","ast-site-content-layout":"default","site-content-style":"default","site-sidebar-style":"default","ast-global-header-display":"","ast-banner-title-visibility":"","ast-main-header-display":"","ast-hfb-above-header-display":"","ast-hfb-below-header-display":"","ast-hfb-mobile-header-display":"","site-post-title":"","ast-breadcrumbs-content":"","ast-featured-img":"","footer-sml-layout":"","theme-transparent-header-meta":"","adv-header-id-meta":"","stick-header-meta":"","header-above-stick-meta":"","header-main-stick-meta":"","header-below-stick-meta":"","astra-migrate-meta-layouts":"default","ast-page-background-enabled":"default","ast-page-background-meta":{"desktop":{"background-color":"var(--ast-global-color-4)","background-image":"","background-repeat":"repeat","background-position":"center center","background-size":"auto","background-attachment":"scroll","background-type":"","background-media":"","overlay-type":"","overlay-color":"","overlay-opacity":"","overlay-gradient":""},"tablet":{"background-color":"","background-image":"","background-repeat":"repeat","background-position":"center center","background-size":"auto","background-attachment":"scroll","background-type":"","background-media":"","overlay-type":"","overlay-color":"","overlay-opacity":"","overlay-gradient":""},"mobile":{"background-color":"","background-image":"","background-repeat":"repeat","background-position":"center center","background-size":"auto","background-attachment":"scroll","background-type":"","background-media":"","overlay-type":"","overlay-color":"","overlay-opacity":"","overlay-gradient":""}},"ast-content-background-meta":{"desktop":{"background-color":"var(--ast-global-color-5)","background-image":"","background-repeat":"repeat","background-position":"center center","background-size":"auto","background-attachment":"scroll","background-type":"","background-media":"","overlay-type":"","overlay-color":"","overlay-opacity":"","overlay-gradient":""},"tablet":{"background-color":"var(--ast-global-color-5)","background-image":"","background-repeat":"repeat","background-position":"center center","background-size":"auto","background-attachment":"scroll","background-type":"","background-media":"","overlay-type":"","overlay-color":"","overlay-opacity":"","overlay-gradient":""},"mobile":{"background-color":"var(--ast-global-color-5)","background-image":"","background-repeat":"repeat","background-position":"center center","background-size":"auto","background-attachment":"scroll","background-type":"","background-media":"","overlay-type":"","overlay-color":"","overlay-opacity":"","overlay-gradient":""}},"footnotes":""},"categories":[8,19],"tags":[6300,6301],"class_list":["post-17980","post","type-post","status-publish","format-standard","has-post-thumbnail","hentry","category-noticias","category-sin-limites-2","tag-san-arnulfo-de-metz","tag-santo-patrono-de-la-cerveza"],"_links":{"self":[{"href":"https:\/\/losperiodistas.com.mx\/portal\/wp-json\/wp\/v2\/posts\/17980","targetHints":{"allow":["GET"]}}],"collection":[{"href":"https:\/\/losperiodistas.com.mx\/portal\/wp-json\/wp\/v2\/posts"}],"about":[{"href":"https:\/\/losperiodistas.com.mx\/portal\/wp-json\/wp\/v2\/types\/post"}],"author":[{"embeddable":true,"href":"https:\/\/losperiodistas.com.mx\/portal\/wp-json\/wp\/v2\/users\/1"}],"replies":[{"embeddable":true,"href":"https:\/\/losperiodistas.com.mx\/portal\/wp-json\/wp\/v2\/comments?post=17980"}],"version-history":[{"count":1,"href":"https:\/\/losperiodistas.com.mx\/portal\/wp-json\/wp\/v2\/posts\/17980\/revisions"}],"predecessor-version":[{"id":17982,"href":"https:\/\/losperiodistas.com.mx\/portal\/wp-json\/wp\/v2\/posts\/17980\/revisions\/17982"}],"wp:featuredmedia":[{"embeddable":true,"href":"https:\/\/losperiodistas.com.mx\/portal\/wp-json\/wp\/v2\/media\/17981"}],"wp:attachment":[{"href":"https:\/\/losperiodistas.com.mx\/portal\/wp-json\/wp\/v2\/media?parent=17980"}],"wp:term":[{"taxonomy":"category","embeddable":true,"href":"https:\/\/losperiodistas.com.mx\/portal\/wp-json\/wp\/v2\/categories?post=17980"},{"taxonomy":"post_tag","embeddable":true,"href":"https:\/\/losperiodistas.com.mx\/portal\/wp-json\/wp\/v2\/tags?post=17980"}],"curies":[{"name":"wp","href":"https:\/\/api.w.org\/{rel}","templated":true}]}}