{"id":17977,"date":"2021-12-21T19:45:04","date_gmt":"2021-12-22T01:45:04","guid":{"rendered":"http:\/\/losperiodistas.com.mx\/portal\/?p=17977"},"modified":"2021-12-21T19:45:06","modified_gmt":"2021-12-22T01:45:06","slug":"la-tragedia-de-los-migrantes-en-mexico","status":"publish","type":"post","link":"https:\/\/losperiodistas.com.mx\/portal\/la-tragedia-de-los-migrantes-en-mexico\/","title":{"rendered":"La tragedia de los migrantes en M\u00e9xico"},"content":{"rendered":"\n<p class=\"has-vivid-cyan-blue-color has-text-color\" style=\"font-size:26px\"><strong><em>Por Dr. Carlos Figueroa Ibarra<\/em><\/strong><\/p>\n\n\n\n<p>El lunes 13 de diciembre del presente a\u00f1o, recib\u00ed&nbsp;<strong>llamadas<\/strong>&nbsp;demandando mi intervenci\u00f3n como&nbsp;<strong>secretario Nacional de Derechos Humanos<\/strong>&nbsp;de&nbsp;<strong>Morena<\/strong>, ante una injusticia contra&nbsp;<strong>migrantes&nbsp;<\/strong>en la&nbsp;<strong>ciudad de Puebla<\/strong>. Acontec\u00eda que un grupo de 16 nicarag\u00fcenses, venezolanos y cubanos -entre ellos dos beb\u00e9s- hab\u00edan sido expulsados del albergue instalado en el&nbsp;<strong>Deportivo de Xonaca<\/strong>. La acci\u00f3n inhumana fue cometida por una funcionaria menor de la delegaci\u00f3n del&nbsp;<strong>Instituto Nacional de Migraci\u00f3n&nbsp;<\/strong>en Puebla, aduciendo que c\u00f3mo no ven\u00edan en la caravana de migrantes que reci\u00e9n hab\u00eda arribado a la ciudad no ten\u00edan derecho a una&nbsp;<strong>visa humanitaria<\/strong>.<\/p>\n\n\n\n<p>Eran los ocho de la noche de una fr\u00eda noche de diciembre y el&nbsp;<strong>grupo de migrantes<\/strong>&nbsp;repentinamente se vio sumido en una situaci\u00f3n de calle. Una evidente violaci\u00f3n a los&nbsp;<strong>derechos humanos<\/strong>&nbsp;cometida por una funcionaria estatal. Por fortuna el encargado del despacho de la delegaci\u00f3n del&nbsp;<strong>Instituto Nacional de Migraci\u00f3n<\/strong>, Fidel Gaona, fue sensible ante la solicitud presentada y aquellas infortunadas personas pudieron pasar la noche en un albergue y al d\u00eda siguiente se les concedi\u00f3 la&nbsp;<strong>visa humanitaria<\/strong>.<\/p>\n\n\n\n<p>Este hecho representativo de las penurias que sufren los migrantes ante las autoridades migratorias de M\u00e9xico, se une a la tr\u00e1gica muerte de&nbsp;<strong>54 migrantes&nbsp;<\/strong>(la mayor parte guatemaltecos) por un&nbsp;<strong>accidente del tr\u00e1iler<\/strong>&nbsp;en el que viajaban clandestinamente en las cercan\u00edas de Tuxtla Guti\u00e9rrez,&nbsp;<strong>estado de Chiapas<\/strong>.&nbsp; La tragedia que viven desde hace varios a\u00f1os los migrantes que cruzan el territorio mexicano, comprende adem\u00e1s secuestros, extorsiones y asesinatos por el&nbsp;<strong>crimen organizado<\/strong>, violaciones de seis de cada diez mujeres que atraviesan el pa\u00eds, muertes y mutilaciones accidentales en los viajes por tren, muertes en el desierto y los r\u00edos que se encuentran en la frontera norte, abusos de los&nbsp;<strong>traficantes de migrantes<\/strong>&nbsp;y muchas otras calamidades m\u00e1s. &nbsp;<\/p>\n\n\n\n<p>Justo es decir que el gobierno de&nbsp;<strong>Andr\u00e9s Manuel L\u00f3pez Obrador<\/strong>&nbsp;ha intentado resolver la crisis humanitaria; pero el caso relatado al principio de este art\u00edculo revela que una cosa es la&nbsp;<strong>voluntad pol\u00edtica<\/strong>&nbsp;desde arriba, y otra cosa es la&nbsp;<strong>operatividad<\/strong>&nbsp;de esa voluntad desde en medio y debajo de la escalera burocr\u00e1tica migratoria. Adem\u00e1s,&nbsp;<strong>M\u00e9xico<\/strong>&nbsp;se encuentra entre una marea provocada por los Estados fallidos del tri\u00e1ngulo norte de Centroam\u00e9rica, de Hait\u00ed y otros pa\u00edses, y las&nbsp;<strong>presiones estadounidenses<\/strong>&nbsp;para contener dicha marea. Pese a un cambio de discurso, el gobierno de Biden act\u00faa con lentitud para lograr que&nbsp;<strong>la Casa Blanca&nbsp;<\/strong>y el<strong>&nbsp;Capitolio&nbsp;<\/strong>logren un flujo financiero para ayudar a erradicar las&nbsp;<strong>causas sociales<\/strong>&nbsp;que provocan la estampida migratoria.<\/p>\n\n\n\n<p><strong>Miles de migrantes<\/strong>&nbsp;se encuentran estacionados en M\u00e9xico. A trav\u00e9s de las<strong>&nbsp;caravanas<\/strong>&nbsp;que transitan hacia el norte del pa\u00eds y las protestas que se observan en los albergues, se han convertido en un&nbsp;<strong>movimiento social<\/strong>. Mientras&nbsp;<strong>L\u00f3pez Obrador&nbsp;<\/strong>demanda a<strong>&nbsp;Estados Unidos<\/strong>&nbsp;y a la&nbsp;<strong>comunidad internacional<\/strong>&nbsp;programas de inversi\u00f3n y desarrollo para los pa\u00edses expulsores de migrantes, la indiferencia o morosidad para atender esta demanda acrecienta el drama de los migrantes. La crisis migratoria que estalla ahora en M\u00e9xico, revela la falencia neoliberal global.<\/p>\n","protected":false},"excerpt":{"rendered":"<p>Por Dr. Carlos Figueroa Ibarra El lunes 13 de diciembre del presente a\u00f1o, recib\u00ed&nbsp;llamadas&nbsp;demandando mi intervenci\u00f3n como&nbsp;secretario Nacional de Derechos [&hellip;]<\/p>\n","protected":false},"author":1,"featured_media":17978,"comment_status":"open","ping_status":"open","sticky":false,"template":"","format":"standard","meta":{"site-sidebar-layout":"default","site-content-layout":"","ast-site-content-layout":"default","site-content-style":"default","site-sidebar-style":"default","ast-global-header-display":"","ast-banner-title-visibility":"","ast-main-header-display":"","ast-hfb-above-header-display":"","ast-hfb-below-header-display":"","ast-hfb-mobile-header-display":"","site-post-title":"","ast-breadcrumbs-content":"","ast-featured-img":"","footer-sml-layout":"","theme-transparent-header-meta":"","adv-header-id-meta":"","stick-header-meta":"","header-above-stick-meta":"","header-main-stick-meta":"","header-below-stick-meta":"","astra-migrate-meta-layouts":"default","ast-page-background-enabled":"default","ast-page-background-meta":{"desktop":{"background-color":"var(--ast-global-color-4)","background-image":"","background-repeat":"repeat","background-position":"center center","background-size":"auto","background-attachment":"scroll","background-type":"","background-media":"","overlay-type":"","overlay-color":"","overlay-opacity":"","overlay-gradient":""},"tablet":{"background-color":"","background-image":"","background-repeat":"repeat","background-position":"center center","background-size":"auto","background-attachment":"scroll","background-type":"","background-media":"","overlay-type":"","overlay-color":"","overlay-opacity":"","overlay-gradient":""},"mobile":{"background-color":"","background-image":"","background-repeat":"repeat","background-position":"center center","background-size":"auto","background-attachment":"scroll","background-type":"","background-media":"","overlay-type":"","overlay-color":"","overlay-opacity":"","overlay-gradient":""}},"ast-content-background-meta":{"desktop":{"background-color":"var(--ast-global-color-5)","background-image":"","background-repeat":"repeat","background-position":"center center","background-size":"auto","background-attachment":"scroll","background-type":"","background-media":"","overlay-type":"","overlay-color":"","overlay-opacity":"","overlay-gradient":""},"tablet":{"background-color":"var(--ast-global-color-5)","background-image":"","background-repeat":"repeat","background-position":"center center","background-size":"auto","background-attachment":"scroll","background-type":"","background-media":"","overlay-type":"","overlay-color":"","overlay-opacity":"","overlay-gradient":""},"mobile":{"background-color":"var(--ast-global-color-5)","background-image":"","background-repeat":"repeat","background-position":"center center","background-size":"auto","background-attachment":"scroll","background-type":"","background-media":"","overlay-type":"","overlay-color":"","overlay-opacity":"","overlay-gradient":""}},"footnotes":""},"categories":[8,22],"tags":[3784],"class_list":["post-17977","post","type-post","status-publish","format-standard","has-post-thumbnail","hentry","category-noticias","category-opinion-invitada","tag-migrantes-mexico"],"_links":{"self":[{"href":"https:\/\/losperiodistas.com.mx\/portal\/wp-json\/wp\/v2\/posts\/17977","targetHints":{"allow":["GET"]}}],"collection":[{"href":"https:\/\/losperiodistas.com.mx\/portal\/wp-json\/wp\/v2\/posts"}],"about":[{"href":"https:\/\/losperiodistas.com.mx\/portal\/wp-json\/wp\/v2\/types\/post"}],"author":[{"embeddable":true,"href":"https:\/\/losperiodistas.com.mx\/portal\/wp-json\/wp\/v2\/users\/1"}],"replies":[{"embeddable":true,"href":"https:\/\/losperiodistas.com.mx\/portal\/wp-json\/wp\/v2\/comments?post=17977"}],"version-history":[{"count":1,"href":"https:\/\/losperiodistas.com.mx\/portal\/wp-json\/wp\/v2\/posts\/17977\/revisions"}],"predecessor-version":[{"id":17979,"href":"https:\/\/losperiodistas.com.mx\/portal\/wp-json\/wp\/v2\/posts\/17977\/revisions\/17979"}],"wp:featuredmedia":[{"embeddable":true,"href":"https:\/\/losperiodistas.com.mx\/portal\/wp-json\/wp\/v2\/media\/17978"}],"wp:attachment":[{"href":"https:\/\/losperiodistas.com.mx\/portal\/wp-json\/wp\/v2\/media?parent=17977"}],"wp:term":[{"taxonomy":"category","embeddable":true,"href":"https:\/\/losperiodistas.com.mx\/portal\/wp-json\/wp\/v2\/categories?post=17977"},{"taxonomy":"post_tag","embeddable":true,"href":"https:\/\/losperiodistas.com.mx\/portal\/wp-json\/wp\/v2\/tags?post=17977"}],"curies":[{"name":"wp","href":"https:\/\/api.w.org\/{rel}","templated":true}]}}