{"id":17965,"date":"2021-12-21T19:40:37","date_gmt":"2021-12-22T01:40:37","guid":{"rendered":"http:\/\/losperiodistas.com.mx\/portal\/?p=17965"},"modified":"2021-12-21T19:40:39","modified_gmt":"2021-12-22T01:40:39","slug":"en-defensa-del-ine","status":"publish","type":"post","link":"https:\/\/losperiodistas.com.mx\/portal\/en-defensa-del-ine\/","title":{"rendered":"En defensa del INE"},"content":{"rendered":"\n<p class=\"has-vivid-cyan-blue-color has-text-color\" style=\"font-size:26px\"><strong><em>Por Humberto Aguilar Coronado<\/em><\/strong><\/p>\n\n\n\n<p>El martes de la semana pasada escrib\u00ed mi columna advirtiendo que segu\u00eda el acoso, desde la presidencia de la rep\u00fablica, a los organismos constitucionales aut\u00f3nomos, en esa terca idea de que el presidente no tenga contrapesos para poder ejercer el poder a su modo.<\/p>\n\n\n\n<p>No paso mucho tiempo para que se desatara una feroz embestida en contra del Instituto Nacional Electoral por asumir con responsabilidad y seriedad el ejercicio de sus funciones.<\/p>\n\n\n\n<p>El viernes en sesi\u00f3n extraordinaria del Consejo General de INE, se decidi\u00f3 por mayor\u00eda, posponer algunas etapas de la organizaci\u00f3n del proceso de revocaci\u00f3n de mandato que le corresponde al propio instituto, por la falta de recursos suficientes para poderlo llevar a cabo con apego a los principios rectores constitucionales que obligan a su ejercicio.<\/p>\n\n\n\n<p>El acuerdo del Consejo General, por lo menos tiene que ser considerado como un acto de responsabilidad, dignidad pol\u00edtica y de respeto a las instituciones dise\u00f1adas y contenidas en la Constituci\u00f3n General de la Rep\u00fablica.<\/p>\n\n\n\n<p>La propuesta se basa en un criterio elemental. El INE no est\u00e1 dispuesto a incumplir sus responsabilidades jur\u00eddicas, organizando un proceso de consulta p\u00fablica que no cumpla con las exigencias que determinan la Constituci\u00f3n y la ley por la falta de recursos econ\u00f3micos.<\/p>\n\n\n\n<p>Con rigor t\u00e9cnico, el Instituto ha sostenido que es imposible desahogar, con respeto a los principios que rigen la materia electoral y con apego a las normas establecidas en la Ley Federal de Revocaci\u00f3n de Mandato, un ejercicio de ese tipo con los recursos que fueron determinados para ese prop\u00f3sito, por los diputados de morena al aprobar el PEF para el Ejercicio Fiscal 2022.<\/p>\n\n\n\n<p>El Consejo General del Instituto propone que se determine, que en tanto no se resuelva por las instancias competentes el diferendo presupuestal, no es posible continuar desarrollando las actividades para la organizaci\u00f3n del proceso de revocaci\u00f3n de mandato del presidente de la Rep\u00fablica.<\/p>\n\n\n\n<p>Pues este acuerdo, es para los seguidores del presidente, motivo suficiente para inconformarse, alzar la voz e incluso, amenazar a los consejeros y consejeras que votaron a favor con instaurarles juicio pol\u00edtico.<\/p>\n\n\n\n<p>Es incre\u00edble que en este pa\u00eds los partidos de oposici\u00f3n PAN-PRI-PRD y MC, no estemos exigiendo ni promoviendo la revocaci\u00f3n de mandato para que se vaya el presidente, pero en la l\u00f3gica del absurdo, la l\u00f3gica de la sin raz\u00f3n, es el partido gobernante y sus partidos aliados los que est\u00e1n en esta promoci\u00f3n y exigencia desbocada.<\/p>\n\n\n\n<p>Ahora el Pleno de la Suprema Corte de Justicia de la Naci\u00f3n, as\u00ed como la Sala Superior del Poder Judicial Federal tendr\u00e1n en sus manos la soluci\u00f3n definitiva de este tema.<\/p>\n\n\n\n<p>Que bueno que as\u00ed se resuelva el diferendo y no con bravuconadas que a nada nos conducen.<\/p>\n\n\n\n<p>*Es Diputado Federal por el Distrito 10 con cabecera en San Pedro Cholula<\/p>\n","protected":false},"excerpt":{"rendered":"<p>Por Humberto Aguilar Coronado El martes de la semana pasada escrib\u00ed mi columna advirtiendo que segu\u00eda el acoso, desde la [&hellip;]<\/p>\n","protected":false},"author":1,"featured_media":17975,"comment_status":"open","ping_status":"open","sticky":false,"template":"","format":"standard","meta":{"site-sidebar-layout":"default","site-content-layout":"","ast-site-content-layout":"default","site-content-style":"default","site-sidebar-style":"default","ast-global-header-display":"","ast-banner-title-visibility":"","ast-main-header-display":"","ast-hfb-above-header-display":"","ast-hfb-below-header-display":"","ast-hfb-mobile-header-display":"","site-post-title":"","ast-breadcrumbs-content":"","ast-featured-img":"","footer-sml-layout":"","theme-transparent-header-meta":"","adv-header-id-meta":"","stick-header-meta":"","header-above-stick-meta":"","header-main-stick-meta":"","header-below-stick-meta":"","astra-migrate-meta-layouts":"default","ast-page-background-enabled":"default","ast-page-background-meta":{"desktop":{"background-color":"var(--ast-global-color-4)","background-image":"","background-repeat":"repeat","background-position":"center center","background-size":"auto","background-attachment":"scroll","background-type":"","background-media":"","overlay-type":"","overlay-color":"","overlay-opacity":"","overlay-gradient":""},"tablet":{"background-color":"","background-image":"","background-repeat":"repeat","background-position":"center center","background-size":"auto","background-attachment":"scroll","background-type":"","background-media":"","overlay-type":"","overlay-color":"","overlay-opacity":"","overlay-gradient":""},"mobile":{"background-color":"","background-image":"","background-repeat":"repeat","background-position":"center center","background-size":"auto","background-attachment":"scroll","background-type":"","background-media":"","overlay-type":"","overlay-color":"","overlay-opacity":"","overlay-gradient":""}},"ast-content-background-meta":{"desktop":{"background-color":"var(--ast-global-color-5)","background-image":"","background-repeat":"repeat","background-position":"center center","background-size":"auto","background-attachment":"scroll","background-type":"","background-media":"","overlay-type":"","overlay-color":"","overlay-opacity":"","overlay-gradient":""},"tablet":{"background-color":"var(--ast-global-color-5)","background-image":"","background-repeat":"repeat","background-position":"center center","background-size":"auto","background-attachment":"scroll","background-type":"","background-media":"","overlay-type":"","overlay-color":"","overlay-opacity":"","overlay-gradient":""},"mobile":{"background-color":"var(--ast-global-color-5)","background-image":"","background-repeat":"repeat","background-position":"center center","background-size":"auto","background-attachment":"scroll","background-type":"","background-media":"","overlay-type":"","overlay-color":"","overlay-opacity":"","overlay-gradient":""}},"footnotes":""},"categories":[8,18],"tags":[885,3614],"class_list":["post-17965","post","type-post","status-publish","format-standard","has-post-thumbnail","hentry","category-noticias","category-palabra-de-tigre","tag-ine","tag-revocacion-de-mandato"],"_links":{"self":[{"href":"https:\/\/losperiodistas.com.mx\/portal\/wp-json\/wp\/v2\/posts\/17965","targetHints":{"allow":["GET"]}}],"collection":[{"href":"https:\/\/losperiodistas.com.mx\/portal\/wp-json\/wp\/v2\/posts"}],"about":[{"href":"https:\/\/losperiodistas.com.mx\/portal\/wp-json\/wp\/v2\/types\/post"}],"author":[{"embeddable":true,"href":"https:\/\/losperiodistas.com.mx\/portal\/wp-json\/wp\/v2\/users\/1"}],"replies":[{"embeddable":true,"href":"https:\/\/losperiodistas.com.mx\/portal\/wp-json\/wp\/v2\/comments?post=17965"}],"version-history":[{"count":1,"href":"https:\/\/losperiodistas.com.mx\/portal\/wp-json\/wp\/v2\/posts\/17965\/revisions"}],"predecessor-version":[{"id":17976,"href":"https:\/\/losperiodistas.com.mx\/portal\/wp-json\/wp\/v2\/posts\/17965\/revisions\/17976"}],"wp:featuredmedia":[{"embeddable":true,"href":"https:\/\/losperiodistas.com.mx\/portal\/wp-json\/wp\/v2\/media\/17975"}],"wp:attachment":[{"href":"https:\/\/losperiodistas.com.mx\/portal\/wp-json\/wp\/v2\/media?parent=17965"}],"wp:term":[{"taxonomy":"category","embeddable":true,"href":"https:\/\/losperiodistas.com.mx\/portal\/wp-json\/wp\/v2\/categories?post=17965"},{"taxonomy":"post_tag","embeddable":true,"href":"https:\/\/losperiodistas.com.mx\/portal\/wp-json\/wp\/v2\/tags?post=17965"}],"curies":[{"name":"wp","href":"https:\/\/api.w.org\/{rel}","templated":true}]}}